{"id":157971,"date":"2025-10-05T12:54:08","date_gmt":"2025-10-05T12:54:08","guid":{"rendered":"https:\/\/www.europesays.com\/es\/157971\/"},"modified":"2025-10-05T12:54:08","modified_gmt":"2025-10-05T12:54:08","slug":"la-nasa-confirma-su-rumbo-a-la-luna-y-anuncia-que-la-proxima-mision-tripulada-ya-tiene-fecha-se-esta-acelerando-todo-vandal","status":"publish","type":"post","link":"https:\/\/www.europesays.com\/es\/157971\/","title":{"rendered":"La NASA confirma su rumbo a la Luna y anuncia que la pr\u00f3xima misi\u00f3n tripulada ya tiene fecha: &#039;Se est\u00e1 acelerando todo&#039; &#8211; Vandal"},"content":{"rendered":"<ol>\n<li><a href=\"https:\/\/news.google.com\/rss\/articles\/CBMi9gFBVV95cUxPZ2dGWkpDQXJHc1lwY3JGREoxTWtPQWJGLUFjYTNRdGN4Um1sOVRVNld4dVYzemV1WXFwSVFnM3k0QTktb1VlV3AxNVc0a0JwY2tsYUZJR2k0TVdkWjlpNEp4V3otTmoydmVCN2FOYzZsTTdOWDlYZE5sd0pQbW1WRHdONHNpdTlFbWlYQm9GbXQ0NlJXSE16SGpxNU9IMTd5Y1NRY3hMVmVIUGFxa2VoNmhiWTNfWUVyNWJDOWllNEw1YjhINXdqY3cyY1hoVEhLaW9YTXpiZG5uR0xNNW5vOE9hUDFPT2J3SGRidjlhMDdrdzNjY1HSAfsBQVVfeXFMT0ZLQ0M5VkRGNmlpOWd3cGN6eHdXa2U2ek9uMkl0a0U4QVI4alAybFFzWmdCeS1oc2xzTTctTVJFNHluSU1PazlrNDhlZW9IMHg3SUpLWk0yQ1pIZ2NxMXZ4bnNqQndoVXpobTZSZ2dlbklyZXJObkNLNVprM2pZZTV2QjVGZmtLam5XcHBKT2dfbXgzRkV1cjd3UndBUkozMUM1c1M1eU1LeXB2RWtOU1NkejBNaU9oMkl0bG5VZ1hSeFhXdXNQZ2IzdENEMkk3XzhsZ25HbGRPT21Ra1AxRTZjQlNGc2phTG1sNWhPQzNvMnZBeHpXaE95VTQ?oc=5\" target=\"_blank\" rel=\"nofollow noopener\">La NASA confirma su rumbo a la Luna y anuncia que la pr\u00f3xima misi\u00f3n tripulada ya tiene fecha: &#8216;Se est\u00e1 acelerando todo&#8217;<\/a>&nbsp;&nbsp;Vandal<\/li>\n<li><a href=\"https:\/\/news.google.com\/rss\/articles\/CBMiugFBVV95cUxOcjl5R3VyS0RMbVhNaEFVSEVyY21adEdGR2VQejA1emtpYkd0cHA2UzdBVXhFRXFNc2RXRmc3X2RqLUNVWlVRLW0zUXVpSWdxb1JydFl5dkJwYUR4dzY2Mk10UlFmSTNBUm9KYld0eVFWejdEQVhfV1YxMGlibEV6X1NyQ2I5WjNtZUlXeVpJaEwwZEdTVVo1VDZrQ1RCRUNOZ3BLV1JhMkdpOGhaYzR4X0hSeGVfNG1aVHc?oc=5\" target=\"_blank\" rel=\"nofollow noopener\">La misi\u00f3n Artemis II de la NASA volar\u00e1 alrededor de la Luna en febrero de 2026<\/a>&nbsp;&nbsp;Euronews.com<\/li>\n<li><a href=\"https:\/\/news.google.com\/rss\/articles\/CBMitAFBVV95cUxPYnlTelJyNFpyVVlfcThuSG8xaERXRUVGRExUSmJhRW5SeHNUMTAzNUh4LVlzOG5ycDBKa0FSaGUzbGxsNHE4WUhtRGpHVVFkcURSMXJBXzUzQXdVc2JiVUhXeC03M2lHR05laU8tM3JIT19DUHgzOTZJTmRmNXNIVWFjQ3BaRnl2M0w3NXhMQTZRM2NlbFRNcVlta1NucWt0TDB2R2ZFOGFqWkVuNENxUFZ4YkY?oc=5\" target=\"_blank\" rel=\"nofollow noopener\">Novedades sobre la misi\u00f3n Artemisa II: fecha de lanzamiento y nombre de la c\u00e1psula &#8211;<\/a>&nbsp;&nbsp;El Tiempo<\/li>\n<li><a href=\"https:\/\/news.google.com\/rss\/articles\/CBMiYEFVX3lxTE9OYkFqUWpXaG5PYm5QbXNZcXJJdWFhQkNBVFo5azc3MTYyUzFpbVBSdXYtc1VWcmVZOUU5dFJyNm93dURtTGVzZlNwUGNpdnlhdFc4ZGc1TGxyNWFaQW9TTA?oc=5\" target=\"_blank\" rel=\"nofollow noopener\">Adi\u00f3s a los mitos: volver a la Luna no es rentable&#8230; pero ya fijan un plazo para volver a pisarla<\/a>&nbsp;&nbsp;Blanquivioletas<\/li>\n<li><a href=\"https:\/\/news.google.com\/rss\/articles\/CBMiW0FVX3lxTE4zdV8wV2pmQko2SEpCak1Yd2VTUnFIczFYRVpzWnRJU1lIRW01aXdvQk5DTVhIRC1QcGxDQnlYWG10OWlpb0J5emxxelBHdS1rUVZ0WWtSY3RITkE?oc=5\" target=\"_blank\" rel=\"nofollow noopener\">\u00abUna foto me inspir\u00f3 a ser astronauta\u00bb: qui\u00e9n es Christina Koch, la primera mujer que viajar\u00e1 a la Luna a bordo de la misi\u00f3n Artemis II de la NASA<\/a>&nbsp;&nbsp;BBC<\/li>\n<\/ol>\n","protected":false},"excerpt":{"rendered":"La NASA confirma su rumbo a la Luna y anuncia que la pr\u00f3xima misi\u00f3n tripulada ya tiene fecha:&hellip;\n","protected":false},"author":2,"featured_media":157972,"comment_status":"","ping_status":"","sticky":false,"template":"","format":"standard","meta":{"footnotes":""},"categories":[81],"tags":[119,123,124,25,24,2065,117,121,122,23,118,120],"class_list":{"0":"post-157971","1":"post","2":"type-post","3":"status-publish","4":"format-standard","5":"has-post-thumbnail","7":"category-ciencia-y-tecnologia","8":"tag-ciencia","9":"tag-ciencia-y-tecnologia","10":"tag-cienciaytecnologia","11":"tag-es","12":"tag-espana","13":"tag-faltan-tags","14":"tag-science","15":"tag-science-and-technology","16":"tag-scienceandtechnology","17":"tag-spain","18":"tag-technology","19":"tag-tecnologia"},"share_on_mastodon":{"url":"","error":""},"_links":{"self":[{"href":"https:\/\/www.europesays.com\/es\/wp-json\/wp\/v2\/posts\/157971","targetHints":{"allow":["GET"]}}],"collection":[{"href":"https:\/\/www.europesays.com\/es\/wp-json\/wp\/v2\/posts"}],"about":[{"href":"https:\/\/www.europesays.com\/es\/wp-json\/wp\/v2\/types\/post"}],"author":[{"embeddable":true,"href":"https:\/\/www.europesays.com\/es\/wp-json\/wp\/v2\/users\/2"}],"replies":[{"embeddable":true,"href":"https:\/\/www.europesays.com\/es\/wp-json\/wp\/v2\/comments?post=157971"}],"version-history":[{"count":0,"href":"https:\/\/www.europesays.com\/es\/wp-json\/wp\/v2\/posts\/157971\/revisions"}],"wp:featuredmedia":[{"embeddable":true,"href":"https:\/\/www.europesays.com\/es\/wp-json\/wp\/v2\/media\/157972"}],"wp:attachment":[{"href":"https:\/\/www.europesays.com\/es\/wp-json\/wp\/v2\/media?parent=157971"}],"wp:term":[{"taxonomy":"category","embeddable":true,"href":"https:\/\/www.europesays.com\/es\/wp-json\/wp\/v2\/categories?post=157971"},{"taxonomy":"post_tag","embeddable":true,"href":"https:\/\/www.europesays.com\/es\/wp-json\/wp\/v2\/tags?post=157971"}],"curies":[{"name":"wp","href":"https:\/\/api.w.org\/{rel}","templated":true}]}}