{"id":157975,"date":"2025-10-05T12:56:10","date_gmt":"2025-10-05T12:56:10","guid":{"rendered":"https:\/\/www.europesays.com\/es\/157975\/"},"modified":"2025-10-05T12:56:10","modified_gmt":"2025-10-05T12:56:10","slug":"rusia-ataca-masivamente-toda-ucrania-y-golpea-con-dureza-zaporiyia-y-leopolis","status":"publish","type":"post","link":"https:\/\/www.europesays.com\/es\/157975\/","title":{"rendered":"Rusia ataca masivamente toda Ucrania y golpea con dureza Zaporiyia y Le\u00f3polis"},"content":{"rendered":"<p data-gtm-element-container=\"modulo-texto-link\" class=\"paragraph\">Rusia lanz\u00f3 en la noche del s\u00e1bado al domingo una ofensiva masiva con drones y misiles contra todo el territorio de Ucrania, del este al oeste, que golpe\u00f3 con especial dureza las ciudades de Zaporiyia y Le\u00f3polis. El ataque, que dej\u00f3 al menos una v\u00edctima mortal y varios heridos, provoc\u00f3 cortes de electricidad, incendios y serios da\u00f1os en infraestructuras civiles, y llev\u00f3 a Polonia y a sus aliados de la OTAN a activar la <a href=\"https:\/\/www.lavanguardia.com\/alminuto\" target=\"_blank\" rel=\"noopener noreferrer nofollow\">alerta<\/a> en su espacio a\u00e9reo.<\/p>\n<p data-gtm-element-container=\"modulo-texto-link\" class=\"paragraph\">Seg\u00fan inform\u00f3 el Servicio Estatal de Emergencias (DSNS) ucraniano, en Zaporiyia muri\u00f3 una persona y otras diez resultaron heridas en un ataque combinado con drones y bombas a\u00e9reas guiadas. El jefe de la Administraci\u00f3n Militar Regional, Iv\u00e1n Fedorov, indic\u00f3 que hubo al menos diez impactos en distintos puntos de la ciudad, que afectaron tres distritos y da\u00f1aron ocho edificios de varias plantas, ocho viviendas particulares y varios inmuebles no residenciales.<\/p>\n<p>                <img loading=\"lazy\" decoding=\"async\" data-full-src=\"https:\/\/www.lavanguardia.com\/uploads\/2025\/10\/05\/68e22067e8bb5.jpeg\" alt=\"Horizontal\" width=\"449\" height=\"299\" src=\"https:\/\/www.europesays.com\/es\/wp-content\/uploads\/2025\/10\/68e22067e8bb5.jpeg\" class=\"lazy\"\/><\/p>\n<p class=\"caption-title \">Un rescatista ucraniano trabaja para extinguir un incendio en una casa tras un ataque a\u00e9reo en un lugar no revelado de la regi\u00f3n de Lviv<\/p>\n<p>                    HANDOUT \/ AFP<\/p>\n<p data-gtm-element-container=\"modulo-texto-link\" class=\"paragraph\">M\u00e1s de 73.000 abonados se quedaron sin electricidad y cerca de 300 sin suministro de gas despu\u00e9s de que las explosiones da\u00f1aran las tuber\u00edas, lo que oblig\u00f3 a cortar el servicio en la zona m\u00e1s afectada.<\/p>\n<p data-gtm-element-container=\"modulo-texto-link\" class=\"paragraph\">En Le\u00f3polis, ciudad situada cerca de la frontera polaca, parte de la metr\u00f3polis tambi\u00e9n se qued\u00f3 sin luz y se registraron varios incendios, entre ellos en un parque industrial. El bombardeo, que se extendi\u00f3 durante casi cinco horas, comenz\u00f3 en el este y avanz\u00f3 progresivamente hacia el centro y el oeste del pa\u00eds. La alerta a\u00e9rea se activ\u00f3 en la mayor\u00eda de regiones ucranianas, incluidas Kiev, Odesa, J\u00e1rkov, Rivne, V\u00ednnitsia, Cherkasi, Mykol\u00e1iv, Jmelnitski e Ivano-Frankivsk.<\/p>\n<p>                <img loading=\"lazy\" decoding=\"async\" data-full-src=\"https:\/\/www.lavanguardia.com\/uploads\/2025\/10\/05\/68e22085b10df.jpeg\" alt=\"Horizontal\" width=\"449\" height=\"299\" src=\"https:\/\/www.europesays.com\/es\/wp-content\/uploads\/2025\/10\/68e22085b10df.jpeg\" class=\"lazy\"\/><\/p>\n<p class=\"caption-title \">Rescatistas ucranianos trabajan entre los escombros de un edificio tras un ataque a\u00e9reo en un lugar no revelado de la regi\u00f3n de Lviv<\/p>\n<p>                    HANDOUT \/ AFP<\/p>\n<p>Polonia y la OTAN se movilizan por el ataque<\/p>\n<p data-gtm-element-container=\"modulo-texto-link\" class=\"paragraph\">Ante la proximidad del ataque a su frontera oriental, Polonia y sus aliados de la OTAN activaron durante la madrugada medidas de alerta a\u00e9rea para garantizar la seguridad de su espacio a\u00e9reo.<\/p>\n<p>    Lee tambi\u00e9n<\/p>\n<p data-gtm-element-container=\"modulo-texto-link\" class=\"paragraph\">El Mando Operativo de las Fuerzas Armadas polacas inform\u00f3 en la red social X de que se pusieron en marcha los procedimientos de m\u00e1xima alerta para los cazas polacos y aliados, junto con los sistemas de defensa antia\u00e9rea y de reconocimiento por radar. Estas medidas, de car\u00e1cter preventivo, buscan proteger a la poblaci\u00f3n en las zonas pr\u00f3ximas a la frontera y responder ante una posible incursi\u00f3n en el espacio a\u00e9reo aliado.<\/p>\n<p data-gtm-element-container=\"modulo-texto-link\" class=\"paragraph\">El operativo de reacci\u00f3n dur\u00f3 casi cinco horas, coincidiendo con la duraci\u00f3n del bombardeo ruso, y cont\u00f3 con el apoyo a\u00e9reo de cazas F-35 de las Fuerzas Armadas de los Pa\u00edses Bajos, que colaboraron en la vigilancia del cielo polaco.<\/p>\n","protected":false},"excerpt":{"rendered":"Rusia lanz\u00f3 en la noche del s\u00e1bado al domingo una ofensiva masiva con drones y misiles contra todo&hellip;\n","protected":false},"author":2,"featured_media":157976,"comment_status":"","ping_status":"","sticky":false,"template":"","format":"standard","meta":{"footnotes":""},"categories":[42],"tags":[17,18,13,14,11,61,62,63,64,19,20,9,10,15,16,12,21,22,65,66,67],"class_list":{"0":"post-157975","1":"post","2":"type-post","3":"status-publish","4":"format-standard","5":"has-post-thumbnail","7":"category-internacional","8":"tag-breaking-news","9":"tag-breakingnews","10":"tag-featured-news","11":"tag-featurednews","12":"tag-headlines","13":"tag-internacional","14":"tag-international","15":"tag-international-news","16":"tag-internationalnews","17":"tag-latest-news","18":"tag-latestnews","19":"tag-news","20":"tag-noticias","21":"tag-noticias-destacadas","22":"tag-noticiasdestacadas","23":"tag-titulares","24":"tag-ultimas-noticias","25":"tag-ultimasnoticias","26":"tag-world","27":"tag-world-news","28":"tag-worldnews"},"share_on_mastodon":{"url":"","error":""},"_links":{"self":[{"href":"https:\/\/www.europesays.com\/es\/wp-json\/wp\/v2\/posts\/157975","targetHints":{"allow":["GET"]}}],"collection":[{"href":"https:\/\/www.europesays.com\/es\/wp-json\/wp\/v2\/posts"}],"about":[{"href":"https:\/\/www.europesays.com\/es\/wp-json\/wp\/v2\/types\/post"}],"author":[{"embeddable":true,"href":"https:\/\/www.europesays.com\/es\/wp-json\/wp\/v2\/users\/2"}],"replies":[{"embeddable":true,"href":"https:\/\/www.europesays.com\/es\/wp-json\/wp\/v2\/comments?post=157975"}],"version-history":[{"count":0,"href":"https:\/\/www.europesays.com\/es\/wp-json\/wp\/v2\/posts\/157975\/revisions"}],"wp:featuredmedia":[{"embeddable":true,"href":"https:\/\/www.europesays.com\/es\/wp-json\/wp\/v2\/media\/157976"}],"wp:attachment":[{"href":"https:\/\/www.europesays.com\/es\/wp-json\/wp\/v2\/media?parent=157975"}],"wp:term":[{"taxonomy":"category","embeddable":true,"href":"https:\/\/www.europesays.com\/es\/wp-json\/wp\/v2\/categories?post=157975"},{"taxonomy":"post_tag","embeddable":true,"href":"https:\/\/www.europesays.com\/es\/wp-json\/wp\/v2\/tags?post=157975"}],"curies":[{"name":"wp","href":"https:\/\/api.w.org\/{rel}","templated":true}]}}