{"id":157977,"date":"2025-10-05T12:57:11","date_gmt":"2025-10-05T12:57:11","guid":{"rendered":"https:\/\/www.europesays.com\/es\/157977\/"},"modified":"2025-10-05T12:57:11","modified_gmt":"2025-10-05T12:57:11","slug":"la-espanola-accidentada-en-tailandia-continua-en-el-hospital-un-ano-despues","status":"publish","type":"post","link":"https:\/\/www.europesays.com\/es\/157977\/","title":{"rendered":"la espa\u00f1ola accidentada en Tailandia contin\u00faa en el hospital un a\u00f1o despu\u00e9s"},"content":{"rendered":"<p class=\"voc-p\" style=\"\"><strong>\u00c1ngela Agudo<\/strong>, la joven valenciana que sufri\u00f3 un grave accidente de moto en la isla de Samui, <a href=\"https:\/\/www.abc.es\/espana\/comunidad-valenciana\/valenciana-sufrio-accidente-tailandia-cumple-nueve-meses-20250707124924-nt.html\" target=\"_blank\" data-voc-vtm-id=\"in-text-traffic\" title=\"Tailandia\" rel=\"nofollow noopener\">Tailandia<\/a>, cumple <strong>un a\u00f1o hospitalizada<\/strong>. Fue un 6 de octubre cuando qued\u00f3 en coma inducido tras un traumatismo craneoencef\u00e1lico e ingres\u00f3 en la UCI de un centro sanitario con costes m\u00e9dicos muy elevados que pronto super\u00f3 el seguro de su viaje. Un mes despu\u00e9s, su familia obr\u00f3 sin ayuda de la Administraci\u00f3n su regreso a Espa\u00f1a pero s\u00ed gracias a la solidaridad ciudadana.<\/p>\n<p class=\"voc-p\" style=\"\">Como ha venido informando puntualmente ABC, la situaci\u00f3n cl\u00ednica de \u00c1ngela es muy delicada. Su familia, a trav\u00e9s de una cuenta en Instagram, sol\u00eda detallar los peque\u00f1os avances logrados, pero desde hace meses guarda silencio. Con motivo del<strong> aniversario del accidente<\/strong>, este peri\u00f3dico ha tratado de ponerse en contacto con algunos de sus m\u00e1s cercanos allegados, que han declinado toda propuesta de hacer declaraciones p\u00fablicas sobre su complejo estado, ante el que los m\u00e9dicos no se aventuras a dar plazos.<\/p>\n<p class=\"voc-p\" style=\"\">Tras un mes hospitalizada en un hospital de Tailandia, sus familiares abrieron una campa\u00f1a de crowdfunding -micromecenazgo- mediante la plataforma GoFundMe, donde consiguieron recaudar en pocos d\u00edas m\u00e1s de <strong>300.000 euros<\/strong><strong\/>. En todo momento, se comprometieron a ser transparentes publicando todas las facturas de los gastos para la hospitalizaci\u00f3n y repatriaci\u00f3n a territorio nacional. Incluso este peri\u00f3dico public\u00f3 <a href=\"https:\/\/www.abc.es\/espana\/comunidad-valenciana\/factura-traer-vuelta-espanola-hospitalizada-tailandia-400000-20250127123854-nt.html\" target=\"_blank\" data-voc-vtm-id=\"in-text-traffic\" title=\"la cantidad de dinero\" rel=\"nofollow noopener\">la cantidad de dinero<\/a> que tuvieron que tributar a Hacienda por las donaciones.<\/p>\n<p class=\"voc-p\" style=\"\">En un primer t\u00e9rmino, solicitaron ayuda al Gobierno para que fletaran un avi\u00f3n medicalizado de la flota de la Unidad M\u00e9dica de Aeroevacuaci\u00f3n (UMAER) del Ejercito del Aire, como se ha hecho en casos anteriores de compatriotas heridos en otros pa\u00edses del mundo, pero esta petici\u00f3n fue rechazada. El <strong>Ministerio de Defensa<\/strong> que dirige Margarita Robles aludi\u00f3 que todas las aeronaves estaban desplegadas en Canarias cumpliendo misiones especiales, lo que imposibilitaba su uso para trasladar a \u00c1ngela.<\/p>\n<p class=\"voc-p\" style=\"\">Ante la negativa estatal, la familia de \u00c1ngela coste\u00f3 el<strong> avi\u00f3n medicalizado<\/strong> que la trajo de vuelta a comienzos de noviembre en un vuelo con escalas en Dub\u00e1i y Z\u00farich, acompa\u00f1ada de un equipo m\u00e9dico hasta el momento de su ingreso en la UCI del Hospital La Fe de Valencia, donde permanec\u00eda hasta hace unos meses. Ahora, prosigue su recuperaci\u00f3n en otro centro sanitario de la capital del Turia.<\/p>\n<p class=\"voc-p\" style=\"\">Durante todo este tiempo, ha sido sometida a diferentes <strong>intervenciones quir\u00fargicas<\/strong>. Seg\u00fan ven\u00eda informando la familia, llegaron a retirarle la traqueotom\u00eda y comenz\u00f3 a respirar por si misma, llegando en alg\u00fan momento a abrir un ojo pero sin una recuperaci\u00f3n neurol\u00f3gica significativa. <\/p>\n<p class=\"voc-p\" style=\"\">No obstante, su estado de salud contin\u00faa siendo delicado y su rehabilitaci\u00f3n compleja. \u00abA veces damos dos pasos hacia delante y uno hacia atr\u00e1s, y es un c\u00edrculo complicado de explicar por el momento\u00bb, se\u00f1alaba su familia en su \u00faltimo comunicado en redes sociales. \u00abTiene un ej\u00e9rcito de personas esperando en la orilla y unos brazos que la cuidan y llenan de amor sus d\u00edas\u00bb, a\u00f1ad\u00eda.<\/p>\n<p>\nGastos m\u00e9dicos e impuestos\n<\/p>\n<p class=\"voc-p\" style=\"\">Los gastos m\u00e9dicos en Tailandia ascendieron alrededor de 5.000 euros diarios. La familia ha mostrado facturas del hospital de Koh Samui y Bangkok Samui Hospital, por ejemplo m\u00e1s de 23.300 euros en env\u00edos al hospital para cubrir su estancia, una vez agotado el seguro. <\/p>\n<p class=\"voc-p\" style=\"\">Asimismo, el avi\u00f3n medicalizado les cost\u00f3 240.890 euros y de los m\u00e1s de 300.000 euros recaudados descontaron las comisiones de la plataforma GoFundMe (alrededor de 15.696,97 \u20ac). Adem\u00e1s, la familia realiz\u00f3 diferentes pagos a Hacienda por las donaciones recibidas. <\/p>\n<p class=\"voc-p\" style=\"\">Por una de las cuentas abonaron 32.000 euros, y en otra cerca 104.000 euros, lo que sit\u00faa el total en m\u00e1s de 135.000 solo en impuestos. Tambi\u00e9n<strong> donaron parte de lo recaudado<\/strong>: cerca de 78.000 euros fueron entregados a la Fundaci\u00f3n \u00c1ngel Nieto, enfocada en la ayuda a v\u00edctimas de accidentes de tr\u00e1fico.<\/p>\n<p>Reportar un error<\/p>\n","protected":false},"excerpt":{"rendered":"\u00c1ngela Agudo, la joven valenciana que sufri\u00f3 un grave accidente de moto en la isla de Samui, Tailandia,&hellip;\n","protected":false},"author":2,"featured_media":157978,"comment_status":"","ping_status":"","sticky":false,"template":"","format":"standard","meta":{"footnotes":""},"categories":[8],"tags":[47094,6732,12031,1611,17,18,10600,987,25,24,2501,13,14,11,47095,19,20,9,10,15,16,23,2066,12,21,22],"class_list":{"0":"post-157977","1":"post","2":"type-post","3":"status-publish","4":"format-standard","5":"has-post-thumbnail","7":"category-espana","8":"tag-accidentada","9":"tag-agudo","10":"tag-angela","11":"tag-ano","12":"tag-breaking-news","13":"tag-breakingnews","14":"tag-continua","15":"tag-despues","16":"tag-es","17":"tag-espana","18":"tag-espanola","19":"tag-featured-news","20":"tag-featurednews","21":"tag-headlines","22":"tag-hospitalizada","23":"tag-latest-news","24":"tag-latestnews","25":"tag-news","26":"tag-noticias","27":"tag-noticias-destacadas","28":"tag-noticiasdestacadas","29":"tag-spain","30":"tag-tailandia","31":"tag-titulares","32":"tag-ultimas-noticias","33":"tag-ultimasnoticias"},"share_on_mastodon":{"url":"","error":""},"_links":{"self":[{"href":"https:\/\/www.europesays.com\/es\/wp-json\/wp\/v2\/posts\/157977","targetHints":{"allow":["GET"]}}],"collection":[{"href":"https:\/\/www.europesays.com\/es\/wp-json\/wp\/v2\/posts"}],"about":[{"href":"https:\/\/www.europesays.com\/es\/wp-json\/wp\/v2\/types\/post"}],"author":[{"embeddable":true,"href":"https:\/\/www.europesays.com\/es\/wp-json\/wp\/v2\/users\/2"}],"replies":[{"embeddable":true,"href":"https:\/\/www.europesays.com\/es\/wp-json\/wp\/v2\/comments?post=157977"}],"version-history":[{"count":0,"href":"https:\/\/www.europesays.com\/es\/wp-json\/wp\/v2\/posts\/157977\/revisions"}],"wp:featuredmedia":[{"embeddable":true,"href":"https:\/\/www.europesays.com\/es\/wp-json\/wp\/v2\/media\/157978"}],"wp:attachment":[{"href":"https:\/\/www.europesays.com\/es\/wp-json\/wp\/v2\/media?parent=157977"}],"wp:term":[{"taxonomy":"category","embeddable":true,"href":"https:\/\/www.europesays.com\/es\/wp-json\/wp\/v2\/categories?post=157977"},{"taxonomy":"post_tag","embeddable":true,"href":"https:\/\/www.europesays.com\/es\/wp-json\/wp\/v2\/tags?post=157977"}],"curies":[{"name":"wp","href":"https:\/\/api.w.org\/{rel}","templated":true}]}}