{"id":157979,"date":"2025-10-05T12:58:39","date_gmt":"2025-10-05T12:58:39","guid":{"rendered":"https:\/\/www.europesays.com\/es\/157979\/"},"modified":"2025-10-05T12:58:39","modified_gmt":"2025-10-05T12:58:39","slug":"la-comunidad-de-madrid-estudia-el-consumo-de-kombucha-enriquecida-con-fibra-para-mejorar-la-microbiota-intestinal-y-los-trigliceridos","status":"publish","type":"post","link":"https:\/\/www.europesays.com\/es\/157979\/","title":{"rendered":"La Comunidad de Madrid estudia el consumo de kombucha enriquecida con fibra para mejorar la microbiota intestinal y los triglic\u00e9ridos"},"content":{"rendered":"<p>La Comunidad de Madrid estudia c\u00f3mo el consumo de kombucha enriquecida con fibra puede tener un impacto positivo en la salud intestinal y la regulaci\u00f3n metab\u00f3lica. El Instituto Madrile\u00f1o de Estudios Avanzados IMDEA Nutrici\u00f3n de la capital ha realizado una investigaci\u00f3n pionera sobre esta bebida de t\u00e9 fermentado en la que se ha evidenciado una reducci\u00f3n en los niveles de triglic\u00e9ridos, adem\u00e1s de otras mejoras en la microbiota con la proliferaci\u00f3n de bacterias beneficiosas y la reducci\u00f3n de otras que provocan inflamaci\u00f3n.<\/p>\n","protected":false},"excerpt":{"rendered":"La Comunidad de Madrid estudia c\u00f3mo el consumo de kombucha enriquecida con fibra puede tener un impacto positivo&hellip;\n","protected":false},"author":2,"featured_media":157980,"comment_status":"","ping_status":"","sticky":false,"template":"","format":"standard","meta":{"footnotes":""},"categories":[5],"tags":[17,18,25,24,13,14,11,19,20,9,10,15,16,23,12,21,22],"class_list":{"0":"post-157979","1":"post","2":"type-post","3":"status-publish","4":"format-standard","5":"has-post-thumbnail","7":"category-titulares","8":"tag-breaking-news","9":"tag-breakingnews","10":"tag-es","11":"tag-espana","12":"tag-featured-news","13":"tag-featurednews","14":"tag-headlines","15":"tag-latest-news","16":"tag-latestnews","17":"tag-news","18":"tag-noticias","19":"tag-noticias-destacadas","20":"tag-noticiasdestacadas","21":"tag-spain","22":"tag-titulares","23":"tag-ultimas-noticias","24":"tag-ultimasnoticias"},"share_on_mastodon":{"url":"","error":""},"_links":{"self":[{"href":"https:\/\/www.europesays.com\/es\/wp-json\/wp\/v2\/posts\/157979","targetHints":{"allow":["GET"]}}],"collection":[{"href":"https:\/\/www.europesays.com\/es\/wp-json\/wp\/v2\/posts"}],"about":[{"href":"https:\/\/www.europesays.com\/es\/wp-json\/wp\/v2\/types\/post"}],"author":[{"embeddable":true,"href":"https:\/\/www.europesays.com\/es\/wp-json\/wp\/v2\/users\/2"}],"replies":[{"embeddable":true,"href":"https:\/\/www.europesays.com\/es\/wp-json\/wp\/v2\/comments?post=157979"}],"version-history":[{"count":0,"href":"https:\/\/www.europesays.com\/es\/wp-json\/wp\/v2\/posts\/157979\/revisions"}],"wp:featuredmedia":[{"embeddable":true,"href":"https:\/\/www.europesays.com\/es\/wp-json\/wp\/v2\/media\/157980"}],"wp:attachment":[{"href":"https:\/\/www.europesays.com\/es\/wp-json\/wp\/v2\/media?parent=157979"}],"wp:term":[{"taxonomy":"category","embeddable":true,"href":"https:\/\/www.europesays.com\/es\/wp-json\/wp\/v2\/categories?post=157979"},{"taxonomy":"post_tag","embeddable":true,"href":"https:\/\/www.europesays.com\/es\/wp-json\/wp\/v2\/tags?post=157979"}],"curies":[{"name":"wp","href":"https:\/\/api.w.org\/{rel}","templated":true}]}}