{"id":157985,"date":"2025-10-05T13:10:09","date_gmt":"2025-10-05T13:10:09","guid":{"rendered":"https:\/\/www.europesays.com\/es\/157985\/"},"modified":"2025-10-05T13:10:09","modified_gmt":"2025-10-05T13:10:09","slug":"nuevo-libro-de-muriel-feiner-avance-taurino","status":"publish","type":"post","link":"https:\/\/www.europesays.com\/es\/157985\/","title":{"rendered":"Nuevo libro de Muriel Feiner \u2013 Avance Taurino"},"content":{"rendered":"<p class=\"p1\">Desde La Gloria hasta Santa Mar\u00eda, conversaciones con \u00c1ngel Luis Bienvenida.<\/p>\n<p>\u00a0<\/p>\n<p>\u00a0<\/p>\n<p><strong>Miguel \u00c1ngel Herr\u00e1iz<\/strong><\/p>\n<p>\u00a0<\/p>\n<p>\u00a0<\/p>\n<p class=\"p1\">El pasado d\u00eda 3 de octubre, en la Sala Antonio Bienvenida de la plaza de Las Ventas, se present\u00f3 el \u00faltimo libro de Muriel Feiner, Desde La Gloria hasta Santa Mar\u00eda, conversaciones con \u00c1ngel Luis Bienvenida.<\/p>\n<p>La autora aclar\u00f3 que el t\u00edtulo Desde La Gloria\u2026 hace referencia a la finca familiar de los Bienvenida en Sevilla, y que Santa Mar\u00eda es en recuerdo a la Sacramental donde reposan los restos de los Bienvenida.<\/p>\n<p class=\"p1\">Glos\u00f3 c\u00f3mo las conversaciones, que dieron lugar al libro, comenzaron cuando \u00c1ngel Luis Bienvenida sac\u00f3 y puso sobre la mesa un \u00e1lbum familiar, con fotos realizadas desde el inicio taurino de los Bienvenida, agradeciendo a Miguel Mej\u00edas la ayuda prestada para continuar con el proyecto literario hasta la finalizaci\u00f3n del libro sobre su padre, \u00c1ngel Luis.<\/p>\n<p class=\"p1\">Miguel Bienvenida explic\u00f3 que para su progenitor, su t\u00edo Antonio Bienvenida fue su \u00eddolo y relat\u00f3 una an\u00e9cdota en la que su padre fue protagonista. Detall\u00f3 como \u00c1ngel Luis Bienvenida se retir\u00f3 al Mato Grosso para meditar en una \u00e9poca de reflexi\u00f3n sobre la vida. La persona que iba con \u00e9l desbrozando el camino, despejando la zona y cortando machete en mano todo lo que les estorbaba, observ\u00f3 como \u00c1ngel Luis se cans\u00f3 y apenas adelantaba tarea; en un momento dado le dijo: \u201cNo, con una mano solamente, no. Tienes que emplear tambi\u00e9n \u00a0la izquierda\u201d. \u00c1ngel Luis, algo airado le respondi\u00f3: \u201cHasta aqu\u00ed, en plena selva me vas a recordar que utilice la izquierda\u201d.<\/p>\n","protected":false},"excerpt":{"rendered":"Desde La Gloria hasta Santa Mar\u00eda, conversaciones con \u00c1ngel Luis Bienvenida. \u00a0 \u00a0 Miguel \u00c1ngel Herr\u00e1iz \u00a0 \u00a0&hellip;\n","protected":false},"author":2,"featured_media":157986,"comment_status":"","ping_status":"","sticky":false,"template":"","format":"standard","meta":{"footnotes":""},"categories":[172],"tags":[224,146,147,25,24,225,23],"class_list":{"0":"post-157985","1":"post","2":"type-post","3":"status-publish","4":"format-standard","5":"has-post-thumbnail","7":"category-libros","8":"tag-books","9":"tag-entertainment","10":"tag-entretenimiento","11":"tag-es","12":"tag-espana","13":"tag-libros","14":"tag-spain"},"share_on_mastodon":{"url":"","error":""},"_links":{"self":[{"href":"https:\/\/www.europesays.com\/es\/wp-json\/wp\/v2\/posts\/157985","targetHints":{"allow":["GET"]}}],"collection":[{"href":"https:\/\/www.europesays.com\/es\/wp-json\/wp\/v2\/posts"}],"about":[{"href":"https:\/\/www.europesays.com\/es\/wp-json\/wp\/v2\/types\/post"}],"author":[{"embeddable":true,"href":"https:\/\/www.europesays.com\/es\/wp-json\/wp\/v2\/users\/2"}],"replies":[{"embeddable":true,"href":"https:\/\/www.europesays.com\/es\/wp-json\/wp\/v2\/comments?post=157985"}],"version-history":[{"count":0,"href":"https:\/\/www.europesays.com\/es\/wp-json\/wp\/v2\/posts\/157985\/revisions"}],"wp:featuredmedia":[{"embeddable":true,"href":"https:\/\/www.europesays.com\/es\/wp-json\/wp\/v2\/media\/157986"}],"wp:attachment":[{"href":"https:\/\/www.europesays.com\/es\/wp-json\/wp\/v2\/media?parent=157985"}],"wp:term":[{"taxonomy":"category","embeddable":true,"href":"https:\/\/www.europesays.com\/es\/wp-json\/wp\/v2\/categories?post=157985"},{"taxonomy":"post_tag","embeddable":true,"href":"https:\/\/www.europesays.com\/es\/wp-json\/wp\/v2\/tags?post=157985"}],"curies":[{"name":"wp","href":"https:\/\/api.w.org\/{rel}","templated":true}]}}