{"id":15800,"date":"2025-07-31T07:37:11","date_gmt":"2025-07-31T07:37:11","guid":{"rendered":"https:\/\/www.europesays.com\/es\/15800\/"},"modified":"2025-07-31T07:37:11","modified_gmt":"2025-07-31T07:37:11","slug":"jose-manuel-ayllon-la-fe-y-el-arte-como-motivacion-ante-la-vida","status":"publish","type":"post","link":"https:\/\/www.europesays.com\/es\/15800\/","title":{"rendered":"Jos\u00e9 Manuel Ayll\u00f3n, la fe y el arte como motivaci\u00f3n ante la vida"},"content":{"rendered":"<p><img decoding=\"async\" class=\"voc-author__img\" src=\"https:\/\/www.europesays.com\/es\/wp-content\/uploads\/2025\/07\/autor-4363-foto-3.jpeg\" alt=\"Julia Garc\u00eda Higueras\"\/><\/p>\n<p class=\"voc-p\" style=\"\">Pintura o bordado, \u00e9sa es la cuesti\u00f3n cuando uno se va acercando a ver en detalle una obra del artista cordob\u00e9s <strong>Jos\u00e9 Manuel Ayll\u00f3n<\/strong> porque son cuadros realistas creados con aguja e hilo.<\/p>\n<p class=\"voc-p\" style=\"\">\u00abCuando el bordado llega a tal escala que a una m\u00ednima distancia el ojo humano<strong> no aprecia<\/strong> si es pintura, si es fotograf\u00eda o es bordado, se califica como pintura a la aguja y hasta que no est\u00e1s a 20 cent\u00edmetros no te percatas de que est\u00e1n hechos con aguja e hilo\u00bb. Es exactamente como lo define con sus propias palabras y lo que \u00e9l desarrolla desde el a\u00f1o 1997.<\/p>\n<p class=\"voc-p\" style=\"\">Este lunes dio a conocer en Sevilla dos obras, una con la Virgen del Roc\u00edo y otra, con el Se\u00f1or de la Redenci\u00f3n, <a href=\"https:\/\/hermandadredencion.com\/\" target=\"_self\" data-voc-vtm-id=\"in-text-traffic\" title=\"de la hermandad de la Redenci\u00f3n\" data-mrf-link=\"hermandadredencion.com\" rel=\"nofollow noopener\">de la hermandad de la Redenci\u00f3n<\/a>. Se trata de la primera vez que retrata con su t\u00e9cnica de <strong>pintura a la aguja<\/strong> y estilo &#8216;non finito&#8217; a las dos im\u00e1genes titulares de una misma hermandad de manera conjunta.<\/p>\n<p class=\"voc-p\" style=\"\">Non finito es porque se deja algo inacabado, abierto a <strong>la imaginaci\u00f3n<\/strong> del espectador en lo que queda en blanco, pero en general en su obra todo es macizo y aparece completado por entero.<\/p>\n<p><img decoding=\"async\" loading=\"lazy\" src=\"https:\/\/s2.abcstatics.com\/abc\/www\/multimedia\/espana\/2025\/07\/30\/ayllon-redencion-sevilla1-U65641538202TTH-760x427@diario_abc.jpg\" class=\"voc-img\" width=\"760\" height=\"427\" alt=\"Cuadros realizados con pintura a la aguja de los titulares de la Redendci\u00f3n de Sevilla\" data-voc-vtm-id=\"in-text-traffic\"\/><\/p>\n<p>Cuadros realizados con pintura a la aguja de los titulares de la Redendci\u00f3n de Sevilla<\/p>\n<p>J. M. AYLL\u00d3N<\/p>\n<p class=\"voc-p\" style=\"\">El perfil derecho del rostro de la Virgen lo inmortaliz\u00f3 en febrero para formar parte de una <strong>muestra colectiva<\/strong> en torno a la mirada de la Madre de Dios y la escogi\u00f3 por su coronaci\u00f3n can\u00f3nica. Al poco pens\u00f3 en hacer otro complementario con el rostro del Se\u00f1or, y esta pareja de obras se bendijo el lunes 28 de julio. <\/p>\n<p class=\"voc-p\" style=\"\">El vicario parroquial de la Real Parroquia de Santa Mar\u00eda Magdalena de Sevilla, <strong>\u00c1ngel Antonio Failde<\/strong> Rodr\u00edguez, los bendijo tras la misa de la tarde del 28 de julio. En esta ocasi\u00f3n ha utilizado sendas fotograf\u00edas hechas por Juan Alberto Garc\u00eda Acevedo.<\/p>\n<p class=\"voc-p\" style=\"\">La gama crom\u00e1tica de hilos es de <strong>460 colores<\/strong> diferentes, todos de algod\u00f3n y primero crea bocetos y es vital \u00abno equivocarte en ni una sola puntada. Con que te equivoques en una sola puntada, ya te has cargado el cuadro porque ya lo has desplazado. Un solo error y el cuadro ya no vale\u00bb, reconoce sobre la dificultad que entra\u00f1a.<\/p>\n<p><img decoding=\"async\" loading=\"lazy\" src=\"https:\/\/www.europesays.com\/es\/wp-content\/uploads\/2025\/07\/ayllon-redencion-sevilla2-U35252600480xkb-760x700@diario_abc.jpg\" class=\"voc-img\" width=\"760\" height=\"700\" alt=\"El cuadro 'Mi Soledad', de Jos\u00e9 Manuel Ayll\u00f3n\" data-voc-vtm-id=\"in-text-traffic\"\/><\/p>\n<p>El cuadro &#8216;Mi Soledad&#8217;, de Jos\u00e9 Manuel Ayll\u00f3n<\/p>\n<p>j. m. aYLL\u00d3N<\/p>\n<p class=\"voc-p\" style=\"\">La Semana Santa constituye una de sus mayores fuentes de inspiraci\u00f3n desde siempre. La obra <strong>&#8216;Mi Soledad&#8217;<\/strong>, en la que refleja a su venerada Soledad de C\u00f3rdoba, estar\u00e1 presidiendo sus exposiciones en solitario con la mayor parte de su producci\u00f3n art\u00edstica entre el 6 y el 17 de octubre, en el Ateneo de Sevilla, y a partir del 6 de noviembre, en la Diputaci\u00f3n de C\u00f3rdoba.<\/p>\n<p class=\"voc-p\" style=\"\">Otro de los que se ver\u00e1 en su muestra en el <strong>Ateneo de Sevilla<\/strong> junto a una treintena de cuadros ser\u00e1 el titulado &#8216;Charitas Christi&#8217;, el busto del Cristo de la Caridad, de la hermandad de Santa Marta, de Sevilla, que ense\u00f1ar\u00e1 en p\u00fablico por primera vez.<\/p>\n<p class=\"voc-p\" style=\"\">En cada obra invierte como m\u00ednimo entre <strong>dos meses<\/strong> y medio y tres meses de trabajo. En el de &#8216;Mi Soledad&#8217;, m\u00e1s grande con tama\u00f1o cartel, con el que subraya el <a href=\"https:\/\/www.abc.es\/espana\/andalucia\/cordoba\/semana-santa\/cultura-cultos-obra-social-celebrar-cincuentenario-soledad-20250111220844-nts.html\" target=\"_self\" data-voc-vtm-id=\"in-text-traffic\" title=\"50 aniversario fundacional de la cofrad\u00eda\" data-mrf-link=\"www.abc.es\" rel=\"nofollow noopener\">50 aniversario fundacional de la cofrad\u00eda<\/a>, estuvo <strong>ocho meses<\/strong> para rese\u00f1ar en pintura sobre plano todas las portadas de iglesias con las que tiene relaci\u00f3n su historia. <\/p>\n<p class=\"voc-p\" style=\"\">El pa\u00f1o de la santa mujer Ver\u00f3nica para la hermandad de la Santa Faz de C\u00f3rdoba en 2024 y el Se\u00f1or del Huerto tambi\u00e9n los inmortaliz\u00f3, as\u00ed como a m\u00fasicos de bandas de m\u00fasica procesional.<\/p>\n<p class=\"voc-p\" style=\"\">M\u00e1s all\u00e1 de la inspiraci\u00f3n cofrade, con la que comenz\u00f3 este cordob\u00e9s nacido <strong>en 1976, <\/strong>su campo de acci\u00f3n es mucho m\u00e1s extenso. Ha retratatado con la t\u00e9cnica de la pintura a la aguja a los cantantes India Mart\u00ednez y Pascual Gonz\u00e1lez, al torero Manolete (en non finito tambi\u00e9n) y en C\u00f3rdoba tiene previsto mostrar un nuevo cuadro homenaje en gran formato por el 151 aniversario del nacimiento de <strong>Julio Romero de Torres<\/strong>.<\/p>\n<p class=\"voc-p\" style=\"\">El mundo animal y la fantas\u00eda, con personajes de Guillermo del Toro y la serie &#8216;Los caballeros del Zodiaco&#8217;, son otros de sus temas. En <strong>octubre<\/strong> exhibir\u00e1 tambi\u00e9n en el Ayuntamiento de Sevilla en una colectiva que gira en torno a Julio Verne. Un retrato del escritor en pintura sobre plano se entremezclar\u00e1 con sus libros &#8216;De la tierra a la luna&#8217;, &#8216;La vuelta al mundo en 80 d\u00edas&#8217; y &#8216;20.000 leguas de viaje submarino&#8217;, como avanza Ayll\u00f3n.   <\/p>\n<p class=\"voc-p\" style=\"\">\u00abLo <strong>mejor<\/strong> est\u00e1 por venir\u00bb. Es una motivadora frase que repite mucho cuando habla de sus proyectos y en su caso es exacta. El arte le sirvi\u00f3 <strong>de terapia<\/strong> frente al c\u00e1ncer hace cinco a\u00f1os y \u00abentre mi fe, la medicina y el arte me sirvieron para evadirme de la enfermedad y plantarle cara\u00bb, analiza echando la vista atr\u00e1s.<\/p>\n<p>Reportar un error<\/p>\n","protected":false},"excerpt":{"rendered":"Pintura o bordado, \u00e9sa es la cuesti\u00f3n cuando uno se va acercando a ver en detalle una obra&hellip;\n","protected":false},"author":2,"featured_media":15801,"comment_status":"","ping_status":"","sticky":false,"template":"","format":"standard","meta":{"footnotes":""},"categories":[173],"tags":[229,233,231,230,10430,232,234,146,147,25,24,2467,841,23],"class_list":{"0":"post-15800","1":"post","2":"type-post","3":"status-publish","4":"format-standard","5":"has-post-thumbnail","7":"category-arte-y-diseno","8":"tag-arte","9":"tag-arte-y-diseno","10":"tag-arts","11":"tag-arts-and-design","12":"tag-ayllon","13":"tag-design","14":"tag-diseno","15":"tag-entertainment","16":"tag-entretenimiento","17":"tag-es","18":"tag-espana","19":"tag-jose","20":"tag-manuel","21":"tag-spain"},"share_on_mastodon":{"url":"","error":""},"_links":{"self":[{"href":"https:\/\/www.europesays.com\/es\/wp-json\/wp\/v2\/posts\/15800","targetHints":{"allow":["GET"]}}],"collection":[{"href":"https:\/\/www.europesays.com\/es\/wp-json\/wp\/v2\/posts"}],"about":[{"href":"https:\/\/www.europesays.com\/es\/wp-json\/wp\/v2\/types\/post"}],"author":[{"embeddable":true,"href":"https:\/\/www.europesays.com\/es\/wp-json\/wp\/v2\/users\/2"}],"replies":[{"embeddable":true,"href":"https:\/\/www.europesays.com\/es\/wp-json\/wp\/v2\/comments?post=15800"}],"version-history":[{"count":0,"href":"https:\/\/www.europesays.com\/es\/wp-json\/wp\/v2\/posts\/15800\/revisions"}],"wp:featuredmedia":[{"embeddable":true,"href":"https:\/\/www.europesays.com\/es\/wp-json\/wp\/v2\/media\/15801"}],"wp:attachment":[{"href":"https:\/\/www.europesays.com\/es\/wp-json\/wp\/v2\/media?parent=15800"}],"wp:term":[{"taxonomy":"category","embeddable":true,"href":"https:\/\/www.europesays.com\/es\/wp-json\/wp\/v2\/categories?post=15800"},{"taxonomy":"post_tag","embeddable":true,"href":"https:\/\/www.europesays.com\/es\/wp-json\/wp\/v2\/tags?post=15800"}],"curies":[{"name":"wp","href":"https:\/\/api.w.org\/{rel}","templated":true}]}}