{"id":158000,"date":"2025-10-05T13:20:08","date_gmt":"2025-10-05T13:20:08","guid":{"rendered":"https:\/\/www.europesays.com\/es\/158000\/"},"modified":"2025-10-05T13:20:08","modified_gmt":"2025-10-05T13:20:08","slug":"ada-colau-y-el-concejal-jordi-coronas-entre-los-21-miembros-de-la-flotilla-detenidos-que-vuelven-a-espana","status":"publish","type":"post","link":"https:\/\/www.europesays.com\/es\/158000\/","title":{"rendered":"Ada Colau y el concejal Jordi Coronas, entre los 21 miembros de la Flotilla detenidos que vuelven a Espa\u00f1a"},"content":{"rendered":"<p class=\"article-text\">\n        La exalcaldesa de Barcelona Ada Colau y el concejal de ERC en el Ayuntamiento de la capital catalana Jordi Coronas ser\u00e1n dos de los 21 miembros de la Flotilla que volver\u00e1n este domingo a Espa\u00f1a.\n    <\/p>\n<p>    <a href=\"https:\/\/www.eldiario.es\/internacional\/miembros-flotilla-denuncian-haber-sido-objeto-agresion-amenazas-acoso-durante-detencion-israel_1_12656172.html\" data-mrf-recirculation=\"saber-mas\" data-dl-event=\"saber-mas\" rel=\"nofollow noopener\" target=\"_blank\"><\/p>\n<p class=\"know-more__title\">Miembros de la flotilla denuncian haber sido objeto de \u00abagresi\u00f3n, amenazas y acoso\u00bb durante su detenci\u00f3n en Israel<\/p>\n<p>            <img decoding=\"async\" class=\"lazy\" loading=\"lazy\" data-src=\"https:\/\/static.eldiario.es\/clip\/86c8e68c-c6a9-4fe0-8d3f-fae383f18680_16-9-aspect-ratio_default_0.jpg\" src=\"data:image\/svg+xml,%3Csvg xmlns=\" http:=\"\" viewbox=\"0 0 880 495\" alt=\"Miembros de la flotilla denuncian haber sido objeto de &quot;agresi\u00f3n, amenazas y acoso&quot; durante su detenci\u00f3n en Israel\"\/><\/p>\n<p>                        <\/a><\/p>\n<p class=\"article-text\">\n        Seg\u00fan ha podido confirmar elDiario.es con fuentes republicanas y de los Comuns, ambos volver\u00e1n a Barcelona en un vuelo que llegar\u00e1 entre \u00faltima hora de la tarde y las primeras horas de la madrugada. Aun as\u00ed, ambas formaciones se muestran cautas y recuerdan que \u201cno ser\u00eda la primera vez\u201d que Israel anuncia el retorno de un detenido en el marco de una flotilla y acaba no regresando en la fecha fijada. \u201cJuegan al desgaste hasta el final\u201d, a\u00f1aden.\n    <\/p>\n<p class=\"article-text\">\n        El ministro de Exteriores, Jos\u00e9 Manuel Albares, ha confirmado este domingo en una entrevista a TVE que se ha llegado a un acierdo con Israel para deportar a 21 de los 49 ciudadanos espa\u00f1oles que se encuentran en el centro penitenciario del desierto israel\u00ed de Neguev, en el sur del pa\u00eds.\n    <\/p>\n<p class=\"article-text\">\n        El eurodiputaro de los Comuns ha hecho una llamada a recibir a Colau, Coronas y al resto de liberados cuando lleguen, previsiblemente, al aeropuerto de Barajas.\n    <\/p>\n<p class=\"article-text\">\n        Por otro lado, desde la CUP han comunicado que su diputada, Pilar Castillejo, y el miembro del secretariado nacional Adri\u00e0 Plazas no se encuentran entre los espa\u00f1oles que regresar\u00e1n este domingo. El motivo es que se han negado a firmar la deportaci\u00f3n inmediata porque quieren \u201ccontinuar ejerciendo presi\u00f3n internacional desde la c\u00e1rcel de Ketziot\u201d.\n    <\/p>\n<p class=\"article-text\">\n        Los dos detenidos han alegado que firmar implicaba aceptar que hab\u00edan entrado de manera ilegal en Israel. \u201cEs todo incorrecto. Fueron las fuerzas de ocupaci\u00f3n las qe les han secuestrado y forzado a ir, en contra de su voluntado, a tierras ocupadas\u201d, se\u00f1ala un comunicado de la CUP, que insiste en que su intenci\u00f3n era \u201cllegar a Gaza para abrir un corredor humanitario\u201d.\n    <\/p>\n<blockquote class=\"instagram-media\" data-instgrm-version=\"14\" data-instgrm-permalink=\"https:\/\/www.instagram.com\/stories\/jaume_asens\/3736597935417995870\" data-instgrm-captioned=\"\"\/>\n<p class=\"article-text\">\n        La pasada madrugada del jueves, cuando se encontraban a unas 70 millas n\u00e1uticas de Gaza, la Flotilla se vio rodeada por unas 20 embarcaciones israel\u00edes que detuvieron a los m\u00e1s de 300 activistas que navegaban para romper el bloqueo humanitario impuesto por Israel.\n    <\/p>\n<p class=\"article-text\">\n        Los activistas denunciaron la detenci\u00f3n como \u201cun secuestro ilegal\u201d porque sostienen que la zona de excepci\u00f3n que Israel les acusa de haber violado, fue declarada ilegal por diversos estamentos internacionales. As\u00ed, seg\u00fan apunta la ONG Adalah, que presta atenci\u00f3n legal a los detenidos, Israel no ten\u00eda ning\u00fan derecho a intervenir sobre los barcos y estos no han incumplido ninguna ley al intentar llegar a Gaza.\n    <\/p>\n<p class=\"article-text\">\n        Esta misma ONG <a href=\"https:\/\/www.eldiario.es\/internacional\/miembros-flotilla-denuncian-haber-sido-objeto-agresion-amenazas-acoso-durante-detencion-israel_1_12656172.html\" target=\"_blank\" data-mrf-recirculation=\"links-noticia\" class=\"link\" rel=\"nofollow noopener\">ha denunciado los \u201cmalos tratos\u201d<\/a> a los que han sido sometidos los activistas desde que cayeron en manos del Ej\u00e9rcito. Adalah afea que estuvieran incomunicados durante m\u00e1s de 48 horas, sin posibilidad de recibir asistencia legal. Tambi\u00e9n asegura que los detenidos han sufrido \u201camenazas, agresiones y acoso\u201d por parte de las autoridades israel\u00edes, incluyendo visitas del ministro de Seguridad, Itamar Ben-Gvir, que acudi\u00f3 la misma noche del jueves al puerto de Ashdod a increpar a los detenidos e insultarles.\n    <\/p>\n<p>    <a href=\"https:\/\/www.eldiario.es\/internacional\/ultima-hora-israel-gaza-directo_6_12658225_1115861.html\" data-mrf-recirculation=\"saber-mas-abajo\" data-dl-event=\"saber-mas-abajo\" rel=\"nofollow noopener\" target=\"_blank\"><\/p>\n<p class=\"know-more__title\">El Ministerio de Exteriores informa de que 21 espa\u00f1oles de la flotilla volver\u00e1n a casa este domingo\n<\/p>\n<p>            <img decoding=\"async\" class=\"lazy\" loading=\"lazy\" data-src=\"https:\/\/static.eldiario.es\/clip\/2d402f5c-9a3e-4778-8853-f78756fd5c6c_16-9-aspect-ratio_default_0.jpg\" src=\"data:image\/svg+xml,%3Csvg xmlns=\" http:=\"\" viewbox=\"0 0 880 495\" alt=\"Puente Sim\u00f3n Bol\u00edvar, el muro del sue\u00f1o venezolano\"\/><\/p>\n<p>                        <\/a><\/p>\n<p class=\"article-text\">\n        Los 21 deportados espa\u00f1oles se suman a las <a href=\"https:\/\/www.eldiario.es\/internacional\/ultima-hora-israel-gaza-directo_6_12656731_1115839.html\" target=\"_blank\" data-mrf-recirculation=\"links-noticia\" class=\"link\" rel=\"nofollow noopener\">137 personas que ya fueron deportadas el s\u00e1bado<\/a>. Eran tripulantes de Estados Unidos, Reino Unido, Jordania, Kuwait, Libia, Argelia, Mauritania, Malasia, Suiza, T\u00fanez, Bahr\u00e9in y Marruecos. Los activstas aterrizaron en Istambul sobre las 17:30 horas.\n    <\/p>\n<p>                                    <script async src=\"\/\/www.instagram.com\/embed.js\"><\/script><\/p>\n","protected":false},"excerpt":{"rendered":"La exalcaldesa de Barcelona Ada Colau y el concejal de ERC en el Ayuntamiento de la capital catalana&hellip;\n","protected":false},"author":2,"featured_media":158001,"comment_status":"","ping_status":"","sticky":false,"template":"","format":"standard","meta":{"footnotes":""},"categories":[8],"tags":[517,210,17,18,1980,95,25,24,13,14,11,1982,19,20,9,10,15,16,1981,952,23,12,21,22],"class_list":{"0":"post-158000","1":"post","2":"type-post","3":"status-publish","4":"format-standard","5":"has-post-thumbnail","7":"category-espana","8":"tag-actualidad","9":"tag-barcelona","10":"tag-breaking-news","11":"tag-breakingnews","12":"tag-cataluna","13":"tag-economia","14":"tag-es","15":"tag-espana","16":"tag-featured-news","17":"tag-featurednews","18":"tag-headlines","19":"tag-ignacio-escolar","20":"tag-latest-news","21":"tag-latestnews","22":"tag-news","23":"tag-noticias","24":"tag-noticias-destacadas","25":"tag-noticiasdestacadas","26":"tag-periodismo-independiente","27":"tag-politica","28":"tag-spain","29":"tag-titulares","30":"tag-ultimas-noticias","31":"tag-ultimasnoticias"},"share_on_mastodon":{"url":"","error":""},"_links":{"self":[{"href":"https:\/\/www.europesays.com\/es\/wp-json\/wp\/v2\/posts\/158000","targetHints":{"allow":["GET"]}}],"collection":[{"href":"https:\/\/www.europesays.com\/es\/wp-json\/wp\/v2\/posts"}],"about":[{"href":"https:\/\/www.europesays.com\/es\/wp-json\/wp\/v2\/types\/post"}],"author":[{"embeddable":true,"href":"https:\/\/www.europesays.com\/es\/wp-json\/wp\/v2\/users\/2"}],"replies":[{"embeddable":true,"href":"https:\/\/www.europesays.com\/es\/wp-json\/wp\/v2\/comments?post=158000"}],"version-history":[{"count":0,"href":"https:\/\/www.europesays.com\/es\/wp-json\/wp\/v2\/posts\/158000\/revisions"}],"wp:featuredmedia":[{"embeddable":true,"href":"https:\/\/www.europesays.com\/es\/wp-json\/wp\/v2\/media\/158001"}],"wp:attachment":[{"href":"https:\/\/www.europesays.com\/es\/wp-json\/wp\/v2\/media?parent=158000"}],"wp:term":[{"taxonomy":"category","embeddable":true,"href":"https:\/\/www.europesays.com\/es\/wp-json\/wp\/v2\/categories?post=158000"},{"taxonomy":"post_tag","embeddable":true,"href":"https:\/\/www.europesays.com\/es\/wp-json\/wp\/v2\/tags?post=158000"}],"curies":[{"name":"wp","href":"https:\/\/api.w.org\/{rel}","templated":true}]}}