{"id":158002,"date":"2025-10-05T13:21:11","date_gmt":"2025-10-05T13:21:11","guid":{"rendered":"https:\/\/www.europesays.com\/es\/158002\/"},"modified":"2025-10-05T13:21:11","modified_gmt":"2025-10-05T13:21:11","slug":"un-mediterraneo-sostenible-politica-exterior","status":"publish","type":"post","link":"https:\/\/www.europesays.com\/es\/158002\/","title":{"rendered":"Un Mediterr\u00e1neo sostenible | Pol\u00edtica Exterior"},"content":{"rendered":"<p>            <img decoding=\"async\" src=\"https:\/\/www.europesays.com\/es\/wp-content\/uploads\/2025\/10\/61YaZyFHbpL._SL1000_.jpg\" class=\"attachment-medium_large size-medium_large wp-post-image\" alt=\"\"  \/>        <\/p>\n<p>\n                    <strong>Autor:<\/strong> Ana M. Badia Mart\u00ed (dir.)\n                    <\/p>\n<p>\n                    <strong>Editorial:<\/strong> Marcial Pons\n                    <\/p>\n<p>\n                    <strong>Fecha:<\/strong> 2025\n                    <\/p>\n<p>\n                    <strong>P\u00e1ginas:<\/strong> 404\n                    <\/p>\n<p>\n                    <strong>Lugar:<\/strong> Barcelona\n                    <\/p>\n<p>Una reflexi\u00f3n profunda y multidisciplinar sobre la gesti\u00f3n sostenible de los espacios mar\u00edtimos y una referencia esencial para comprender las complejidades de la sostenibilidad marina en el contexto mediterr\u00e1neo.<\/p>\n<p>            \u00a0|\u00a0<\/p>\n<p>            5 de octubre de 2025            <\/p>\n<p>En un momento en que el Mediterr\u00e1neo se enfrenta a desaf\u00edos ambientales, econ\u00f3micos y sociales sin precedentes, la obra colectiva Sostenibilidad en el mar: una visi\u00f3n desde la Barcelona mediterr\u00e1nea, dirigida por Ana M. Badia Mart\u00ed y coordinada por Milagros \u00c1lvarez Verdugo y Laura Huici Sancho, ofrece una reflexi\u00f3n profunda y multidisciplinar sobre la gesti\u00f3n sostenible de los espacios mar\u00edtimos y es una referencia esencial para comprender las complejidades de la sostenibilidad marina en el contexto mediterr\u00e1neo.<\/p>\n<p>Uno de sus m\u00e9ritos es su capacidad para combinar profundidad anal\u00edtica con una vocaci\u00f3n aplicada. No se limita a una conceptualizaci\u00f3n abstracta de la sostenibilidad, sino que la explora en su dimensi\u00f3n operativa, normativa e institucional, poniendo el foco en la interacci\u00f3n concreta entre actores, pol\u00edticas y espacios mar\u00edtimos. Esta orientaci\u00f3n pr\u00e1ctica se hace evidente en los estudios de caso centrados en el puerto de Barcelona, la gobernanza del turismo litoral, o los retos de la pesca sostenible en el Mediterr\u00e1neo.<\/p>\n<p>La obra, alineada con los objetivos de desarrollo sostenible de la Agenda 2030, descompone el concepto de sostenibilidad marina en clave mediterr\u00e1nea. Estructurada en dos bloques tem\u00e1ticos, el primero examina el Mediterr\u00e1neo desde las perspectivas geogr\u00e1fica, hist\u00f3rica, jur\u00eddica y medioambiental, resaltando su relevancia como espacio de inter\u00e9s global y regional. El segundo se centra en c\u00f3mo las actividades humanas como el transporte mar\u00edtimo, la pesca, el turismo y la energ\u00eda interact\u00faan con los objetivos de sostenibilidad, analizando las tensiones y oportunidades que surgen de esta interconexi\u00f3n.<\/p>\n<p>En el plano jur\u00eddico, el libro examina los marcos internacionales que regulan el espacio marino, desde la Convenci\u00f3n de las Naciones Unidas sobre el Derecho del Mar (CNUDM) hasta los desarrollos recientes en protecci\u00f3n de la biodiversidad en zonas m\u00e1s all\u00e1 de la jurisdicci\u00f3n nacional. En el caso del Mediterr\u00e1neo, se analiza c\u00f3mo las din\u00e1micas regionales desaf\u00edan la coordinaci\u00f3n institucional y evidencian desigualdades de capacidad normativa entre los distintos Estados costeros.<\/p>\n<p>Uno de los puntos fuertes del volumen es su aproximaci\u00f3n interdisciplinar. A partir de un eje jur\u00eddico bien definido, incorpora con naturalidad perspectivas provenientes de la geograf\u00eda, la econom\u00eda, la sociolog\u00eda y la ciencia pol\u00edtica, lo que permite abordar la sostenibilidad marina desde una mirada compleja y articulada. Lejos de generar dispersi\u00f3n, esta pluralidad de enfoques se traduce en una estructura cohesionada, donde los cap\u00edtulos mantienen una continuidad tem\u00e1tica y metodol\u00f3gica. Se percibe un trabajo editorial s\u00f3lido y cuidadoso, que consigue tejer una narrativa com\u00fan sin borrar las especificidades anal\u00edticas de cada contribuci\u00f3n. En esta l\u00ednea, el libro evita caer en discursos complacientes sobre el \u00abdesarrollo azul\u00bb e incorpora lecturas cr\u00edticas que abordan la tensi\u00f3n entre sostenibilidad ecol\u00f3gica y crecimiento econ\u00f3mico, especialmente en contextos donde la actividad humana ha alterado los ecosistemas marinos.<\/p>\n<p>Otro de los logros del volumen es entrelazar escalas de an\u00e1lisis \u2013local, nacional e internacional\u2013 en el estudio de los retos mar\u00edtimos. Por ejemplo, analiza c\u00f3mo el turismo costero es gestionado desde la administraci\u00f3n local barcelonesa, con iniciativas de valorizaci\u00f3n del patrimonio litoral, pero tambi\u00e9n c\u00f3mo esta actividad se inscribe en un marco regulador m\u00e1s amplio, marcado por el derecho derivado de la UE. Del mismo modo, en relaci\u00f3n con la energ\u00eda, se ofrece una mirada que combina la evaluaci\u00f3n del impacto ecol\u00f3gico de las distintas formas de producci\u00f3n con el inter\u00e9s estrat\u00e9gico de la UE por convertir los mares y oc\u00e9anos en espacios de innovaci\u00f3n tecnol\u00f3gica y despliegue energ\u00e9tico. Este enfoque se complementa con una reflexi\u00f3n cr\u00edtica sobre los modelos de gobernanza basados en la cooperaci\u00f3n, esenciales para evitar la fragmentaci\u00f3n normativa y asegurar una planificaci\u00f3n sostenible y equitativa a escala mediterr\u00e1nea.<\/p>\n<p>Adem\u00e1s, la \u00f3ptica mediterr\u00e1nea del libro, y en particular el anclaje en la realidad de Barcelona, aporta una dimensi\u00f3n espacial concreta que evita la vaguedad de muchos an\u00e1lisis sobre sostenibilidad. Barcelona es presentada como un laboratorio urbano y portuario que condensa muchas de las contradicciones del litoral mediterr\u00e1neo: es una ciudad abierta al mar, din\u00e1mica en t\u00e9rminos log\u00edsticos y tur\u00edsticos, pero tambi\u00e9n expuesta a procesos de sobreexplotaci\u00f3n del territorio y transformaci\u00f3n intensiva del frente costero. El tratamiento de Barcelona no es, sin embargo, localista, sino que sirve como hilo conductor para discutir pol\u00edticas europeas, modelos de gobernanza multinivel y estrategias de transici\u00f3n ecol\u00f3gica a escala regional. Este enfoque se acompa\u00f1a de una reflexi\u00f3n sobre modelos de gobernanza cooperativos, fundamentales para evitar la fragmentaci\u00f3n normativa y avanzar hacia una planificaci\u00f3n sostenible.<\/p>\n<p>En suma, Sostenibilidad en el mar constituye una aportaci\u00f3n relevante y rigurosa al debate sobre la gesti\u00f3n del medio marino en el Mediterr\u00e1neo del siglo XXI. Su enfoque anclado en el Mediterr\u00e1neo, su rigor jur\u00eddico, su apertura multidisciplinar y su equilibrio entre teor\u00eda y pr\u00e1ctica la convierten en una referencia clave para quienes estudian o gestionan la sostenibilidad en entornos mar\u00edtimos. En tiempos en que el mar es tanto una promesa como un campo de disputa, libros como este son esenciales para pensar pol\u00edticas sostenibles, realistas y socialmente justas.<\/p>\n<p><strong>Laura Planas<\/strong>, Universitat de Girona.<\/p>\n<p>\u00a0<\/p>\n<p>                                <a href=\"https:\/\/www.politicaexterior.com\/autores\/laura-planas\/\" rel=\"nofollow noopener\" target=\"_blank\">\u00a0\u00a0Otros art\u00edculos de Laura Planas<\/a><\/p>\n","protected":false},"excerpt":{"rendered":"Autor: Ana M. Badia Mart\u00ed (dir.) Editorial: Marcial Pons Fecha: 2025 P\u00e1ginas: 404 Lugar: Barcelona Una reflexi\u00f3n profunda&hellip;\n","protected":false},"author":2,"featured_media":158003,"comment_status":"","ping_status":"","sticky":false,"template":"","format":"standard","meta":{"footnotes":""},"categories":[5],"tags":[17,18,25,24,13,14,11,19,20,9,10,15,16,23,12,21,22],"class_list":{"0":"post-158002","1":"post","2":"type-post","3":"status-publish","4":"format-standard","5":"has-post-thumbnail","7":"category-titulares","8":"tag-breaking-news","9":"tag-breakingnews","10":"tag-es","11":"tag-espana","12":"tag-featured-news","13":"tag-featurednews","14":"tag-headlines","15":"tag-latest-news","16":"tag-latestnews","17":"tag-news","18":"tag-noticias","19":"tag-noticias-destacadas","20":"tag-noticiasdestacadas","21":"tag-spain","22":"tag-titulares","23":"tag-ultimas-noticias","24":"tag-ultimasnoticias"},"share_on_mastodon":{"url":"","error":""},"_links":{"self":[{"href":"https:\/\/www.europesays.com\/es\/wp-json\/wp\/v2\/posts\/158002","targetHints":{"allow":["GET"]}}],"collection":[{"href":"https:\/\/www.europesays.com\/es\/wp-json\/wp\/v2\/posts"}],"about":[{"href":"https:\/\/www.europesays.com\/es\/wp-json\/wp\/v2\/types\/post"}],"author":[{"embeddable":true,"href":"https:\/\/www.europesays.com\/es\/wp-json\/wp\/v2\/users\/2"}],"replies":[{"embeddable":true,"href":"https:\/\/www.europesays.com\/es\/wp-json\/wp\/v2\/comments?post=158002"}],"version-history":[{"count":0,"href":"https:\/\/www.europesays.com\/es\/wp-json\/wp\/v2\/posts\/158002\/revisions"}],"wp:featuredmedia":[{"embeddable":true,"href":"https:\/\/www.europesays.com\/es\/wp-json\/wp\/v2\/media\/158003"}],"wp:attachment":[{"href":"https:\/\/www.europesays.com\/es\/wp-json\/wp\/v2\/media?parent=158002"}],"wp:term":[{"taxonomy":"category","embeddable":true,"href":"https:\/\/www.europesays.com\/es\/wp-json\/wp\/v2\/categories?post=158002"},{"taxonomy":"post_tag","embeddable":true,"href":"https:\/\/www.europesays.com\/es\/wp-json\/wp\/v2\/tags?post=158002"}],"curies":[{"name":"wp","href":"https:\/\/api.w.org\/{rel}","templated":true}]}}