{"id":158006,"date":"2025-10-05T13:23:09","date_gmt":"2025-10-05T13:23:09","guid":{"rendered":"https:\/\/www.europesays.com\/es\/158006\/"},"modified":"2025-10-05T13:23:09","modified_gmt":"2025-10-05T13:23:09","slug":"morito-de-brazuelas-abre-la-segunda-de-la-feria-de-las-rozas","status":"publish","type":"post","link":"https:\/\/www.europesays.com\/es\/158006\/","title":{"rendered":"Morito, de Brazuelas, abre la segunda de la feria de Las Rozas"},"content":{"rendered":"<p>Los ejemplares de Toros de Brazuelas que se lidiar\u00e1n esta tarde en el segundo festejo de la Feria de San Miguel de Las Rozas han sido sorteados y enchiquerados en las dependencias interiores de la plaza de toros. <strong>Clemente, Alejandro Mora y \u00c1lvaro Burdiel<\/strong> ser\u00e1n los encargados de su lidia. El sobrero pertenece a la ganader\u00eda de Yerbabuena. Este es el orden de lidia y la relaci\u00f3n completa de cuadrillas y autoridades del espect\u00e1culo:<\/p>\n<p><a href=\"https:\/\/www.europesays.com\/es\/wp-content\/uploads\/2025\/10\/cuadrillaslasrozas5oct25.jpg\"><img loading=\"lazy\" decoding=\"async\" class=\"alignnone wp-image-552162 size-full lazy\" src=\"https:\/\/www.europesays.com\/es\/wp-content\/uploads\/2025\/10\/cuadrillaslasrozas5oct25.jpg\" alt=\"\" width=\"1280\" height=\"1024\"  data-\/><\/a> <a href=\"https:\/\/www.europesays.com\/es\/wp-content\/uploads\/2025\/10\/ordenlasrozas5oct25.jpg\"><img loading=\"lazy\" decoding=\"async\" class=\"alignnone wp-image-552166 size-full lazy\" src=\"https:\/\/www.europesays.com\/es\/wp-content\/uploads\/2025\/10\/ordenlasrozas5oct25.jpg\" alt=\"\" width=\"1280\" height=\"1024\"  data-\/><\/a><\/p>\n","protected":false},"excerpt":{"rendered":"Los ejemplares de Toros de Brazuelas que se lidiar\u00e1n esta tarde en el segundo festejo de la Feria&hellip;\n","protected":false},"author":2,"featured_media":158007,"comment_status":"","ping_status":"","sticky":false,"template":"","format":"standard","meta":{"footnotes":""},"categories":[277],"tags":[373,168,25,24,46904,23,167,374,444],"class_list":{"0":"post-158006","1":"post","2":"type-post","3":"status-publish","4":"format-standard","5":"has-post-thumbnail","7":"category-toreo","8":"tag-bullfighting","9":"tag-deportes","10":"tag-es","11":"tag-espana","12":"tag-las-rozas","13":"tag-spain","14":"tag-sports","15":"tag-toreo","16":"tag-toros"},"share_on_mastodon":{"url":"","error":""},"_links":{"self":[{"href":"https:\/\/www.europesays.com\/es\/wp-json\/wp\/v2\/posts\/158006","targetHints":{"allow":["GET"]}}],"collection":[{"href":"https:\/\/www.europesays.com\/es\/wp-json\/wp\/v2\/posts"}],"about":[{"href":"https:\/\/www.europesays.com\/es\/wp-json\/wp\/v2\/types\/post"}],"author":[{"embeddable":true,"href":"https:\/\/www.europesays.com\/es\/wp-json\/wp\/v2\/users\/2"}],"replies":[{"embeddable":true,"href":"https:\/\/www.europesays.com\/es\/wp-json\/wp\/v2\/comments?post=158006"}],"version-history":[{"count":0,"href":"https:\/\/www.europesays.com\/es\/wp-json\/wp\/v2\/posts\/158006\/revisions"}],"wp:featuredmedia":[{"embeddable":true,"href":"https:\/\/www.europesays.com\/es\/wp-json\/wp\/v2\/media\/158007"}],"wp:attachment":[{"href":"https:\/\/www.europesays.com\/es\/wp-json\/wp\/v2\/media?parent=158006"}],"wp:term":[{"taxonomy":"category","embeddable":true,"href":"https:\/\/www.europesays.com\/es\/wp-json\/wp\/v2\/categories?post=158006"},{"taxonomy":"post_tag","embeddable":true,"href":"https:\/\/www.europesays.com\/es\/wp-json\/wp\/v2\/tags?post=158006"}],"curies":[{"name":"wp","href":"https:\/\/api.w.org\/{rel}","templated":true}]}}