{"id":158021,"date":"2025-10-05T13:42:06","date_gmt":"2025-10-05T13:42:06","guid":{"rendered":"https:\/\/www.europesays.com\/es\/158021\/"},"modified":"2025-10-05T13:42:06","modified_gmt":"2025-10-05T13:42:06","slug":"siria-elige-parlamento-en-primeras-elecciones-tras-caida-al-asad","status":"publish","type":"post","link":"https:\/\/www.europesays.com\/es\/158021\/","title":{"rendered":"Siria elige Parlamento en primeras elecciones tras ca\u00edda Al Asad"},"content":{"rendered":"<p>Los colegios electorales han abierto este domingo en <strong>Siria<\/strong> para elegir al primer Parlamento desde el <a href=\"https:\/\/www.rtve.es\/noticias\/20241208\/regimen-asad-derrocado-tras-24-anos-control-ferreo-siria\/16363187.shtml\" target=\"_blank\" rel=\"nofollow noopener\">derrocamiento del r\u00e9gimen de Bachar al Asad el pasado diciembre<\/a>, aunque la poblaci\u00f3n no podr\u00e1 participar, s\u00f3lo los miembros acreditados del organismo electoral podr\u00e1n votar.<\/p>\n<p>Los resultados finales se anunciar\u00e1n durante una rueda de prensa oficial que celebrar\u00e1 el Comit\u00e9 Supremo para las Elecciones a la Asamblea Popular este lunes o martes, seg\u00fan la agencia oficial de noticias siria SANA.<\/p>\n<p>La votaci\u00f3n se celebrar\u00e1 en los centros electorales designados en la mayor\u00eda de las provincias sirias, aunque se fijar\u00e1 una fecha posterior para los comicios en Raqqa, Al Hasaka y Al Sueida, donde <strong>permanecer\u00e1n vacantes los esca\u00f1os \u00abhasta que se cumplan las condiciones adecuadas<\/strong>\u00ab.<\/p>\n<p>La <strong>primera C\u00e1mara de la nueva era estar\u00e1 integrada por 210 miembros<\/strong>, un tercio de los cuales ser\u00e1n elegidos por el presidente interino, Ahmed al Sharaa, y los dos restantes, por entes que son a su vez seleccionados por subcomit\u00e9s electorales para representar a un total de 62 circunscripciones en el pa\u00eds. En t\u00e9rminos pr\u00e1cticos, ser\u00e1n unas asambleas de notables locales las que elegir\u00e1n entre sus miembros a quienes se sentar\u00e1n en el nuevo parlamento.<\/p>\n<p>\u00abEste <strong>momento hist\u00f3rico para los sirios<\/strong> es muy importante en estos momentos, y todos los sirios deben reconstruir su pa\u00eds\u00bb, ha dicho Al Sharaa durante un discurso pronunciado durante su revisi\u00f3n del proceso electoral en el Centro Nacional de la Biblioteca, en Damasco.<\/p>\n<p>\u00abHay muchas leyes pendientes que deben votarse para avanzar en el proceso de construcci\u00f3n y prosperidad (&#8230;) <strong>Construir Siria es una tarea colectiva<\/strong>, y todos los sirios deben contribuir a ella\u00bb, ha a\u00f1adido el presidente interino.<\/p>\n<p>Un total de 1.578 candidatos, de los que el 14% son mujeres<\/p>\n<p>Hay un total de 1.578 candidatos, de los cuales el 14% son mujeres, de acuerdo con SANA. Como condici\u00f3n para ser candidato estaba el de no haber sido miembro ni candidato parlamentario despu\u00e9s de 2011 \u2014cuando comenz\u00f3 la revuelta popular que deriv\u00f3 en 14 a\u00f1os de guerra\u2014, a menos que se demuestre su deserci\u00f3n, ni \u00abser partidario del r\u00e9gimen anterior ni de organizaciones terroristas, ni defensor de la secesi\u00f3n ni buscar apoyo extranjero\u00bb.<\/p>\n<p>De este proceso saldr\u00e1 el primer \u00f3rgano de representaci\u00f3n sirio sin Al Asad, que <strong>tendr\u00e1 un mandato de dos a\u00f1os y medio<\/strong>, susceptible de pr\u00f3rroga.<\/p>\n<p>Esta elecci\u00f3n de legisladores podr\u00eda ayudar a afianzar a <strong>Al Sharaa, que debut\u00f3 como l\u00edder del pa\u00eds en la Asamblea General de la ONU<\/strong> el pasado mes de septiembre, a pesar de que hace apenas un a\u00f1o hab\u00eda una recompensa internacional multimillonaria por su cabeza.<\/p>\n<p>El sistema electoral emana del Comit\u00e9 Supremo para las Elecciones a la Asamblea Popular, que elige a los miembros de las asambleas de notables o \u00abentes electorales\u00bb.<\/p>\n<p>Ese hermetismo hace temer que el proceso pueda favorecer la elecci\u00f3n en exclusiva de figuras vinculadas a la administraci\u00f3n paralela que gobern\u00f3 el \u00faltimo basti\u00f3n opositor de Siria hasta la ca\u00edda de Al Asad.<\/p>\n","protected":false},"excerpt":{"rendered":"Los colegios electorales han abierto este domingo en Siria para elegir al primer Parlamento desde el derrocamiento del&hellip;\n","protected":false},"author":2,"featured_media":158022,"comment_status":"","ping_status":"","sticky":false,"template":"","format":"standard","meta":{"footnotes":""},"categories":[42],"tags":[17,18,13,14,11,61,62,63,64,19,20,9,10,15,16,12,21,22,65,66,67],"class_list":{"0":"post-158021","1":"post","2":"type-post","3":"status-publish","4":"format-standard","5":"has-post-thumbnail","7":"category-internacional","8":"tag-breaking-news","9":"tag-breakingnews","10":"tag-featured-news","11":"tag-featurednews","12":"tag-headlines","13":"tag-internacional","14":"tag-international","15":"tag-international-news","16":"tag-internationalnews","17":"tag-latest-news","18":"tag-latestnews","19":"tag-news","20":"tag-noticias","21":"tag-noticias-destacadas","22":"tag-noticiasdestacadas","23":"tag-titulares","24":"tag-ultimas-noticias","25":"tag-ultimasnoticias","26":"tag-world","27":"tag-world-news","28":"tag-worldnews"},"share_on_mastodon":{"url":"","error":""},"_links":{"self":[{"href":"https:\/\/www.europesays.com\/es\/wp-json\/wp\/v2\/posts\/158021","targetHints":{"allow":["GET"]}}],"collection":[{"href":"https:\/\/www.europesays.com\/es\/wp-json\/wp\/v2\/posts"}],"about":[{"href":"https:\/\/www.europesays.com\/es\/wp-json\/wp\/v2\/types\/post"}],"author":[{"embeddable":true,"href":"https:\/\/www.europesays.com\/es\/wp-json\/wp\/v2\/users\/2"}],"replies":[{"embeddable":true,"href":"https:\/\/www.europesays.com\/es\/wp-json\/wp\/v2\/comments?post=158021"}],"version-history":[{"count":0,"href":"https:\/\/www.europesays.com\/es\/wp-json\/wp\/v2\/posts\/158021\/revisions"}],"wp:featuredmedia":[{"embeddable":true,"href":"https:\/\/www.europesays.com\/es\/wp-json\/wp\/v2\/media\/158022"}],"wp:attachment":[{"href":"https:\/\/www.europesays.com\/es\/wp-json\/wp\/v2\/media?parent=158021"}],"wp:term":[{"taxonomy":"category","embeddable":true,"href":"https:\/\/www.europesays.com\/es\/wp-json\/wp\/v2\/categories?post=158021"},{"taxonomy":"post_tag","embeddable":true,"href":"https:\/\/www.europesays.com\/es\/wp-json\/wp\/v2\/tags?post=158021"}],"curies":[{"name":"wp","href":"https:\/\/api.w.org\/{rel}","templated":true}]}}