{"id":158023,"date":"2025-10-05T13:43:08","date_gmt":"2025-10-05T13:43:08","guid":{"rendered":"https:\/\/www.europesays.com\/es\/158023\/"},"modified":"2025-10-05T13:43:08","modified_gmt":"2025-10-05T13:43:08","slug":"archidiocesis-de-madrid-sois-el-corazon-silencioso-de-nuestras-ciudades-el-cardenal-cobo-celebra-la-jornada-del-migrante-y-del-refugiado-recordando-a-quienes-buscan-un-futuro-lejos-de-s","status":"publish","type":"post","link":"https:\/\/www.europesays.com\/es\/158023\/","title":{"rendered":"Archidiocesis de Madrid &#8211; \u00abSois el coraz\u00f3n silencioso de nuestras ciudades\u00bb: El cardenal Cobo celebra la Jornada del Migrante y del Refugiado recordando a quienes buscan un futuro lejos de su tierra"},"content":{"rendered":"<p>\u00ab<strong>La hospitalidad no es una opci\u00f3n, es un deber moral y social<\/strong>\u00bb. Con estas palabras abri\u00f3 el cardenal <strong>Jos\u00e9 Cobo<\/strong>, arzobispo de Madrid, <a href=\"https:\/\/www.archimadrid.org\/index.php\/oficina-de-informacion\/noticias-madrid\/rufino-garcia-anton-delegado-pastoral-movilidad-humana-anima-participar-jubileo-migrantes-testimonio-esperanza-futuro\" rel=\"nofollow noopener\" target=\"_blank\"><strong>la homil\u00eda de la Jornada Mundial del Migrante y del Refugiado, celebrada este domingo en la catedral de la Almudena.<\/strong><\/a> Una celebraci\u00f3n llena de color, acentos y rostros diversos en la que Madrid mostr\u00f3 su rostro de Iglesia universal y su deseo de ser casa para todos.<\/p>\n<p>La monici\u00f3n de entrada record\u00f3 a los m\u00e1s de 80.000 migrantes y refugiados fallecidos desde 1990 tratando de llegar a Europa \u2014de ellos, 40.000 en la \u00faltima d\u00e9cada\u2014. \u00ab<strong>Recordamos a todos aquellos cuyos nombres e historias est\u00e1n en el coraz\u00f3n de Dios, aunque sean desconocidos por los hombres\u00bb<\/strong>, se ley\u00f3 ante un templo lleno, donde se rez\u00f3 por los ni\u00f1os y ni\u00f1as como Yaguin\u00e9, Fod\u00e9 o el peque\u00f1o Aylan, v\u00edctimas de unas fronteras que se convierten en muros y de una indiferencia que, como denunci\u00f3 el papa Francisco en Lampedusa, anestesia la compasi\u00f3n.<\/p>\n<p><strong>Una casa con todos los acentos<\/strong>\u00a0<\/p>\n<p>\u00abEsta catedral de Madrid se convierte hoy en una casa donde viven todos los cuerpos, con todos los acentos y colores}, proclam\u00f3 el cardenal al comienzo de su homil\u00eda. \u00ab<strong>En nombre de esta Iglesia peregrina en Madrid os digo que la Iglesia quiere ser siempre vuestra casa: aqu\u00ed no hay extra\u00f1os. Esta Iglesia os necesita y da gracias a Dios por vuestra presencia, vuestra fe y vuestra esperanza<\/strong>\u00bb.\u00a0El arzobispo agradeci\u00f3 el testimonio de los migrantes y refugiados que \u00abhan tenido que dejar su tierra buscando un futuro mejor\u00bb, y les record\u00f3 que son \u00absemillas de vida nueva en una vieja Europa\u00bb, portadores de esperanza y fortaleza.<\/p>\n<p><strong>Cr\u00edtica al uso pol\u00edtico de la migraci\u00f3n<\/strong><\/p>\n<p>El cardenal denunci\u00f3 el uso electoral del drama migratorio: \u00ab<strong>Los partidos pol\u00edticos de todos los signos suelen convertir nuestro gran movimiento migratorio en un campo electoral. Nuestra vida se convierte muchas veces en instrumento de intereses pol\u00edticos o ideol\u00f3gicos. Pero en la Iglesia no hay \u2018ellos\u2019 y \u2018nosotros\u2019: en Cristo solo existe un \u00fanico nosotros, una \u00fanica familia de Dios<\/strong>\u00bb. As\u00ed, pidi\u00f3 mirar a las personas \u00abno como problemas o etiquetas\u00bb, sino como hermanos, e inst\u00f3 a todos los creyentes y ciudadanos a construir comunidades \u00abacogedoras y hospitalarias, donde cada persona se sienta reconocida como hijo de Abraham\u00bb.<\/p>\n<p><strong>Justicia, derechos y hospitalidad<\/strong><\/p>\n<p>El arzobispo de Madrid insisti\u00f3 en que<strong> la migraci\u00f3n \u00abno es cuesti\u00f3n de ideolog\u00edas ni de fronteras, sino de justicia y de derechos humanos\u00bb. \u00abQueremos una migraci\u00f3n segura, ordenada y humana. La dignidad no se gana: se reconoce\u00bb, subray\u00f3, reclamando pol\u00edticas que garanticen el derecho a permanecer en los pa\u00edses de origen y a la vez una acogida real para quienes se ven forzados a huir.n<\/strong>Pidi\u00f3 tambi\u00e9n \u00abuna legislaci\u00f3n estable que permita a quienes ya viven y trabajan pac\u00edficamente entre nosotros participar plenamente en la vida econ\u00f3mica y social}, recordando que la hospitalidad no es una opci\u00f3n, sino un deber moral y social.<\/p>\n<blockquote class=\"twitter-tweet\"><p>&#13;<\/p>\n<p dir=\"ltr\" lang=\"es\">\u00abLa hospitalidad no es una opci\u00f3n, es un deber moral y social\u00bb. Con estas palabras abri\u00f3 el <a href=\"https:\/\/twitter.com\/CardenalCobo?ref_src=twsrc%5Etfw\" rel=\"nofollow noopener\" target=\"_blank\">@CardenalCobo<\/a> , arzobispo de Madrid, la homil\u00eda de la Jornada Mundial del Migrante y del Refugiado. <\/p>\n<p>Una celebraci\u00f3n llena de color, acentos y rostros diversos en la que Madrid mostr\u00f3 su\u2026 <a href=\"https:\/\/t.co\/sU1aBcaN1v\" rel=\"nofollow\">pic.twitter.com\/sU1aBcaN1v<\/a><\/p>\n<p>&#13;<br \/>\n\u2014 Archidi\u00f3cesis de Madrid (@archimadrid) <a href=\"https:\/\/twitter.com\/archimadrid\/status\/1974798547150057637?ref_src=twsrc%5Etfw\" rel=\"nofollow noopener\" target=\"_blank\">October 5, 2025<\/a><\/p><\/blockquote>\n<p><strong>Gracias por mantener viva la fe<\/strong><\/p>\n<p>\u00abGracias porque sois testimonio de vida y de familia; porque recog\u00e9is cosechas, cuid\u00e1is interiores y hac\u00e9is el trabajo que muchos no quieren hacer. Gracias porque nos record\u00e1is que la fe no se predica solo con palabras, sino con la vida, con el sacrificio y con la esperanza que cada d\u00eda sembr\u00e1is en medio de nosotros\u00bb.\u00a0La celebraci\u00f3n concluy\u00f3 con cantos en diferentes lenguas y un largo aplauso a las comunidades migrantes presentes, que llenaron la catedral con banderas, trajes tradicionales y l\u00e1grimas.\u00a0<\/p>\n<p><strong>\u00abMigrantes, misioneros de esperanza\u00bb<\/strong><\/p>\n<p>\u00abMigrantes, misioneros de esperanza\u00bb es el lema de la Jornada mundial del migrante y del refugiado, que este a\u00f1o se celebra el domingo 5 de octubre para hacerlo coincidir con\u00a0<a href=\"https:\/\/www.iubilaeum2025.va\/es\/pellegrinaggio\/calendario-giubileo\/GrandiEventi\/giubileo-dei-migranti.html\" target=\"_blank\" rel=\"noopener noreferrer nofollow\" data-saferedirecturl=\"https:\/\/www.google.com\/url?q=https:\/\/www.iubilaeum2025.va\/es\/pellegrinaggio\/calendario-giubileo\/GrandiEventi\/giubileo-dei-migranti.html&amp;source=gmail&amp;ust=1759747273492000&amp;usg=AOvVaw0lwyLsgIrSqUPCvGxeVbL9\">el Jubileo de los migrantes\u00a0<\/a>en Roma.<\/p>\n<p>Los obispos de\u00a0\u00a0<a href=\"https:\/\/www.conferenciaepiscopal.es\/comisiones\/pastoral-social-y-promocion-humana\/migraciones-y-movilidad-humana\/\" target=\"_blank\" rel=\"noopener noreferrer nofollow\" data-saferedirecturl=\"https:\/\/www.google.com\/url?q=https:\/\/www.conferenciaepiscopal.es\/comisiones\/pastoral-social-y-promocion-humana\/migraciones-y-movilidad-humana\/&amp;source=gmail&amp;ust=1759747273492000&amp;usg=AOvVaw0FzNNcjRTm-XFTr7qc0klR\">La Subcomisi\u00f3n Episcopal para las Migraciones y Movilidad Humana<\/a>\u00a0invitan a poner de relieve que las personas migrantes\u00a0son portadoras de esperanza\u00a0en un doble sentido\u00a0para las comunidades que los acogen. En primer lugar, son un ejemplo porque vienen con \u201cla esperanza de conseguir la felicidad y el bienestar m\u00e1s all\u00e1 de sus propios confines, que los lleva a confiarse totalmente en Dios\u00bb. Los migrantes \u00abnos muestran y\u00a0ense\u00f1an el coraje de la vida desde la certeza de que Dios los acompa\u00f1a en sus tribulaciones y duelo para alcanzar un futuro mejor\u00bb.<\/p>\n<p>Por otra parte, los migrantes y refugiados son portadores de esperanza tambi\u00e9n porque \u00abest\u00e1n revitalizando con su juventud, sus valores, su trabajo, sus vidas, sus familias, su fe, sus ideales, la realidad social y eclesial de nuestro pa\u00eds\u00bb.<\/p>\n<p>\u00a0<\/p>\n<p>\t\t<script async src=\"https:\/\/platform.twitter.com\/widgets.js\" charset=\"utf-8\"><\/script><\/p>\n","protected":false},"excerpt":{"rendered":"\u00abLa hospitalidad no es una opci\u00f3n, es un deber moral y social\u00bb. Con estas palabras abri\u00f3 el cardenal&hellip;\n","protected":false},"author":2,"featured_media":158024,"comment_status":"","ping_status":"","sticky":false,"template":"","format":"standard","meta":{"footnotes":""},"categories":[8],"tags":[45720,17,18,25,24,13,14,11,45721,19,20,9,10,15,16,45722,45723,45724,5603,23,45725,12,21,22],"class_list":{"0":"post-158023","1":"post","2":"type-post","3":"status-publish","4":"format-standard","5":"has-post-thumbnail","7":"category-espana","8":"tag-archidiocesis-de-madrid","9":"tag-breaking-news","10":"tag-breakingnews","11":"tag-es","12":"tag-espana","13":"tag-featured-news","14":"tag-featurednews","15":"tag-headlines","16":"tag-iglesia-en-madrid","17":"tag-latest-news","18":"tag-latestnews","19":"tag-news","20":"tag-noticias","21":"tag-noticias-destacadas","22":"tag-noticiasdestacadas","23":"tag-obispado-de-madrid","24":"tag-oracion-y-liturgia","25":"tag-parroquias-de-madrid","26":"tag-religion","27":"tag-spain","28":"tag-templos-de-madrid","29":"tag-titulares","30":"tag-ultimas-noticias","31":"tag-ultimasnoticias"},"share_on_mastodon":{"url":"","error":""},"_links":{"self":[{"href":"https:\/\/www.europesays.com\/es\/wp-json\/wp\/v2\/posts\/158023","targetHints":{"allow":["GET"]}}],"collection":[{"href":"https:\/\/www.europesays.com\/es\/wp-json\/wp\/v2\/posts"}],"about":[{"href":"https:\/\/www.europesays.com\/es\/wp-json\/wp\/v2\/types\/post"}],"author":[{"embeddable":true,"href":"https:\/\/www.europesays.com\/es\/wp-json\/wp\/v2\/users\/2"}],"replies":[{"embeddable":true,"href":"https:\/\/www.europesays.com\/es\/wp-json\/wp\/v2\/comments?post=158023"}],"version-history":[{"count":0,"href":"https:\/\/www.europesays.com\/es\/wp-json\/wp\/v2\/posts\/158023\/revisions"}],"wp:featuredmedia":[{"embeddable":true,"href":"https:\/\/www.europesays.com\/es\/wp-json\/wp\/v2\/media\/158024"}],"wp:attachment":[{"href":"https:\/\/www.europesays.com\/es\/wp-json\/wp\/v2\/media?parent=158023"}],"wp:term":[{"taxonomy":"category","embeddable":true,"href":"https:\/\/www.europesays.com\/es\/wp-json\/wp\/v2\/categories?post=158023"},{"taxonomy":"post_tag","embeddable":true,"href":"https:\/\/www.europesays.com\/es\/wp-json\/wp\/v2\/tags?post=158023"}],"curies":[{"name":"wp","href":"https:\/\/api.w.org\/{rel}","templated":true}]}}