{"id":158027,"date":"2025-10-05T13:45:09","date_gmt":"2025-10-05T13:45:09","guid":{"rendered":"https:\/\/www.europesays.com\/es\/158027\/"},"modified":"2025-10-05T13:45:09","modified_gmt":"2025-10-05T13:45:09","slug":"el-cajasol-angel-ximenez-logra-su-primera-victoria-como-local-con-un-final-de-infarto","status":"publish","type":"post","link":"https:\/\/www.europesays.com\/es\/158027\/","title":{"rendered":"El Cajasol \u00c1ngel Xim\u00e9nez logra su primera victoria como local con un final de infarto"},"content":{"rendered":"<p>Ficha t\u00e9cnica: <\/p>\n<p class=\"ft-text\"><strong>22 &#8211; Cajasol \u00c1ngel Xim\u00e9nez Puente Genil: <\/strong>De Hita (1); Estepa (2), Tiago Sousa, Semedo, Bernab\u00e9u (2), Mario Dorado (4) y Daniel Ramos (2) -siete inicial-, Elcio Carvalho (ps), Simonet, Cabello, Dukic (1), Cuenca, Aizen (3), Dani Serrano (3), Claudio Leandro Ramos (4) y Oscar Espersen.<\/p>\n<p class=\"ft-text\"><strong>21 &#8211; Rebi Cuenca: <\/strong>Toniche; Federico Pizarro (3), Barcel\u00f3 (2), Vilhena (3), Nacho Pizarro (1), Afonso Freire (3) y Gandara (2) -siete inicial-, Eloy Martin (ps), Sergio Ant\u00fanez (1), Toth (1), Colmena, Notario y Tavares (5).<\/p>\n<p class=\"ft-text\"><strong>Parciales: <\/strong>2-2, 2-4, 5-6, 7-8, 8-9, 11-10 (descanso); 15-12, 16-13, 16-16, 18-17, 20-19 y 22-21 (final).<\/p>\n<p class=\"ft-text\"><strong>\u00c1rbitros:<\/strong> Jordi Aus\u00e1s Busquets y Miquel Florenza Virgili. Excluyeron por dos minutos a Daniel Serrano (2), Claudio Ramos y Tiago Sousa por el \u00c1ngel Xim\u00e9nez; y a Vilhena y Tavares (2) por el Rebi Cuenca.<\/p>\n<p class=\"ft-text\"><strong>Incidencias: <\/strong>M\u00e1s de 700 aficionados en el Alcalde Miguel Salas. El visitante Santi Barcel\u00f3 sufri\u00f3 una grave lesi\u00f3n de rodilla en la primera parte.<\/p>\n","protected":false},"excerpt":{"rendered":"Ficha t\u00e9cnica: 22 &#8211; Cajasol \u00c1ngel Xim\u00e9nez Puente Genil: De Hita (1); Estepa (2), Tiago Sousa, Semedo, Bernab\u00e9u&hellip;\n","protected":false},"author":2,"featured_media":158028,"comment_status":"","ping_status":"","sticky":false,"template":"","format":"standard","meta":{"footnotes":""},"categories":[278],"tags":[2594,3043,2906,376,39283,168,25,24,375,11812,1078,23,167,2595],"class_list":{"0":"post-158027","1":"post","2":"type-post","3":"status-publish","4":"format-standard","5":"has-post-thumbnail","7":"category-balonmano","8":"tag-angel","9":"tag-angel-ximenez","10":"tag-asobal","11":"tag-balonmano","12":"tag-cajasol","13":"tag-deportes","14":"tag-es","15":"tag-espana","16":"tag-handball","17":"tag-logra","18":"tag-primera","19":"tag-spain","20":"tag-sports","21":"tag-ximenez"},"share_on_mastodon":{"url":"","error":""},"_links":{"self":[{"href":"https:\/\/www.europesays.com\/es\/wp-json\/wp\/v2\/posts\/158027","targetHints":{"allow":["GET"]}}],"collection":[{"href":"https:\/\/www.europesays.com\/es\/wp-json\/wp\/v2\/posts"}],"about":[{"href":"https:\/\/www.europesays.com\/es\/wp-json\/wp\/v2\/types\/post"}],"author":[{"embeddable":true,"href":"https:\/\/www.europesays.com\/es\/wp-json\/wp\/v2\/users\/2"}],"replies":[{"embeddable":true,"href":"https:\/\/www.europesays.com\/es\/wp-json\/wp\/v2\/comments?post=158027"}],"version-history":[{"count":0,"href":"https:\/\/www.europesays.com\/es\/wp-json\/wp\/v2\/posts\/158027\/revisions"}],"wp:featuredmedia":[{"embeddable":true,"href":"https:\/\/www.europesays.com\/es\/wp-json\/wp\/v2\/media\/158028"}],"wp:attachment":[{"href":"https:\/\/www.europesays.com\/es\/wp-json\/wp\/v2\/media?parent=158027"}],"wp:term":[{"taxonomy":"category","embeddable":true,"href":"https:\/\/www.europesays.com\/es\/wp-json\/wp\/v2\/categories?post=158027"},{"taxonomy":"post_tag","embeddable":true,"href":"https:\/\/www.europesays.com\/es\/wp-json\/wp\/v2\/tags?post=158027"}],"curies":[{"name":"wp","href":"https:\/\/api.w.org\/{rel}","templated":true}]}}