{"id":158029,"date":"2025-10-05T13:51:07","date_gmt":"2025-10-05T13:51:07","guid":{"rendered":"https:\/\/www.europesays.com\/es\/158029\/"},"modified":"2025-10-05T13:51:07","modified_gmt":"2025-10-05T13:51:07","slug":"fernando-alonso-solventa-los-errores-de-aston-martin-y-termina-8o-en-la-victoria-de-russell-en-el-gp-de-singapur","status":"publish","type":"post","link":"https:\/\/www.europesays.com\/es\/158029\/","title":{"rendered":"Fernando Alonso solventa los errores de Aston Martin y termina 8\u00ba en la victoria de Russell en el GP de Singapur"},"content":{"rendered":"<p>                <a href=\"https:\/\/www.elespanol.com\/deportes\/motor\/f1\/\" class=\"kicker--section\" rel=\"nofollow noopener\" target=\"_blank\">F1<\/a><\/p>\n<p>\n    Una mala parada condicion\u00f3 la carrera del asturiano, quien tuvo que remontar para recuperar las dos posiciones perdidas. Verstappen sigue recortando puntos a los McLaren.\n<\/p>\n<p class=\"paragraph\" id=\"paragraph_1\">A pesar de que George Russell haya conseguido la victoria en el GP de Singapur, el nombre propia de la carrera no es el brit\u00e1nico, sino su amigo Fernando Alonso. El asturiano ha logrado una nueva heroicidad tras terminar 8\u00ba despu\u00e9s del problema que le caus\u00f3 la parada de su equipo.<\/p>\n<p class=\"paragraph\" id=\"paragraph_2\">El piloto de Aston Martin pas\u00f3 por todos los estados de \u00e1nimo posible. \u00abApago la radio si me habl\u00e1is en cada vuelta\u00bb, le dijo por radio a su ingeniero despu\u00e9s de una lenta parada que se fue a las 9 segundos; aunque tambi\u00e9n se mostr\u00f3 euf\u00f3rico tras adelantar a Hadjar: \u00abUn trofeo para el h\u00e9roe de la carrera\u00bb.<\/p>\n<p class=\"paragraph\" id=\"paragraph_3\">Y es que Alonso recuper\u00f3 en pista las dos posiciones que hab\u00eda ganado en la salida, pero que su equipo se encarg\u00f3 de perderlas. En el circuito urbano de Marina Bay, el asturiano dej\u00f3 un adelantamiento a Isack Hadjar que terminar\u00e1 siendo memorable.<\/p>\n<p class=\"paragraph\" id=\"paragraph_4\"><strong>Noticia en actualizaci\u00f3n<\/strong><\/p>\n<p class=\"paragraph\" id=\"paragraph_5\">Estamos trabajando en la ampliaci\u00f3n de esta informaci\u00f3n.  En breve, la redacci\u00f3n de EL ESPA\u00d1OL les ofrecer\u00e1 la actualizaci\u00f3n de todos los datos sobre esta noticia.<\/p>\n<p class=\"paragraph\" id=\"paragraph_6\">Para recibir en su tel\u00e9fono m\u00f3vil las noticias de \u00faltima hora puede descargarse la aplicaci\u00f3n de nuestro peri\u00f3dico para <a href=\"https:\/\/itunes.apple.com\/es\/app\/el-espa%C3%B1ol\/id1034574551?mt=8\" rel=\"nofollow noopener\" target=\"_blank\">dispositivos iOS<\/a> y <a href=\"https:\/\/play.google.com\/store\/apps\/details?id=com.elespanol&amp;hl=es\" rel=\"nofollow noopener\" target=\"_blank\">Android<\/a>, as\u00ed como <a href=\"https:\/\/www.elespanol.com\/suscripciones\/?utm_cmp_rs=linksinline\" rel=\"nofollow noopener\" target=\"_blank\">suscribirse para acceder a todos los contenidos en exclusiva<\/a>, recibir nuestras Newsletters y disfrutar de la Zona \u00d1, s\u00f3lo para suscriptores.<\/p>\n","protected":false},"excerpt":{"rendered":"F1 Una mala parada condicion\u00f3 la carrera del asturiano, quien tuvo que remontar para recuperar las dos posiciones&hellip;\n","protected":false},"author":2,"featured_media":158030,"comment_status":"","ping_status":"","sticky":false,"template":"","format":"standard","meta":{"footnotes":""},"categories":[270],"tags":[168,25,24,306,2096,271,272,465,2039,23,167],"class_list":{"0":"post-158029","1":"post","2":"type-post","3":"status-publish","4":"format-standard","5":"has-post-thumbnail","7":"category-formula-1","8":"tag-deportes","9":"tag-es","10":"tag-espana","11":"tag-f1","12":"tag-fernando-alonso","13":"tag-formula-1","14":"tag-formula1","15":"tag-george-russell","16":"tag-mundial-de-formula-1","17":"tag-spain","18":"tag-sports"},"share_on_mastodon":{"url":"","error":""},"_links":{"self":[{"href":"https:\/\/www.europesays.com\/es\/wp-json\/wp\/v2\/posts\/158029","targetHints":{"allow":["GET"]}}],"collection":[{"href":"https:\/\/www.europesays.com\/es\/wp-json\/wp\/v2\/posts"}],"about":[{"href":"https:\/\/www.europesays.com\/es\/wp-json\/wp\/v2\/types\/post"}],"author":[{"embeddable":true,"href":"https:\/\/www.europesays.com\/es\/wp-json\/wp\/v2\/users\/2"}],"replies":[{"embeddable":true,"href":"https:\/\/www.europesays.com\/es\/wp-json\/wp\/v2\/comments?post=158029"}],"version-history":[{"count":0,"href":"https:\/\/www.europesays.com\/es\/wp-json\/wp\/v2\/posts\/158029\/revisions"}],"wp:featuredmedia":[{"embeddable":true,"href":"https:\/\/www.europesays.com\/es\/wp-json\/wp\/v2\/media\/158030"}],"wp:attachment":[{"href":"https:\/\/www.europesays.com\/es\/wp-json\/wp\/v2\/media?parent=158029"}],"wp:term":[{"taxonomy":"category","embeddable":true,"href":"https:\/\/www.europesays.com\/es\/wp-json\/wp\/v2\/categories?post=158029"},{"taxonomy":"post_tag","embeddable":true,"href":"https:\/\/www.europesays.com\/es\/wp-json\/wp\/v2\/tags?post=158029"}],"curies":[{"name":"wp","href":"https:\/\/api.w.org\/{rel}","templated":true}]}}