{"id":158031,"date":"2025-10-05T13:56:51","date_gmt":"2025-10-05T13:56:51","guid":{"rendered":"https:\/\/www.europesays.com\/es\/158031\/"},"modified":"2025-10-05T13:56:51","modified_gmt":"2025-10-05T13:56:51","slug":"en-imagenes-la-feria-del-libro-de-murcia-aperitivo-entre-libros-en-alfonso-x","status":"publish","type":"post","link":"https:\/\/www.europesays.com\/es\/158031\/","title":{"rendered":"En im\u00e1genes, la Feria del Libro de Murcia: aperitivo entre libros en Alfonso X"},"content":{"rendered":"<p class=\"v-mdl-ath__p v-mdl-ath__p--6\">\nS\u00e1bado, 4 de octubre 2025, 16:19<\/p>\n<p>| Actualizado 21:42h.<\/p>\n<p class=\"v-p\">Las casetas abiertas de la Feria del Libro de Murcia en la avenida Alfonso X son estos d\u00edas uno de los lugares m\u00e1s frecuentados de la ciudad. Tomar el aperitivo o tardear entre libros se ha convertido ya en norma. Este s\u00e1bado a mediod\u00eda la concurrencia era masiva a los 78 estands de las editoriales en busca de caras conocidas. Murcia ofrece hasta el domingo 12 de abril m\u00e1s de 100 actos repartidos, entre conferencias, presentaciones de libros y ponencias. M\u00e1s de mil autores de todos los g\u00e9neros se dan cita en esta feria que, seg\u00fan Jes\u00fas Boluda del Toro, presidente de la asociaci\u00f3n organizadora, Palin, y director de la Feria del Libro, aspira a ser la m\u00e1s multitudinaria de su historia. \u00abEl buen tiempo, adem\u00e1s, nos acompa\u00f1a\u00bb.<\/p>\n<p class=\"v-p\">Durante la inaguraci\u00f3n de esta cita, en representaci\u00f3n del Gobierno de Espa\u00f1a, el subdirector general de la Subdirecci\u00f3n General del Libro, Jes\u00fas Gonz\u00e1lez, defendi\u00f3 la lectura como \u00abun derecho que debemos proteger desde los poderes p\u00fablicos y que pasa, sin duda, por garantizar el acceso a los libros mediante acciones como esta feria\u00bb. Asimismo, apost\u00f3 por seguir \u00abgenerando espacios democr\u00e1ticos de lectura en los que la poblaci\u00f3n que vive ajena a los libros descubra el gran privilegio que supone que uno de los mayores inventos de la humanidad est\u00e9 al alcance de nuestras manos\u00bb. En este sentido, Jes\u00fas Boluda insisti\u00f3 en que esta edici\u00f3n \u00abnace con la ambici\u00f3n de traer al m\u00e1ximo p\u00fablico posible\u00bb. Para ello han creado \u00abuna programaci\u00f3n clara, equilibrada, pensada para todas las edades y para todos los ritmos de lectura\u00bb.<\/p>\n<p class=\"v-p\">Las actividades organizadas salen a la calle para que los libros se mezclen con la vida cotidiana con el deseo de que \u00abcada visitante encuentre su t\u00edtulo, su conversaci\u00f3n, su momento\u00bb, afirma Boluda. Adem\u00e1s, anima a \u00abregalar a un libro 15 minutos al d\u00eda\u00bb y a los lectores habituales a \u00abpedir una recomendaci\u00f3n a su librero o explorar un g\u00e9nero nuevo\u00bb. El programa de la feria, en la que colaboran la CARM y el Ayuntamiento de Murcia, est\u00e1 en la web ferialibromurcia.com<\/p>\n<p><img decoding=\"async\" loading=\"lazy\" src=\"https:\/\/www.europesays.com\/es\/wp-content\/uploads\/2025\/10\/1501527863.jpg\" class=\"v-a-img\" width=\"624\" height=\"900\" alt=\"En im\u00e1genes, la Feria del Libro de Murcia: aperitivo entre libros en Alfonso X\"\/><\/p>\n<p><img decoding=\"async\" loading=\"lazy\" src=\"https:\/\/www.europesays.com\/es\/wp-content\/uploads\/2025\/10\/1501527863.jpg\" class=\"v-mdl__img-z\" width=\"624\" height=\"900\" alt=\"En im\u00e1genes, la Feria del Libro de Murcia: aperitivo entre libros en Alfonso X\"\/><\/p>\n<p><img loading=\"lazy\" decoding=\"async\" src=\"https:\/\/www.europesays.com\/es\/wp-content\/uploads\/2025\/10\/1501527863.jpg\" class=\"v-mdl__img-z\" width=\"624\" height=\"900\" alt=\"En im\u00e1genes, la Feria del Libro de Murcia: aperitivo entre libros en Alfonso X\"\/><\/p>\n<p><img decoding=\"async\" loading=\"lazy\" src=\"https:\/\/www.europesays.com\/es\/wp-content\/uploads\/2025\/10\/1501527864.jpg\" class=\"v-a-img\" width=\"624\" height=\"900\" alt=\"En im\u00e1genes, la Feria del Libro de Murcia: aperitivo entre libros en Alfonso X\"\/><\/p>\n<p><img decoding=\"async\" loading=\"lazy\" src=\"https:\/\/www.europesays.com\/es\/wp-content\/uploads\/2025\/10\/1501527864.jpg\" class=\"v-mdl__img-z\" width=\"624\" height=\"900\" alt=\"En im\u00e1genes, la Feria del Libro de Murcia: aperitivo entre libros en Alfonso X\"\/><\/p>\n<p><img loading=\"lazy\" decoding=\"async\" src=\"https:\/\/www.europesays.com\/es\/wp-content\/uploads\/2025\/10\/1501527864.jpg\" class=\"v-mdl__img-z\" width=\"624\" height=\"900\" alt=\"En im\u00e1genes, la Feria del Libro de Murcia: aperitivo entre libros en Alfonso X\"\/><\/p>\n<p><img decoding=\"async\" loading=\"lazy\" src=\"https:\/\/www.europesays.com\/es\/wp-content\/uploads\/2025\/10\/1501527940.jpg\" class=\"v-a-img\" width=\"624\" height=\"900\" alt=\"En im\u00e1genes, la Feria del Libro de Murcia: aperitivo entre libros en Alfonso X\"\/><\/p>\n<p><img decoding=\"async\" loading=\"lazy\" src=\"https:\/\/www.europesays.com\/es\/wp-content\/uploads\/2025\/10\/1501527940.jpg\" class=\"v-mdl__img-z\" width=\"624\" height=\"900\" alt=\"En im\u00e1genes, la Feria del Libro de Murcia: aperitivo entre libros en Alfonso X\"\/><\/p>\n<p><img loading=\"lazy\" decoding=\"async\" src=\"https:\/\/www.europesays.com\/es\/wp-content\/uploads\/2025\/10\/1501527940.jpg\" class=\"v-mdl__img-z\" width=\"624\" height=\"900\" alt=\"En im\u00e1genes, la Feria del Libro de Murcia: aperitivo entre libros en Alfonso X\"\/><\/p>\n<p><img decoding=\"async\" loading=\"lazy\" src=\"https:\/\/www.europesays.com\/es\/wp-content\/uploads\/2025\/10\/1501527941.jpg\" class=\"v-a-img\" width=\"624\" height=\"900\" alt=\"En im\u00e1genes, la Feria del Libro de Murcia: aperitivo entre libros en Alfonso X\"\/><\/p>\n<p><img decoding=\"async\" loading=\"lazy\" src=\"https:\/\/www.europesays.com\/es\/wp-content\/uploads\/2025\/10\/1501527941.jpg\" class=\"v-mdl__img-z\" width=\"624\" height=\"900\" alt=\"En im\u00e1genes, la Feria del Libro de Murcia: aperitivo entre libros en Alfonso X\"\/><\/p>\n<p><img loading=\"lazy\" decoding=\"async\" src=\"https:\/\/www.europesays.com\/es\/wp-content\/uploads\/2025\/10\/1501527941.jpg\" class=\"v-mdl__img-z\" width=\"624\" height=\"900\" alt=\"En im\u00e1genes, la Feria del Libro de Murcia: aperitivo entre libros en Alfonso X\"\/><\/p>\n<p><img decoding=\"async\" loading=\"lazy\" src=\"https:\/\/www.europesays.com\/es\/wp-content\/uploads\/2025\/10\/1501527945.jpg\" class=\"v-a-img\" width=\"624\" height=\"900\" alt=\"En im\u00e1genes, la Feria del Libro de Murcia: aperitivo entre libros en Alfonso X\"\/><\/p>\n<p><img decoding=\"async\" loading=\"lazy\" src=\"https:\/\/www.europesays.com\/es\/wp-content\/uploads\/2025\/10\/1501527945.jpg\" class=\"v-mdl__img-z\" width=\"624\" height=\"900\" alt=\"En im\u00e1genes, la Feria del Libro de Murcia: aperitivo entre libros en Alfonso X\"\/><\/p>\n<p><img loading=\"lazy\" decoding=\"async\" src=\"https:\/\/www.europesays.com\/es\/wp-content\/uploads\/2025\/10\/1501527945.jpg\" class=\"v-mdl__img-z\" width=\"624\" height=\"900\" alt=\"En im\u00e1genes, la Feria del Libro de Murcia: aperitivo entre libros en Alfonso X\"\/><\/p>\n<p><img decoding=\"async\" loading=\"lazy\" src=\"https:\/\/www.europesays.com\/es\/wp-content\/uploads\/2025\/10\/1501527949.jpg\" class=\"v-a-img\" width=\"624\" height=\"900\" alt=\"En im\u00e1genes, la Feria del Libro de Murcia: aperitivo entre libros en Alfonso X\"\/><\/p>\n<p><img decoding=\"async\" loading=\"lazy\" src=\"https:\/\/www.europesays.com\/es\/wp-content\/uploads\/2025\/10\/1501527949.jpg\" class=\"v-mdl__img-z\" width=\"624\" height=\"900\" alt=\"En im\u00e1genes, la Feria del Libro de Murcia: aperitivo entre libros en Alfonso X\"\/><\/p>\n<p><img loading=\"lazy\" decoding=\"async\" src=\"https:\/\/www.europesays.com\/es\/wp-content\/uploads\/2025\/10\/1501527949.jpg\" class=\"v-mdl__img-z\" width=\"624\" height=\"900\" alt=\"En im\u00e1genes, la Feria del Libro de Murcia: aperitivo entre libros en Alfonso X\"\/><\/p>\n<p><img decoding=\"async\" loading=\"lazy\" src=\"https:\/\/www.europesays.com\/es\/wp-content\/uploads\/2025\/10\/1501527950.jpg\" class=\"v-a-img\" width=\"624\" height=\"900\" alt=\"En im\u00e1genes, la Feria del Libro de Murcia: aperitivo entre libros en Alfonso X\"\/><\/p>\n<p><img decoding=\"async\" loading=\"lazy\" src=\"https:\/\/www.europesays.com\/es\/wp-content\/uploads\/2025\/10\/1501527950.jpg\" class=\"v-mdl__img-z\" width=\"624\" height=\"900\" alt=\"En im\u00e1genes, la Feria del Libro de Murcia: aperitivo entre libros en Alfonso X\"\/><\/p>\n<p><img loading=\"lazy\" decoding=\"async\" src=\"https:\/\/www.europesays.com\/es\/wp-content\/uploads\/2025\/10\/1501527950.jpg\" class=\"v-mdl__img-z\" width=\"624\" height=\"900\" alt=\"En im\u00e1genes, la Feria del Libro de Murcia: aperitivo entre libros en Alfonso X\"\/><\/p>\n<p><img decoding=\"async\" loading=\"lazy\" src=\"https:\/\/www.europesays.com\/es\/wp-content\/uploads\/2025\/10\/1501527952.jpg\" class=\"v-a-img\" width=\"624\" height=\"900\" alt=\"En im\u00e1genes, la Feria del Libro de Murcia: aperitivo entre libros en Alfonso X\"\/><\/p>\n<p><img decoding=\"async\" loading=\"lazy\" src=\"https:\/\/www.europesays.com\/es\/wp-content\/uploads\/2025\/10\/1501527952.jpg\" class=\"v-mdl__img-z\" width=\"624\" height=\"900\" alt=\"En im\u00e1genes, la Feria del Libro de Murcia: aperitivo entre libros en Alfonso X\"\/><\/p>\n<p><img loading=\"lazy\" decoding=\"async\" src=\"https:\/\/www.europesays.com\/es\/wp-content\/uploads\/2025\/10\/1501527952.jpg\" class=\"v-mdl__img-z\" width=\"624\" height=\"900\" alt=\"En im\u00e1genes, la Feria del Libro de Murcia: aperitivo entre libros en Alfonso X\"\/><\/p>\n<p><img decoding=\"async\" loading=\"lazy\" src=\"https:\/\/www.europesays.com\/es\/wp-content\/uploads\/2025\/10\/1501527953.jpg\" class=\"v-a-img\" width=\"624\" height=\"900\" alt=\"En im\u00e1genes, la Feria del Libro de Murcia: aperitivo entre libros en Alfonso X\"\/><\/p>\n<p><img decoding=\"async\" loading=\"lazy\" src=\"https:\/\/www.europesays.com\/es\/wp-content\/uploads\/2025\/10\/1501527953.jpg\" class=\"v-mdl__img-z\" width=\"624\" height=\"900\" alt=\"En im\u00e1genes, la Feria del Libro de Murcia: aperitivo entre libros en Alfonso X\"\/><\/p>\n<p><img loading=\"lazy\" decoding=\"async\" src=\"https:\/\/www.europesays.com\/es\/wp-content\/uploads\/2025\/10\/1501527953.jpg\" class=\"v-mdl__img-z\" width=\"624\" height=\"900\" alt=\"En im\u00e1genes, la Feria del Libro de Murcia: aperitivo entre libros en Alfonso X\"\/><\/p>\n<p><img decoding=\"async\" loading=\"lazy\" src=\"https:\/\/www.europesays.com\/es\/wp-content\/uploads\/2025\/10\/1501527954.jpg\" class=\"v-a-img\" width=\"624\" height=\"900\" alt=\"En im\u00e1genes, la Feria del Libro de Murcia: aperitivo entre libros en Alfonso X\"\/><\/p>\n<p><img decoding=\"async\" loading=\"lazy\" src=\"https:\/\/www.europesays.com\/es\/wp-content\/uploads\/2025\/10\/1501527954.jpg\" class=\"v-mdl__img-z\" width=\"624\" height=\"900\" alt=\"En im\u00e1genes, la Feria del Libro de Murcia: aperitivo entre libros en Alfonso X\"\/><\/p>\n<p><img loading=\"lazy\" decoding=\"async\" src=\"https:\/\/www.europesays.com\/es\/wp-content\/uploads\/2025\/10\/1501527954.jpg\" class=\"v-mdl__img-z\" width=\"624\" height=\"900\" alt=\"En im\u00e1genes, la Feria del Libro de Murcia: aperitivo entre libros en Alfonso X\"\/><\/p>\n<p><img decoding=\"async\" loading=\"lazy\" src=\"https:\/\/www.europesays.com\/es\/wp-content\/uploads\/2025\/10\/1501527957.jpg\" class=\"v-a-img\" width=\"624\" height=\"900\" alt=\"En im\u00e1genes, la Feria del Libro de Murcia: aperitivo entre libros en Alfonso X\"\/><\/p>\n<p><img decoding=\"async\" loading=\"lazy\" src=\"https:\/\/www.europesays.com\/es\/wp-content\/uploads\/2025\/10\/1501527957.jpg\" class=\"v-mdl__img-z\" width=\"624\" height=\"900\" alt=\"En im\u00e1genes, la Feria del Libro de Murcia: aperitivo entre libros en Alfonso X\"\/><\/p>\n<p><img loading=\"lazy\" decoding=\"async\" src=\"https:\/\/www.europesays.com\/es\/wp-content\/uploads\/2025\/10\/1501527957.jpg\" class=\"v-mdl__img-z\" width=\"624\" height=\"900\" alt=\"En im\u00e1genes, la Feria del Libro de Murcia: aperitivo entre libros en Alfonso X\"\/><\/p>\n<p><img decoding=\"async\" loading=\"lazy\" src=\"https:\/\/www.europesays.com\/es\/wp-content\/uploads\/2025\/10\/1501527958.jpg\" class=\"v-a-img\" width=\"624\" height=\"900\" alt=\"En im\u00e1genes, la Feria del Libro de Murcia: aperitivo entre libros en Alfonso X\"\/><\/p>\n<p><img decoding=\"async\" loading=\"lazy\" src=\"https:\/\/www.europesays.com\/es\/wp-content\/uploads\/2025\/10\/1501527958.jpg\" class=\"v-mdl__img-z\" width=\"624\" height=\"900\" alt=\"En im\u00e1genes, la Feria del Libro de Murcia: aperitivo entre libros en Alfonso X\"\/><\/p>\n<p><img loading=\"lazy\" decoding=\"async\" src=\"https:\/\/www.europesays.com\/es\/wp-content\/uploads\/2025\/10\/1501527958.jpg\" class=\"v-mdl__img-z\" width=\"624\" height=\"900\" alt=\"En im\u00e1genes, la Feria del Libro de Murcia: aperitivo entre libros en Alfonso X\"\/><\/p>\n<p><img decoding=\"async\" loading=\"lazy\" src=\"https:\/\/www.europesays.com\/es\/wp-content\/uploads\/2025\/10\/1501527961.jpg\" class=\"v-a-img\" width=\"624\" height=\"900\" alt=\"En im\u00e1genes, la Feria del Libro de Murcia: aperitivo entre libros en Alfonso X\"\/><\/p>\n<p><img decoding=\"async\" loading=\"lazy\" src=\"https:\/\/www.europesays.com\/es\/wp-content\/uploads\/2025\/10\/1501527961.jpg\" class=\"v-mdl__img-z\" width=\"624\" height=\"900\" alt=\"En im\u00e1genes, la Feria del Libro de Murcia: aperitivo entre libros en Alfonso X\"\/><\/p>\n<p><img loading=\"lazy\" decoding=\"async\" src=\"https:\/\/www.europesays.com\/es\/wp-content\/uploads\/2025\/10\/1501527961.jpg\" class=\"v-mdl__img-z\" width=\"624\" height=\"900\" alt=\"En im\u00e1genes, la Feria del Libro de Murcia: aperitivo entre libros en Alfonso X\"\/><\/p>\n<p><img decoding=\"async\" loading=\"lazy\" src=\"https:\/\/www.europesays.com\/es\/wp-content\/uploads\/2025\/10\/1501527962.jpg\" class=\"v-a-img\" width=\"624\" height=\"900\" alt=\"En im\u00e1genes, la Feria del Libro de Murcia: aperitivo entre libros en Alfonso X\"\/><\/p>\n<p><img decoding=\"async\" loading=\"lazy\" src=\"https:\/\/www.europesays.com\/es\/wp-content\/uploads\/2025\/10\/1501527962.jpg\" class=\"v-mdl__img-z\" width=\"624\" height=\"900\" alt=\"En im\u00e1genes, la Feria del Libro de Murcia: aperitivo entre libros en Alfonso X\"\/><\/p>\n<p><img loading=\"lazy\" decoding=\"async\" src=\"https:\/\/www.europesays.com\/es\/wp-content\/uploads\/2025\/10\/1501527962.jpg\" class=\"v-mdl__img-z\" width=\"624\" height=\"900\" alt=\"En im\u00e1genes, la Feria del Libro de Murcia: aperitivo entre libros en Alfonso X\"\/><\/p>\n<p><img decoding=\"async\" loading=\"lazy\" src=\"https:\/\/www.europesays.com\/es\/wp-content\/uploads\/2025\/10\/1501527963.jpg\" class=\"v-a-img\" width=\"624\" height=\"900\" alt=\"En im\u00e1genes, la Feria del Libro de Murcia: aperitivo entre libros en Alfonso X\"\/><\/p>\n<p><img decoding=\"async\" loading=\"lazy\" src=\"https:\/\/www.europesays.com\/es\/wp-content\/uploads\/2025\/10\/1501527963.jpg\" class=\"v-mdl__img-z\" width=\"624\" height=\"900\" alt=\"En im\u00e1genes, la Feria del Libro de Murcia: aperitivo entre libros en Alfonso X\"\/><\/p>\n<p><img loading=\"lazy\" decoding=\"async\" src=\"https:\/\/www.europesays.com\/es\/wp-content\/uploads\/2025\/10\/1501527963.jpg\" class=\"v-mdl__img-z\" width=\"624\" height=\"900\" alt=\"En im\u00e1genes, la Feria del Libro de Murcia: aperitivo entre libros en Alfonso X\"\/><\/p>\n<p><img decoding=\"async\" loading=\"lazy\" src=\"https:\/\/www.europesays.com\/es\/wp-content\/uploads\/2025\/10\/1501527966.jpg\" class=\"v-a-img\" width=\"624\" height=\"900\" alt=\"En im\u00e1genes, la Feria del Libro de Murcia: aperitivo entre libros en Alfonso X\"\/><\/p>\n<p><img decoding=\"async\" loading=\"lazy\" src=\"https:\/\/www.europesays.com\/es\/wp-content\/uploads\/2025\/10\/1501527966.jpg\" class=\"v-mdl__img-z\" width=\"624\" height=\"900\" alt=\"En im\u00e1genes, la Feria del Libro de Murcia: aperitivo entre libros en Alfonso X\"\/><\/p>\n<p><img loading=\"lazy\" decoding=\"async\" src=\"https:\/\/www.europesays.com\/es\/wp-content\/uploads\/2025\/10\/1501527966.jpg\" class=\"v-mdl__img-z\" width=\"624\" height=\"900\" alt=\"En im\u00e1genes, la Feria del Libro de Murcia: aperitivo entre libros en Alfonso X\"\/><\/p>\n<p><img decoding=\"async\" loading=\"lazy\" src=\"https:\/\/www.europesays.com\/es\/wp-content\/uploads\/2025\/10\/1501527967.jpg\" class=\"v-a-img\" width=\"624\" height=\"900\" alt=\"En im\u00e1genes, la Feria del Libro de Murcia: aperitivo entre libros en Alfonso X\"\/><\/p>\n<p><img decoding=\"async\" loading=\"lazy\" src=\"https:\/\/www.europesays.com\/es\/wp-content\/uploads\/2025\/10\/1501527967.jpg\" class=\"v-mdl__img-z\" width=\"624\" height=\"900\" alt=\"En im\u00e1genes, la Feria del Libro de Murcia: aperitivo entre libros en Alfonso X\"\/><\/p>\n<p><img loading=\"lazy\" decoding=\"async\" src=\"https:\/\/www.europesays.com\/es\/wp-content\/uploads\/2025\/10\/1501527967.jpg\" class=\"v-mdl__img-z\" width=\"624\" height=\"900\" alt=\"En im\u00e1genes, la Feria del Libro de Murcia: aperitivo entre libros en Alfonso X\"\/><\/p>\n<p><img decoding=\"async\" loading=\"lazy\" src=\"https:\/\/www.europesays.com\/es\/wp-content\/uploads\/2025\/10\/1501527968.jpg\" class=\"v-a-img\" width=\"624\" height=\"900\" alt=\"En im\u00e1genes, la Feria del Libro de Murcia: aperitivo entre libros en Alfonso X\"\/><\/p>\n<p><img decoding=\"async\" loading=\"lazy\" src=\"https:\/\/www.europesays.com\/es\/wp-content\/uploads\/2025\/10\/1501527968.jpg\" class=\"v-mdl__img-z\" width=\"624\" height=\"900\" alt=\"En im\u00e1genes, la Feria del Libro de Murcia: aperitivo entre libros en Alfonso X\"\/><\/p>\n<p><img loading=\"lazy\" decoding=\"async\" src=\"https:\/\/www.europesays.com\/es\/wp-content\/uploads\/2025\/10\/1501527968.jpg\" class=\"v-mdl__img-z\" width=\"624\" height=\"900\" alt=\"En im\u00e1genes, la Feria del Libro de Murcia: aperitivo entre libros en Alfonso X\"\/><\/p>\n<p><img decoding=\"async\" loading=\"lazy\" src=\"https:\/\/www.europesays.com\/es\/wp-content\/uploads\/2025\/10\/1501527970.jpg\" class=\"v-a-img\" width=\"624\" height=\"900\" alt=\"En im\u00e1genes, la Feria del Libro de Murcia: aperitivo entre libros en Alfonso X\"\/><\/p>\n<p><img decoding=\"async\" loading=\"lazy\" src=\"https:\/\/www.europesays.com\/es\/wp-content\/uploads\/2025\/10\/1501527970.jpg\" class=\"v-mdl__img-z\" width=\"624\" height=\"900\" alt=\"En im\u00e1genes, la Feria del Libro de Murcia: aperitivo entre libros en Alfonso X\"\/><\/p>\n<p><img loading=\"lazy\" decoding=\"async\" src=\"https:\/\/www.europesays.com\/es\/wp-content\/uploads\/2025\/10\/1501527970.jpg\" class=\"v-mdl__img-z\" width=\"624\" height=\"900\" alt=\"En im\u00e1genes, la Feria del Libro de Murcia: aperitivo entre libros en Alfonso X\"\/><\/p>\n<p><img decoding=\"async\" loading=\"lazy\" src=\"https:\/\/www.europesays.com\/es\/wp-content\/uploads\/2025\/10\/1501527971.jpg\" class=\"v-a-img\" width=\"624\" height=\"900\" alt=\"En im\u00e1genes, la Feria del Libro de Murcia: aperitivo entre libros en Alfonso X\"\/><\/p>\n<p><img decoding=\"async\" loading=\"lazy\" src=\"https:\/\/www.europesays.com\/es\/wp-content\/uploads\/2025\/10\/1501527971.jpg\" class=\"v-mdl__img-z\" width=\"624\" height=\"900\" alt=\"En im\u00e1genes, la Feria del Libro de Murcia: aperitivo entre libros en Alfonso X\"\/><\/p>\n<p><img loading=\"lazy\" decoding=\"async\" src=\"https:\/\/www.europesays.com\/es\/wp-content\/uploads\/2025\/10\/1501527971.jpg\" class=\"v-mdl__img-z\" width=\"624\" height=\"900\" alt=\"En im\u00e1genes, la Feria del Libro de Murcia: aperitivo entre libros en Alfonso X\"\/><\/p>\n<p><img decoding=\"async\" loading=\"lazy\" src=\"https:\/\/www.europesays.com\/es\/wp-content\/uploads\/2025\/10\/1501527972.jpg\" class=\"v-a-img\" width=\"624\" height=\"900\" alt=\"En im\u00e1genes, la Feria del Libro de Murcia: aperitivo entre libros en Alfonso X\"\/><\/p>\n<p><img decoding=\"async\" loading=\"lazy\" src=\"https:\/\/www.europesays.com\/es\/wp-content\/uploads\/2025\/10\/1501527972.jpg\" class=\"v-mdl__img-z\" width=\"624\" height=\"900\" alt=\"En im\u00e1genes, la Feria del Libro de Murcia: aperitivo entre libros en Alfonso X\"\/><\/p>\n<p><img loading=\"lazy\" decoding=\"async\" src=\"https:\/\/www.europesays.com\/es\/wp-content\/uploads\/2025\/10\/1501527972.jpg\" class=\"v-mdl__img-z\" width=\"624\" height=\"900\" alt=\"En im\u00e1genes, la Feria del Libro de Murcia: aperitivo entre libros en Alfonso X\"\/><\/p>\n<p><img decoding=\"async\" loading=\"lazy\" src=\"https:\/\/www.europesays.com\/es\/wp-content\/uploads\/2025\/10\/1501527973.jpg\" class=\"v-a-img\" width=\"624\" height=\"900\" alt=\"En im\u00e1genes, la Feria del Libro de Murcia: aperitivo entre libros en Alfonso X\"\/><\/p>\n<p><img decoding=\"async\" loading=\"lazy\" src=\"https:\/\/www.europesays.com\/es\/wp-content\/uploads\/2025\/10\/1501527973.jpg\" class=\"v-mdl__img-z\" width=\"624\" height=\"900\" alt=\"En im\u00e1genes, la Feria del Libro de Murcia: aperitivo entre libros en Alfonso X\"\/><\/p>\n<p><img loading=\"lazy\" decoding=\"async\" src=\"https:\/\/www.europesays.com\/es\/wp-content\/uploads\/2025\/10\/1501527973.jpg\" class=\"v-mdl__img-z\" width=\"624\" height=\"900\" alt=\"En im\u00e1genes, la Feria del Libro de Murcia: aperitivo entre libros en Alfonso X\"\/><\/p>\n<p><img decoding=\"async\" loading=\"lazy\" src=\"https:\/\/www.europesays.com\/es\/wp-content\/uploads\/2025\/10\/1501527975.jpg\" class=\"v-a-img\" width=\"624\" height=\"900\" alt=\"En im\u00e1genes, la Feria del Libro de Murcia: aperitivo entre libros en Alfonso X\"\/><\/p>\n<p><img decoding=\"async\" loading=\"lazy\" src=\"https:\/\/www.europesays.com\/es\/wp-content\/uploads\/2025\/10\/1501527975.jpg\" class=\"v-mdl__img-z\" width=\"624\" height=\"900\" alt=\"En im\u00e1genes, la Feria del Libro de Murcia: aperitivo entre libros en Alfonso X\"\/><\/p>\n<p><img loading=\"lazy\" decoding=\"async\" src=\"https:\/\/www.europesays.com\/es\/wp-content\/uploads\/2025\/10\/1501527975.jpg\" class=\"v-mdl__img-z\" width=\"624\" height=\"900\" alt=\"En im\u00e1genes, la Feria del Libro de Murcia: aperitivo entre libros en Alfonso X\"\/><\/p>\n<p><img decoding=\"async\" loading=\"lazy\" src=\"https:\/\/www.europesays.com\/es\/wp-content\/uploads\/2025\/10\/1501527976.jpg\" class=\"v-a-img\" width=\"624\" height=\"900\" alt=\"En im\u00e1genes, la Feria del Libro de Murcia: aperitivo entre libros en Alfonso X\"\/><\/p>\n<p><img decoding=\"async\" loading=\"lazy\" src=\"https:\/\/www.europesays.com\/es\/wp-content\/uploads\/2025\/10\/1501527976.jpg\" class=\"v-mdl__img-z\" width=\"624\" height=\"900\" alt=\"En im\u00e1genes, la Feria del Libro de Murcia: aperitivo entre libros en Alfonso X\"\/><\/p>\n<p><img loading=\"lazy\" decoding=\"async\" src=\"https:\/\/www.europesays.com\/es\/wp-content\/uploads\/2025\/10\/1501527976.jpg\" class=\"v-mdl__img-z\" width=\"624\" height=\"900\" alt=\"En im\u00e1genes, la Feria del Libro de Murcia: aperitivo entre libros en Alfonso X\"\/><\/p>\n<p><img decoding=\"async\" loading=\"lazy\" src=\"https:\/\/www.europesays.com\/es\/wp-content\/uploads\/2025\/10\/1501527977.jpg\" class=\"v-a-img\" width=\"624\" height=\"900\" alt=\"En im\u00e1genes, la Feria del Libro de Murcia: aperitivo entre libros en Alfonso X\"\/><\/p>\n<p><img decoding=\"async\" loading=\"lazy\" src=\"https:\/\/www.europesays.com\/es\/wp-content\/uploads\/2025\/10\/1501527977.jpg\" class=\"v-mdl__img-z\" width=\"624\" height=\"900\" alt=\"En im\u00e1genes, la Feria del Libro de Murcia: aperitivo entre libros en Alfonso X\"\/><\/p>\n<p><img loading=\"lazy\" decoding=\"async\" src=\"https:\/\/www.europesays.com\/es\/wp-content\/uploads\/2025\/10\/1501527977.jpg\" class=\"v-mdl__img-z\" width=\"624\" height=\"900\" alt=\"En im\u00e1genes, la Feria del Libro de Murcia: aperitivo entre libros en Alfonso X\"\/><\/p>\n<p><img decoding=\"async\" loading=\"lazy\" src=\"https:\/\/www.europesays.com\/es\/wp-content\/uploads\/2025\/10\/1501527996.jpg\" class=\"v-a-img\" width=\"624\" height=\"900\" alt=\"En im\u00e1genes, la Feria del Libro de Murcia: aperitivo entre libros en Alfonso X\"\/><\/p>\n<p><img decoding=\"async\" loading=\"lazy\" src=\"https:\/\/www.europesays.com\/es\/wp-content\/uploads\/2025\/10\/1501527996.jpg\" class=\"v-mdl__img-z\" width=\"624\" height=\"900\" alt=\"En im\u00e1genes, la Feria del Libro de Murcia: aperitivo entre libros en Alfonso X\"\/><\/p>\n<p><img loading=\"lazy\" decoding=\"async\" src=\"https:\/\/www.europesays.com\/es\/wp-content\/uploads\/2025\/10\/1501527996.jpg\" class=\"v-mdl__img-z\" width=\"624\" height=\"900\" alt=\"En im\u00e1genes, la Feria del Libro de Murcia: aperitivo entre libros en Alfonso X\"\/><\/p>\n<p><img decoding=\"async\" loading=\"lazy\" src=\"https:\/\/www.europesays.com\/es\/wp-content\/uploads\/2025\/10\/1501527997.jpg\" class=\"v-a-img\" width=\"624\" height=\"900\" alt=\"En im\u00e1genes, la Feria del Libro de Murcia: aperitivo entre libros en Alfonso X\"\/><\/p>\n<p><img decoding=\"async\" loading=\"lazy\" src=\"https:\/\/www.europesays.com\/es\/wp-content\/uploads\/2025\/10\/1501527997.jpg\" class=\"v-mdl__img-z\" width=\"624\" height=\"900\" alt=\"En im\u00e1genes, la Feria del Libro de Murcia: aperitivo entre libros en Alfonso X\"\/><\/p>\n<p><img loading=\"lazy\" decoding=\"async\" src=\"https:\/\/www.europesays.com\/es\/wp-content\/uploads\/2025\/10\/1501527997.jpg\" class=\"v-mdl__img-z\" width=\"624\" height=\"900\" alt=\"En im\u00e1genes, la Feria del Libro de Murcia: aperitivo entre libros en Alfonso X\"\/><\/p>\n<p><img decoding=\"async\" loading=\"lazy\" src=\"https:\/\/www.europesays.com\/es\/wp-content\/uploads\/2025\/10\/1501527998.jpg\" class=\"v-a-img\" width=\"624\" height=\"900\" alt=\"En im\u00e1genes, la Feria del Libro de Murcia: aperitivo entre libros en Alfonso X\"\/><\/p>\n<p><img decoding=\"async\" loading=\"lazy\" src=\"https:\/\/www.europesays.com\/es\/wp-content\/uploads\/2025\/10\/1501527998.jpg\" class=\"v-mdl__img-z\" width=\"624\" height=\"900\" alt=\"En im\u00e1genes, la Feria del Libro de Murcia: aperitivo entre libros en Alfonso X\"\/><\/p>\n<p><img loading=\"lazy\" decoding=\"async\" src=\"https:\/\/www.europesays.com\/es\/wp-content\/uploads\/2025\/10\/1501527998.jpg\" class=\"v-mdl__img-z\" width=\"624\" height=\"900\" alt=\"En im\u00e1genes, la Feria del Libro de Murcia: aperitivo entre libros en Alfonso X\"\/><\/p>\n<p><img decoding=\"async\" loading=\"lazy\" src=\"https:\/\/www.europesays.com\/es\/wp-content\/uploads\/2025\/10\/1501528006.jpg\" class=\"v-a-img\" width=\"624\" height=\"900\" alt=\"En im\u00e1genes, la Feria del Libro de Murcia: aperitivo entre libros en Alfonso X\"\/><\/p>\n<p><img decoding=\"async\" loading=\"lazy\" src=\"https:\/\/www.europesays.com\/es\/wp-content\/uploads\/2025\/10\/1501528006.jpg\" class=\"v-mdl__img-z\" width=\"624\" height=\"900\" alt=\"En im\u00e1genes, la Feria del Libro de Murcia: aperitivo entre libros en Alfonso X\"\/><\/p>\n<p><img loading=\"lazy\" decoding=\"async\" src=\"https:\/\/www.europesays.com\/es\/wp-content\/uploads\/2025\/10\/1501528006.jpg\" class=\"v-mdl__img-z\" width=\"624\" height=\"900\" alt=\"En im\u00e1genes, la Feria del Libro de Murcia: aperitivo entre libros en Alfonso X\"\/><\/p>\n<p><img decoding=\"async\" loading=\"lazy\" src=\"https:\/\/www.europesays.com\/es\/wp-content\/uploads\/2025\/10\/1501528010.jpg\" class=\"v-a-img\" width=\"624\" height=\"900\" alt=\"En im\u00e1genes, la Feria del Libro de Murcia: aperitivo entre libros en Alfonso X\"\/><\/p>\n<p><img decoding=\"async\" loading=\"lazy\" src=\"https:\/\/www.europesays.com\/es\/wp-content\/uploads\/2025\/10\/1501528010.jpg\" class=\"v-mdl__img-z\" width=\"624\" height=\"900\" alt=\"En im\u00e1genes, la Feria del Libro de Murcia: aperitivo entre libros en Alfonso X\"\/><\/p>\n<p><img loading=\"lazy\" decoding=\"async\" src=\"https:\/\/www.europesays.com\/es\/wp-content\/uploads\/2025\/10\/1501528010.jpg\" class=\"v-mdl__img-z\" width=\"624\" height=\"900\" alt=\"En im\u00e1genes, la Feria del Libro de Murcia: aperitivo entre libros en Alfonso X\"\/><\/p>\n<p><img decoding=\"async\" loading=\"lazy\" src=\"https:\/\/www.europesays.com\/es\/wp-content\/uploads\/2025\/10\/1501528011.jpg\" class=\"v-a-img\" width=\"624\" height=\"900\" alt=\"En im\u00e1genes, la Feria del Libro de Murcia: aperitivo entre libros en Alfonso X\"\/><\/p>\n<p><img decoding=\"async\" loading=\"lazy\" src=\"https:\/\/www.europesays.com\/es\/wp-content\/uploads\/2025\/10\/1501528011.jpg\" class=\"v-mdl__img-z\" width=\"624\" height=\"900\" alt=\"En im\u00e1genes, la Feria del Libro de Murcia: aperitivo entre libros en Alfonso X\"\/><\/p>\n<p><img loading=\"lazy\" decoding=\"async\" src=\"https:\/\/www.europesays.com\/es\/wp-content\/uploads\/2025\/10\/1501528011.jpg\" class=\"v-mdl__img-z\" width=\"624\" height=\"900\" alt=\"En im\u00e1genes, la Feria del Libro de Murcia: aperitivo entre libros en Alfonso X\"\/><\/p>\n<p><img decoding=\"async\" loading=\"lazy\" src=\"https:\/\/www.europesays.com\/es\/wp-content\/uploads\/2025\/10\/1501528014.jpg\" class=\"v-a-img\" width=\"624\" height=\"900\" alt=\"En im\u00e1genes, la Feria del Libro de Murcia: aperitivo entre libros en Alfonso X\"\/><\/p>\n<p><img decoding=\"async\" loading=\"lazy\" src=\"https:\/\/www.europesays.com\/es\/wp-content\/uploads\/2025\/10\/1501528014.jpg\" class=\"v-mdl__img-z\" width=\"624\" height=\"900\" alt=\"En im\u00e1genes, la Feria del Libro de Murcia: aperitivo entre libros en Alfonso X\"\/><\/p>\n<p><img loading=\"lazy\" decoding=\"async\" src=\"https:\/\/www.europesays.com\/es\/wp-content\/uploads\/2025\/10\/1501528014.jpg\" class=\"v-mdl__img-z\" width=\"624\" height=\"900\" alt=\"En im\u00e1genes, la Feria del Libro de Murcia: aperitivo entre libros en Alfonso X\"\/><\/p>\n<p><img decoding=\"async\" loading=\"lazy\" src=\"https:\/\/www.europesays.com\/es\/wp-content\/uploads\/2025\/10\/1501528028.jpg\" class=\"v-a-img\" width=\"624\" height=\"900\" alt=\"En im\u00e1genes, la Feria del Libro de Murcia: aperitivo entre libros en Alfonso X\"\/><\/p>\n<p><img decoding=\"async\" loading=\"lazy\" src=\"https:\/\/www.europesays.com\/es\/wp-content\/uploads\/2025\/10\/1501528028.jpg\" class=\"v-mdl__img-z\" width=\"624\" height=\"900\" alt=\"En im\u00e1genes, la Feria del Libro de Murcia: aperitivo entre libros en Alfonso X\"\/><\/p>\n<p><img loading=\"lazy\" decoding=\"async\" src=\"https:\/\/www.europesays.com\/es\/wp-content\/uploads\/2025\/10\/1501528028.jpg\" class=\"v-mdl__img-z\" width=\"624\" height=\"900\" alt=\"En im\u00e1genes, la Feria del Libro de Murcia: aperitivo entre libros en Alfonso X\"\/><\/p>\n<p><img decoding=\"async\" loading=\"lazy\" src=\"https:\/\/www.europesays.com\/es\/wp-content\/uploads\/2025\/10\/1501528029.jpg\" class=\"v-a-img\" width=\"624\" height=\"900\" alt=\"En im\u00e1genes, la Feria del Libro de Murcia: aperitivo entre libros en Alfonso X\"\/><\/p>\n<p><img decoding=\"async\" loading=\"lazy\" src=\"https:\/\/www.europesays.com\/es\/wp-content\/uploads\/2025\/10\/1501528029.jpg\" class=\"v-mdl__img-z\" width=\"624\" height=\"900\" alt=\"En im\u00e1genes, la Feria del Libro de Murcia: aperitivo entre libros en Alfonso X\"\/><\/p>\n<p><img loading=\"lazy\" decoding=\"async\" src=\"https:\/\/www.europesays.com\/es\/wp-content\/uploads\/2025\/10\/1501528029.jpg\" class=\"v-mdl__img-z\" width=\"624\" height=\"900\" alt=\"En im\u00e1genes, la Feria del Libro de Murcia: aperitivo entre libros en Alfonso X\"\/><\/p>\n<p><img decoding=\"async\" loading=\"lazy\" src=\"https:\/\/www.europesays.com\/es\/wp-content\/uploads\/2025\/10\/1501528030.jpg\" class=\"v-a-img\" width=\"624\" height=\"900\" alt=\"En im\u00e1genes, la Feria del Libro de Murcia: aperitivo entre libros en Alfonso X\"\/><\/p>\n<p><img decoding=\"async\" loading=\"lazy\" src=\"https:\/\/www.europesays.com\/es\/wp-content\/uploads\/2025\/10\/1501528030.jpg\" class=\"v-mdl__img-z\" width=\"624\" height=\"900\" alt=\"En im\u00e1genes, la Feria del Libro de Murcia: aperitivo entre libros en Alfonso X\"\/><\/p>\n<p><img loading=\"lazy\" decoding=\"async\" src=\"https:\/\/www.europesays.com\/es\/wp-content\/uploads\/2025\/10\/1501528030.jpg\" class=\"v-mdl__img-z\" width=\"624\" height=\"900\" alt=\"En im\u00e1genes, la Feria del Libro de Murcia: aperitivo entre libros en Alfonso X\"\/><\/p>\n<p><img decoding=\"async\" loading=\"lazy\" src=\"https:\/\/www.europesays.com\/es\/wp-content\/uploads\/2025\/10\/1501528033.jpg\" class=\"v-a-img\" width=\"624\" height=\"900\" alt=\"En im\u00e1genes, la Feria del Libro de Murcia: aperitivo entre libros en Alfonso X\"\/><\/p>\n<p><img decoding=\"async\" loading=\"lazy\" src=\"https:\/\/www.europesays.com\/es\/wp-content\/uploads\/2025\/10\/1501528033.jpg\" class=\"v-mdl__img-z\" width=\"624\" height=\"900\" alt=\"En im\u00e1genes, la Feria del Libro de Murcia: aperitivo entre libros en Alfonso X\"\/><\/p>\n<p><img loading=\"lazy\" decoding=\"async\" src=\"https:\/\/www.europesays.com\/es\/wp-content\/uploads\/2025\/10\/1501528033.jpg\" class=\"v-mdl__img-z\" width=\"624\" height=\"900\" alt=\"En im\u00e1genes, la Feria del Libro de Murcia: aperitivo entre libros en Alfonso X\"\/><\/p>\n<p><img decoding=\"async\" loading=\"lazy\" src=\"https:\/\/www.europesays.com\/es\/wp-content\/uploads\/2025\/10\/1501528034.jpg\" class=\"v-a-img\" width=\"624\" height=\"900\" alt=\"En im\u00e1genes, la Feria del Libro de Murcia: aperitivo entre libros en Alfonso X\"\/><\/p>\n<p><img decoding=\"async\" loading=\"lazy\" src=\"https:\/\/www.europesays.com\/es\/wp-content\/uploads\/2025\/10\/1501528034.jpg\" class=\"v-mdl__img-z\" width=\"624\" height=\"900\" alt=\"En im\u00e1genes, la Feria del Libro de Murcia: aperitivo entre libros en Alfonso X\"\/><\/p>\n<p><img loading=\"lazy\" decoding=\"async\" src=\"https:\/\/www.europesays.com\/es\/wp-content\/uploads\/2025\/10\/1501528034.jpg\" class=\"v-mdl__img-z\" width=\"624\" height=\"900\" alt=\"En im\u00e1genes, la Feria del Libro de Murcia: aperitivo entre libros en Alfonso X\"\/><\/p>\n<p><img decoding=\"async\" loading=\"lazy\" src=\"https:\/\/www.europesays.com\/es\/wp-content\/uploads\/2025\/10\/1501528036.jpg\" class=\"v-a-img\" width=\"624\" height=\"900\" alt=\"En im\u00e1genes, la Feria del Libro de Murcia: aperitivo entre libros en Alfonso X\"\/><\/p>\n<p><img decoding=\"async\" loading=\"lazy\" src=\"https:\/\/www.europesays.com\/es\/wp-content\/uploads\/2025\/10\/1501528036.jpg\" class=\"v-mdl__img-z\" width=\"624\" height=\"900\" alt=\"En im\u00e1genes, la Feria del Libro de Murcia: aperitivo entre libros en Alfonso X\"\/><\/p>\n<p><img loading=\"lazy\" decoding=\"async\" src=\"https:\/\/www.europesays.com\/es\/wp-content\/uploads\/2025\/10\/1501528036.jpg\" class=\"v-mdl__img-z\" width=\"624\" height=\"900\" alt=\"En im\u00e1genes, la Feria del Libro de Murcia: aperitivo entre libros en Alfonso X\"\/><\/p>\n<p><img decoding=\"async\" loading=\"lazy\" src=\"https:\/\/www.europesays.com\/es\/wp-content\/uploads\/2025\/10\/1501528037.jpg\" class=\"v-a-img\" width=\"624\" height=\"900\" alt=\"En im\u00e1genes, la Feria del Libro de Murcia: aperitivo entre libros en Alfonso X\"\/><\/p>\n<p><img decoding=\"async\" loading=\"lazy\" src=\"https:\/\/www.europesays.com\/es\/wp-content\/uploads\/2025\/10\/1501528037.jpg\" class=\"v-mdl__img-z\" width=\"624\" height=\"900\" alt=\"En im\u00e1genes, la Feria del Libro de Murcia: aperitivo entre libros en Alfonso X\"\/><\/p>\n<p><img loading=\"lazy\" decoding=\"async\" src=\"https:\/\/www.europesays.com\/es\/wp-content\/uploads\/2025\/10\/1501528037.jpg\" class=\"v-mdl__img-z\" width=\"624\" height=\"900\" alt=\"En im\u00e1genes, la Feria del Libro de Murcia: aperitivo entre libros en Alfonso X\"\/><\/p>\n<p><img decoding=\"async\" loading=\"lazy\" src=\"https:\/\/www.europesays.com\/es\/wp-content\/uploads\/2025\/10\/1501528068.jpg\" class=\"v-a-img\" width=\"624\" height=\"900\" alt=\"En im\u00e1genes, la Feria del Libro de Murcia: aperitivo entre libros en Alfonso X\"\/><\/p>\n<p><img decoding=\"async\" loading=\"lazy\" src=\"https:\/\/www.europesays.com\/es\/wp-content\/uploads\/2025\/10\/1501528068.jpg\" class=\"v-mdl__img-z\" width=\"624\" height=\"900\" alt=\"En im\u00e1genes, la Feria del Libro de Murcia: aperitivo entre libros en Alfonso X\"\/><\/p>\n<p><img loading=\"lazy\" decoding=\"async\" src=\"https:\/\/www.europesays.com\/es\/wp-content\/uploads\/2025\/10\/1501528068.jpg\" class=\"v-mdl__img-z\" width=\"624\" height=\"900\" alt=\"En im\u00e1genes, la Feria del Libro de Murcia: aperitivo entre libros en Alfonso X\"\/><\/p>\n","protected":false},"excerpt":{"rendered":"S\u00e1bado, 4 de octubre 2025, 16:19 | Actualizado 21:42h. Las casetas abiertas de la Feria del Libro de&hellip;\n","protected":false},"author":2,"featured_media":158032,"comment_status":"","ping_status":"","sticky":false,"template":"","format":"standard","meta":{"footnotes":""},"categories":[172],"tags":[45,224,146,147,25,24,599,1641,1496,225,1478,23],"class_list":{"0":"post-158031","1":"post","2":"type-post","3":"status-publish","4":"format-standard","5":"has-post-thumbnail","7":"category-libros","8":"tag-45","9":"tag-books","10":"tag-entertainment","11":"tag-entretenimiento","12":"tag-es","13":"tag-espana","14":"tag-feria","15":"tag-imagenes","16":"tag-libro","17":"tag-libros","18":"tag-murcia","19":"tag-spain"},"share_on_mastodon":{"url":"","error":""},"_links":{"self":[{"href":"https:\/\/www.europesays.com\/es\/wp-json\/wp\/v2\/posts\/158031","targetHints":{"allow":["GET"]}}],"collection":[{"href":"https:\/\/www.europesays.com\/es\/wp-json\/wp\/v2\/posts"}],"about":[{"href":"https:\/\/www.europesays.com\/es\/wp-json\/wp\/v2\/types\/post"}],"author":[{"embeddable":true,"href":"https:\/\/www.europesays.com\/es\/wp-json\/wp\/v2\/users\/2"}],"replies":[{"embeddable":true,"href":"https:\/\/www.europesays.com\/es\/wp-json\/wp\/v2\/comments?post=158031"}],"version-history":[{"count":0,"href":"https:\/\/www.europesays.com\/es\/wp-json\/wp\/v2\/posts\/158031\/revisions"}],"wp:featuredmedia":[{"embeddable":true,"href":"https:\/\/www.europesays.com\/es\/wp-json\/wp\/v2\/media\/158032"}],"wp:attachment":[{"href":"https:\/\/www.europesays.com\/es\/wp-json\/wp\/v2\/media?parent=158031"}],"wp:term":[{"taxonomy":"category","embeddable":true,"href":"https:\/\/www.europesays.com\/es\/wp-json\/wp\/v2\/categories?post=158031"},{"taxonomy":"post_tag","embeddable":true,"href":"https:\/\/www.europesays.com\/es\/wp-json\/wp\/v2\/tags?post=158031"}],"curies":[{"name":"wp","href":"https:\/\/api.w.org\/{rel}","templated":true}]}}