{"id":158033,"date":"2025-10-05T13:58:19","date_gmt":"2025-10-05T13:58:19","guid":{"rendered":"https:\/\/www.europesays.com\/es\/158033\/"},"modified":"2025-10-05T13:58:19","modified_gmt":"2025-10-05T13:58:19","slug":"cardi-b-deslumbra-con-su-embarazo-en-global-citizen-festival","status":"publish","type":"post","link":"https:\/\/www.europesays.com\/es\/158033\/","title":{"rendered":"Cardi B deslumbra con su embarazo en Global Citizen Festival"},"content":{"rendered":"<p> Aunque su presentaci\u00f3n fue breve, terminando a las 8:50 p.m. (hora local) tras solo 15 minutos, cerr\u00f3 con broche de oro interpretando su \u00e9xito arrollador de 2018 \u201cI Like It\u201d<\/p>\n<p class=\"p1\">Cardi B\u00a0se apoder\u00f3 del escenario del Global Citizen Festival 2025 la noche del s\u00e1bado (27 de septiembre) con una energ\u00eda de jefa total, ofreciendo una actuaci\u00f3n explosiva que fue la combinaci\u00f3n perfecta de actitud y espect\u00e1culo. Luciendo radiante su avanzado estado de embarazo, la rapera dominicana del Bronx demostr\u00f3 que su estrella es inquebrantable al lucirse con un set lleno de rimas atrevidas y nuevos \u00e9xitos, y su innegable carisma.<\/p>\n<p class=\"p1\">La reina del rap inici\u00f3 su presentaci\u00f3n con \u201cOutside\u201d, un tema de su nuevo \u00e1lbum\u00a0Am I the Drama? (ErrTime Edition), lanzado a principios de esta semana. Vestida con un crop top de cuero marr\u00f3n y verde que dejaba en evidencia su embarazo, jeans azules anchos y el cabello rojizo, Cardi se adue\u00f1\u00f3 completamente del momento. Rodeada de bailarines cuya coreograf\u00eda el\u00e9ctrica amplific\u00f3 la vibra del show.<\/p>\n<p class=\"p1\">Sin embargo, en cuesti\u00f3n de minutos el calor de su actuaci\u00f3n tambi\u00e9n la calent\u00f3. \u201cTengo un calor jod\u2013do aqu\u00ed arriba\u2026 \u00bflo quieren?\u201d, dijo despu\u00e9s de la primera canci\u00f3n, lanzando su chaqueta al p\u00fablico con un gesto que solo Cardi puede permitirs.<\/p>\n<p class=\"p1\">Luego se lanz\u00f3 con \u201cErrTime\u201d, otro tema de su nuevo \u00e1lbum.<\/p>\n<p class=\"p1\">\u201c\u00bfQui\u00e9n ha estado con Cardi B desde el comienzo?\u201d, grit\u00f3 antes de interpretar su \u00e9xito revelaci\u00f3n de 2017, \u201cBodak Yellow\u201d. El p\u00fablico core\u00f3 a todo pulm\u00f3n: \u201cI make money moves!\u201d \u2014 un recordatorio de c\u00f3mo sacudi\u00f3 el mundo del rap hace casi una d\u00e9cada.<\/p>\n<p class=\"p1\">Aunque su presentaci\u00f3n fue breve, terminando a las 8:50 p.m. (hora local) tras solo 15 minutos, cerr\u00f3 con broche de oro interpretando su \u00e9xito arrollador de 2018 \u201cI Like It\u201d. Originalmente grabado con Bad Bunny y J Balvin, la canci\u00f3n llev\u00f3 al p\u00fablico a un punto de euforia, con su energ\u00eda desbordante y su ritmo contagioso.<\/p>\n<p class=\"p1\">Su presentaci\u00f3n breve pero potente demostr\u00f3 que, incluso mientras espera a su cuarto hijo, Cardi B es imparable, llevando al escenario su inconfundible mezcla de humor, poder y carisma deslumbrante. Mira un segmento de su actuaci\u00f3n a continuaci\u00f3n.<\/p>\n<p class=\"p1\">Ten la informaci\u00f3n al instante en tu celular. \u00danete al\u00a0canal\u00a0de Diario Primicia en WhatsApp a trav\u00e9s del siguiente link:\u00a0<a href=\"https:\/\/whatsapp.com\/channel\/0029VagwIcc4o7qP30kE1D0\" rel=\"nofollow noopener\" target=\"_blank\">https:\/\/whatsapp.com\/channel\/0029VagwIcc4o7qP30kE1D0<\/a> <\/p>\n<p class=\"p1\">Tambi\u00e9n estamos en Telegram como @DiarioPrimicia, \u00fanete aqu\u00ed:\u00a0<a href=\"https:\/\/t.me\/diarioprimicia\" rel=\"nofollow\">https:\/\/t.me\/diarioprimicia<\/a><\/p>\n","protected":false},"excerpt":{"rendered":"Aunque su presentaci\u00f3n fue breve, terminando a las 8:50 p.m. (hora local) tras solo 15 minutos, cerr\u00f3 con&hellip;\n","protected":false},"author":2,"featured_media":158034,"comment_status":"","ping_status":"","sticky":false,"template":"","format":"standard","meta":{"footnotes":""},"categories":[170],"tags":[47103,929,146,147,25,24,3931,47104,184,185,6459,2436,23],"class_list":{"0":"post-158033","1":"post","2":"type-post","3":"status-publish","4":"format-standard","5":"has-post-thumbnail","7":"category-musica","8":"tag-cadi-b","9":"tag-embarazo","10":"tag-entertainment","11":"tag-entretenimiento","12":"tag-es","13":"tag-espana","14":"tag-festival","15":"tag-global-citizen-festival","16":"tag-music","17":"tag-musica","18":"tag-placeres","19":"tag-presentacion","20":"tag-spain"},"share_on_mastodon":{"url":"","error":""},"_links":{"self":[{"href":"https:\/\/www.europesays.com\/es\/wp-json\/wp\/v2\/posts\/158033","targetHints":{"allow":["GET"]}}],"collection":[{"href":"https:\/\/www.europesays.com\/es\/wp-json\/wp\/v2\/posts"}],"about":[{"href":"https:\/\/www.europesays.com\/es\/wp-json\/wp\/v2\/types\/post"}],"author":[{"embeddable":true,"href":"https:\/\/www.europesays.com\/es\/wp-json\/wp\/v2\/users\/2"}],"replies":[{"embeddable":true,"href":"https:\/\/www.europesays.com\/es\/wp-json\/wp\/v2\/comments?post=158033"}],"version-history":[{"count":0,"href":"https:\/\/www.europesays.com\/es\/wp-json\/wp\/v2\/posts\/158033\/revisions"}],"wp:featuredmedia":[{"embeddable":true,"href":"https:\/\/www.europesays.com\/es\/wp-json\/wp\/v2\/media\/158034"}],"wp:attachment":[{"href":"https:\/\/www.europesays.com\/es\/wp-json\/wp\/v2\/media?parent=158033"}],"wp:term":[{"taxonomy":"category","embeddable":true,"href":"https:\/\/www.europesays.com\/es\/wp-json\/wp\/v2\/categories?post=158033"},{"taxonomy":"post_tag","embeddable":true,"href":"https:\/\/www.europesays.com\/es\/wp-json\/wp\/v2\/tags?post=158033"}],"curies":[{"name":"wp","href":"https:\/\/api.w.org\/{rel}","templated":true}]}}