{"id":158039,"date":"2025-10-05T14:02:07","date_gmt":"2025-10-05T14:02:07","guid":{"rendered":"https:\/\/www.europesays.com\/es\/158039\/"},"modified":"2025-10-05T14:02:07","modified_gmt":"2025-10-05T14:02:07","slug":"uno-de-ellos-anuncio-su-retirada","status":"publish","type":"post","link":"https:\/\/www.europesays.com\/es\/158039\/","title":{"rendered":"uno de ellos anunci\u00f3 su retirada"},"content":{"rendered":"<p class=\"article-text\">\n        <strong>Bailando con las estrellas<\/strong> comenz\u00f3 su gala de este s\u00e1bado en <strong>Telecinco <\/strong>con una situaci\u00f3n in\u00e9dita entre sus concursantes. Los nominados de esta semana, <strong>Iago Garc\u00eda<\/strong> y <strong>Sara Escudero<\/strong>, se jugaban su continuidad en el programa. Deb\u00edan enfrentarse al \u00daltimo baile para que el jurado determinara qui\u00e9n de ellos tendr\u00eda que abandonar el concurso, sin embargo, no hubo que realizar la prueba. \u201cCon todo el dolor de mi coraz\u00f3n, pero hoy no puedo bailar\u201d, anunci\u00f3 Escudero.\n    <\/p>\n<p>    <a href=\"https:\/\/www.eldiario.es\/vertele\/entrevistas\/samantha-ballentines-drag-race-lucha-costado-vida-normalidad-paliza-atresplayer-atresmedia_1_12652579.html\" data-mrf-recirculation=\"saber-mas\" data-dl-event=\"saber-mas\" rel=\"nofollow noopener\" target=\"_blank\"><\/p>\n<p class=\"know-more__title\">Samantha Ballentines lucha con &#8216;Drag Race&#8217;: \u00abEsta normalidad nos ha costado la vida, y a\u00fan nos pueden dar una paliza\u00bb<\/p>\n<p>            <img decoding=\"async\" class=\"lazy\" loading=\"lazy\" data-src=\"https:\/\/static.eldiario.es\/clip\/cd431019-7db6-43c3-8c71-33be10953566_16-9-aspect-ratio_default_0.jpg\" src=\"data:image\/svg+xml,%3Csvg xmlns=\" http:=\"\" viewbox=\"0 0 880 495\" alt=\"Samantha Ballentines lucha con 'Drag Race': &quot;Esta normalidad nos ha costado la vida, y a\u00fan nos pueden dar una paliza&quot;\"\/><\/p>\n<p>                        <\/a><\/p>\n<p class=\"article-text\">\n        Lo dijo entre l\u00e1grimas y totalmente resignada, pero con la certeza de que estaba haciendo lo correcto. Realiz\u00f3 los ensayos con el pie dolorido y el m\u00e9dico le advirti\u00f3 que se acabar\u00eda lesionando si segu\u00eda adelante con los entrenamientos.<strong> \u201cLa cabeza me dice &#8216;no puedes&#8217;, y el coraz\u00f3n me dice que lo intente\u201d<\/strong>, confes\u00f3 ayer ante sus compa\u00f1eros.\n    <\/p>\n<p class=\"article-text\">\n        Renunciaba as\u00ed a la \u00faltima oportunidad de seguir en un programa al que lleg\u00f3 con \u201cmucha ilusi\u00f3n\u201d. \u201cLo que m\u00e1s coraje me da es que esto pasa en la semana en la que estoy nominada\u201d, lament\u00f3 la concursante, que no esperaba retirarse de este modo, sin hacerlo como el resto de participantes:<strong> \u201cLa nominaci\u00f3n es parte del juego, y quiero jugarla bien\u201d<\/strong>.\n    <\/p>\n<p>    <a href=\"https:\/\/www.eldiario.es\/vertele\/noticias\/valeria-mazza-matias-roure-tension-bailando-con-las-estrellas-sara-orriols-pareja-baile_1_12658677.html\" data-mrf-recirculation=\"saber-mas-abajo\" data-dl-event=\"saber-mas-abajo\" rel=\"nofollow noopener\" target=\"_blank\"><\/p>\n<p class=\"know-more__title\">Tensi\u00f3n en &#8216;Bailando con las estrellas&#8217; entre Valeria Mazza y Mat\u00edas Roure: \u201cHay temas en los que tienes que frenar\u201d<\/p>\n<p>            <img decoding=\"async\" class=\"lazy\" loading=\"lazy\" data-src=\"https:\/\/static.eldiario.es\/clip\/dde36ff0-8a31-4862-a893-334966298a1b_16-9-aspect-ratio_default_0.jpg\" src=\"data:image\/svg+xml,%3Csvg xmlns=\" http:=\"\" viewbox=\"0 0 880 495\" alt=\"Tensi\u00f3n en 'Bailando con las estrellas' entre Valeria Mazza y Mat\u00edas Roure: &quot;Hay temas en los que tienes que frenar&quot;\"\/><\/p>\n<p>                        <\/a><\/p>\n<p class=\"article-text\">\n        La retirada de Sara Escudero implicaba la salvaci\u00f3n de Iago Garc\u00eda, que llevaba dos semanas en la cuerda floja. Anoche respir\u00f3 alivado, no tanto por la salida de su compa\u00f1era (ante la que reaccion\u00f3 con tristeza), sino por la nominaci\u00f3n de <strong>B\u00e1rbara Rey <\/strong>y <strong>Manu Tenorio<\/strong>. Son ellos quienes tendr\u00e1n que enfrentarse a la eliminaci\u00f3n el pr\u00f3ximo s\u00e1bado.\n    <\/p>\n","protected":false},"excerpt":{"rendered":"Bailando con las estrellas comenz\u00f3 su gala de este s\u00e1bado en Telecinco con una situaci\u00f3n in\u00e9dita entre sus&hellip;\n","protected":false},"author":2,"featured_media":158040,"comment_status":"","ping_status":"","sticky":false,"template":"","format":"standard","meta":{"footnotes":""},"categories":[91],"tags":[18558,567,8637,146,147,25,24,23219,47105,23],"class_list":{"0":"post-158039","1":"post","2":"type-post","3":"status-publish","4":"format-standard","5":"has-post-thumbnail","7":"category-entretenimiento","8":"tag-bailando-con-las-estrellas","9":"tag-concursantes","10":"tag-eliminacion","11":"tag-entertainment","12":"tag-entretenimiento","13":"tag-es","14":"tag-espana","15":"tag-nominados","16":"tag-sara-escudero-retirada-lesion","17":"tag-spain"},"share_on_mastodon":{"url":"","error":""},"_links":{"self":[{"href":"https:\/\/www.europesays.com\/es\/wp-json\/wp\/v2\/posts\/158039","targetHints":{"allow":["GET"]}}],"collection":[{"href":"https:\/\/www.europesays.com\/es\/wp-json\/wp\/v2\/posts"}],"about":[{"href":"https:\/\/www.europesays.com\/es\/wp-json\/wp\/v2\/types\/post"}],"author":[{"embeddable":true,"href":"https:\/\/www.europesays.com\/es\/wp-json\/wp\/v2\/users\/2"}],"replies":[{"embeddable":true,"href":"https:\/\/www.europesays.com\/es\/wp-json\/wp\/v2\/comments?post=158039"}],"version-history":[{"count":0,"href":"https:\/\/www.europesays.com\/es\/wp-json\/wp\/v2\/posts\/158039\/revisions"}],"wp:featuredmedia":[{"embeddable":true,"href":"https:\/\/www.europesays.com\/es\/wp-json\/wp\/v2\/media\/158040"}],"wp:attachment":[{"href":"https:\/\/www.europesays.com\/es\/wp-json\/wp\/v2\/media?parent=158039"}],"wp:term":[{"taxonomy":"category","embeddable":true,"href":"https:\/\/www.europesays.com\/es\/wp-json\/wp\/v2\/categories?post=158039"},{"taxonomy":"post_tag","embeddable":true,"href":"https:\/\/www.europesays.com\/es\/wp-json\/wp\/v2\/tags?post=158039"}],"curies":[{"name":"wp","href":"https:\/\/api.w.org\/{rel}","templated":true}]}}