{"id":158045,"date":"2025-10-05T14:05:08","date_gmt":"2025-10-05T14:05:08","guid":{"rendered":"https:\/\/www.europesays.com\/es\/158045\/"},"modified":"2025-10-05T14:05:08","modified_gmt":"2025-10-05T14:05:08","slug":"trump-autoriza-el-despliegue-de-300-efectivos-de-la-guardia-nacional-en-chicago-internacional","status":"publish","type":"post","link":"https:\/\/www.europesays.com\/es\/158045\/","title":{"rendered":"Trump autoriza el despliegue de 300 efectivos de la Guardia Nacional en Chicago | Internacional"},"content":{"rendered":"<p class=\"loc\">Madrid<\/p>\n<p>El presidente estadounidense ha autorizado el despliegue de 300 efectivos de la Guardia Nacional en Chicago, lo que supondr\u00eda al menos el quinto despliegue ordenado por la Administraci\u00f3n Trump en lo que va de a\u00f1o.<\/p>\n<p>El republicano presion\u00f3 este s\u00e1bado con la movilizaci\u00f3n de las tropas en ciudades liberadas por dem\u00f3cratas, como Portland (Oregon) y Chicago (Illinois), aunque una jueza ha bloqueado temporalmente el despliegue de la Guardia Nacional en Portland.<\/p>\n<p>El gobernador de Illinois, J.B. Pritzker, denunci\u00f3 este s\u00e1bado que la Casa Blanca hab\u00eda amenazado con el env\u00edo de efectivos. \u00abEsta ma\u00f1ana, el Departamento de Guerra de la Administraci\u00f3n Trump me dio un ultim\u00e1tum: convoquen a sus tropas o lo haremos nosotros\u00bb, explic\u00f3 el gobernador dem\u00f3crata, quien calific\u00f3 la situaci\u00f3n de \u00ababsolutamente indignante y antiestadounidense\u00bb. <\/p>\n<p>Dichos anuncios atienden al aumento de la tensi\u00f3n en varias poblaciones del pa\u00eds por las protestas en contra de las redadas migratorias del Ejecutivo estadounidense. Al respecto, la secretaria de Seguridad Nacional, Kristi Noem, ha se\u00f1alado que los agentes estaban siendo objeto de ataques violentos.<\/p>\n<p>\u00abNuestros valientes hombres y mujeres encargados de hacer cumplir la ley est\u00e1n siendo perseguidos y atacados por anarquistas violentos que buscan derribar a Estados Unidos. [&#8230;] Apoye a ICE mientras contin\u00faan protegiendo y defendiendo nuestra patria\u00bb, ha se\u00f1alado en X Noem.<\/p>\n<p>La Administraci\u00f3n estadounidense ha justificado el despliegue de tropas en ciudades como Los \u00c1ngeles o Washington DC como una forma de luchar contra la criminalidad y la inmigraci\u00f3n ilegal.<\/p>\n<blockquote class=\"twitter-tweet\">\n<p lang=\"en\" dir=\"ltr\">Our brave men and women of law enforcement are being targeted and attacked by violent anarchists who seek to tear down America.<\/p>\n<p>I want each and every member of law enforcement to know this: President Trump and I have your backs.<\/p>\n<p>Stand with ICE as they continue to protect and\u2026 <a href=\"https:\/\/t.co\/mCkNbGyjQd\" rel=\"nofollow\">pic.twitter.com\/mCkNbGyjQd<\/a><\/p>\n<p>\u2014 Kristi Noem (@KristiNoem) <a href=\"https:\/\/twitter.com\/KristiNoem\/status\/1974561678378533338?ref_src=twsrc%5Etfw\" rel=\"nofollow noopener\" target=\"_blank\">October 4, 2025<\/a><\/p><\/blockquote>\n<p>La sentencia de Oregon impide el despliegue de la Guardia Nacional en los pr\u00f3ximos 14 d\u00edas<\/p>\n<p>La sentencia dictaminada en Oregon impide llevar a cabo la operaci\u00f3n por un plazo de 14 d\u00edas; sin embargo, existe la posibilidad de que sea prorrogada. El fiscal general del estado, Dan Rayfield, ha aplaudido la decisi\u00f3n de la jueza y ha se\u00f1alado que Trump \u00abdebe demostrar una amenaza real basada en hechos reales si quiere desplegar a la Guardia Nacional en (nuestras) calles\u00bb.<\/p>\n<p>\u00abLa verdad ha prevalecido. El tribunal federal fall\u00f3 a favor de Oregon para bloquear una intervenci\u00f3n militar en Portland. Si bien este fallo es solo el primer paso, es un paso en la direcci\u00f3n correcta\u00bb, ha declarado la gobernadora de Oregon, Tina Kotek.<\/p>\n<p>Para la jueza, el propio anuncio del env\u00edo de tropas militares a Portland ha supuesto un aumento de las protestas violentas al igual que ocurri\u00f3 en Los Angeles. Adem\u00e1s, ha dejado claro en el auto que las declaraciones de Trump a acerca de supuestos grupos violentos y rebeliones en la ciudad de Portland, \u00abcarecen de sustento\u00bb.<\/p>\n<p><script async src=\"https:\/\/platform.twitter.com\/widgets.js\" charset=\"utf-8\"><\/script><\/p>\n","protected":false},"excerpt":{"rendered":"Madrid El presidente estadounidense ha autorizado el despliegue de 300 efectivos de la Guardia Nacional en Chicago, lo&hellip;\n","protected":false},"author":2,"featured_media":158046,"comment_status":"","ping_status":"","sticky":false,"template":"","format":"standard","meta":{"footnotes":""},"categories":[42],"tags":[17,18,13,14,11,16531,27703,61,62,63,64,19,20,9,10,15,16,47106,12,21,22,65,66,67],"class_list":{"0":"post-158045","1":"post","2":"type-post","3":"status-publish","4":"format-standard","5":"has-post-thumbnail","7":"category-internacional","8":"tag-breaking-news","9":"tag-breakingnews","10":"tag-featured-news","11":"tag-featurednews","12":"tag-headlines","13":"tag-ice","14":"tag-immigration","15":"tag-internacional","16":"tag-international","17":"tag-international-news","18":"tag-internationalnews","19":"tag-latest-news","20":"tag-latestnews","21":"tag-news","22":"tag-noticias","23":"tag-noticias-destacadas","24":"tag-noticiasdestacadas","25":"tag-protests","26":"tag-titulares","27":"tag-ultimas-noticias","28":"tag-ultimasnoticias","29":"tag-world","30":"tag-world-news","31":"tag-worldnews"},"share_on_mastodon":{"url":"","error":""},"_links":{"self":[{"href":"https:\/\/www.europesays.com\/es\/wp-json\/wp\/v2\/posts\/158045","targetHints":{"allow":["GET"]}}],"collection":[{"href":"https:\/\/www.europesays.com\/es\/wp-json\/wp\/v2\/posts"}],"about":[{"href":"https:\/\/www.europesays.com\/es\/wp-json\/wp\/v2\/types\/post"}],"author":[{"embeddable":true,"href":"https:\/\/www.europesays.com\/es\/wp-json\/wp\/v2\/users\/2"}],"replies":[{"embeddable":true,"href":"https:\/\/www.europesays.com\/es\/wp-json\/wp\/v2\/comments?post=158045"}],"version-history":[{"count":0,"href":"https:\/\/www.europesays.com\/es\/wp-json\/wp\/v2\/posts\/158045\/revisions"}],"wp:featuredmedia":[{"embeddable":true,"href":"https:\/\/www.europesays.com\/es\/wp-json\/wp\/v2\/media\/158046"}],"wp:attachment":[{"href":"https:\/\/www.europesays.com\/es\/wp-json\/wp\/v2\/media?parent=158045"}],"wp:term":[{"taxonomy":"category","embeddable":true,"href":"https:\/\/www.europesays.com\/es\/wp-json\/wp\/v2\/categories?post=158045"},{"taxonomy":"post_tag","embeddable":true,"href":"https:\/\/www.europesays.com\/es\/wp-json\/wp\/v2\/tags?post=158045"}],"curies":[{"name":"wp","href":"https:\/\/api.w.org\/{rel}","templated":true}]}}