{"id":158047,"date":"2025-10-05T14:06:07","date_gmt":"2025-10-05T14:06:07","guid":{"rendered":"https:\/\/www.europesays.com\/es\/158047\/"},"modified":"2025-10-05T14:06:07","modified_gmt":"2025-10-05T14:06:07","slug":"el-legado-de-fernandez-vara-quedara-para-siempre","status":"publish","type":"post","link":"https:\/\/www.europesays.com\/es\/158047\/","title":{"rendered":"El legado de Fern\u00e1ndez Vara quedar\u00e1 para siempre"},"content":{"rendered":"<p>El expresidente de Extremadura, <strong>Guillermo Fern\u00e1ndez Vara<\/strong>, <a href=\"https:\/\/www.rtve.es\/noticias\/20251005\/perfil-guillermo-fernandez-vara\/16715324.shtml\" rel=\"nofollow noopener\" target=\"_blank\">ha fallecido este domingo a los 66 a\u00f1os<\/a> de edad a causa de un c\u00e1ncer. En el informativo &#8217;14 Horas de RNE&#8217; hablamos con <strong>la secretaria de Organizaci\u00f3n del PSOE, Rebeca Torr\u00f3. <\/strong>\u00abDesde el partido solo hay palabras de gratitud para Guillermo por su lealtad inquebrantable a sus valores y a su querida tierra, Extremadura\u00bb. Torr\u00f3 describe a Vara como un <strong>pol\u00edtico comprometido y ejemplar<\/strong>, adem\u00e1s de un compa\u00f1ero de una \u00abcalidad humana extraordinaria\u00bb. \u00ab<strong>La huella que deja es imborrable<\/strong>. Guillermo se rebel\u00f3 ante esa idea preconcebida de que Extremadura ten\u00eda que conformase. \u00c9l hizo una regi\u00f3n moderna, avanzada, conectada con el mundo. Se dej\u00f3 la piel\u00bb. Por eso, la secretaria de Organizaci\u00f3n insiste en que, \u00ab<strong>aunque perdemos a un referente, su legado quedar\u00e1 para siempre<\/strong>\u00ab.<\/p>\n","protected":false},"excerpt":{"rendered":"El expresidente de Extremadura, Guillermo Fern\u00e1ndez Vara, ha fallecido este domingo a los 66 a\u00f1os de edad a&hellip;\n","protected":false},"author":2,"featured_media":158048,"comment_status":"","ping_status":"","sticky":false,"template":"","format":"standard","meta":{"footnotes":""},"categories":[8],"tags":[34867,17,18,25,24,13,14,11,19,20,9,10,15,16,133,1448,47107,1986,1987,23,12,21,22],"class_list":{"0":"post-158047","1":"post","2":"type-post","3":"status-publish","4":"format-standard","5":"has-post-thumbnail","7":"category-espana","8":"tag-14-horas-fin-de-semana","9":"tag-breaking-news","10":"tag-breakingnews","11":"tag-es","12":"tag-espana","13":"tag-featured-news","14":"tag-featurednews","15":"tag-headlines","16":"tag-latest-news","17":"tag-latestnews","18":"tag-news","19":"tag-noticias","20":"tag-noticias-destacadas","21":"tag-noticiasdestacadas","22":"tag-online","23":"tag-radio","24":"tag-rebeca-torro-psoe-el-legado-de-fernandez-vara-quedara-para-siempre","25":"tag-rne","26":"tag-rtve-play","27":"tag-spain","28":"tag-titulares","29":"tag-ultimas-noticias","30":"tag-ultimasnoticias"},"share_on_mastodon":{"url":"","error":""},"_links":{"self":[{"href":"https:\/\/www.europesays.com\/es\/wp-json\/wp\/v2\/posts\/158047","targetHints":{"allow":["GET"]}}],"collection":[{"href":"https:\/\/www.europesays.com\/es\/wp-json\/wp\/v2\/posts"}],"about":[{"href":"https:\/\/www.europesays.com\/es\/wp-json\/wp\/v2\/types\/post"}],"author":[{"embeddable":true,"href":"https:\/\/www.europesays.com\/es\/wp-json\/wp\/v2\/users\/2"}],"replies":[{"embeddable":true,"href":"https:\/\/www.europesays.com\/es\/wp-json\/wp\/v2\/comments?post=158047"}],"version-history":[{"count":0,"href":"https:\/\/www.europesays.com\/es\/wp-json\/wp\/v2\/posts\/158047\/revisions"}],"wp:featuredmedia":[{"embeddable":true,"href":"https:\/\/www.europesays.com\/es\/wp-json\/wp\/v2\/media\/158048"}],"wp:attachment":[{"href":"https:\/\/www.europesays.com\/es\/wp-json\/wp\/v2\/media?parent=158047"}],"wp:term":[{"taxonomy":"category","embeddable":true,"href":"https:\/\/www.europesays.com\/es\/wp-json\/wp\/v2\/categories?post=158047"},{"taxonomy":"post_tag","embeddable":true,"href":"https:\/\/www.europesays.com\/es\/wp-json\/wp\/v2\/tags?post=158047"}],"curies":[{"name":"wp","href":"https:\/\/api.w.org\/{rel}","templated":true}]}}