{"id":158049,"date":"2025-10-05T14:07:19","date_gmt":"2025-10-05T14:07:19","guid":{"rendered":"https:\/\/www.europesays.com\/es\/158049\/"},"modified":"2025-10-05T14:07:19","modified_gmt":"2025-10-05T14:07:19","slug":"gunars-debuta-con-el-real-madrid","status":"publish","type":"post","link":"https:\/\/www.europesays.com\/es\/158049\/","title":{"rendered":"Gunars debuta con el Real Madrid"},"content":{"rendered":"<p><b><a href=\"https:\/\/www.realmadrid.com\/es-ES\/baloncesto\/cantera\/liga-u\/gunars-grinvalds-liga-u\" target=\"_blank\" rel=\"noopener noreferrer nofollow\">Gunars Grinvalds<\/a>\u00a0<\/b>hizo su debut con el <b>Real Madrid <\/b>en el partido que nos enfrent\u00f3 al Dreamland Gran Canaria en la primera jornada de <b>Liga<\/b>. El alero, que naci\u00f3 el 22 de enero de 2008, cumpli\u00f3 este hito con 17 a\u00f1os y 8 meses. Ingres\u00f3 en el \u00faltimo cuarto, disput\u00f3 01:06 minutos y anot\u00f3 1 punto en la victoria de nuestro equipo (<a href=\"https:\/\/www.realmadrid.com\/es-ES\/noticias\/baloncesto\/primer-equipo\/cronicas\/cronica-real-madrid-gran-canaria-j1-liga-05-10-2025\" target=\"_blank\" rel=\"noopener noreferrer nofollow\"><b>81-71<\/b><\/a>) en el <b>Movistar Arena<\/b>.\u00a0<\/p>\n<p><b>Gunars<\/b>\u00a0se uni\u00f3 a las categor\u00edas inferiores del <b>Real Madrid <\/b>en 2021 y ha pasado por todos los equipos de la cantera. Adem\u00e1s, el jugador lituano se convirti\u00f3 en el primer canterano en debutar a las \u00f3rdenes de <b>Scariolo <\/b>esta temporada.\u00a0<\/p>\n","protected":false},"excerpt":{"rendered":"Gunars Grinvalds\u00a0hizo su debut con el Real Madrid en el partido que nos enfrent\u00f3 al Dreamland Gran Canaria&hellip;\n","protected":false},"author":2,"featured_media":144132,"comment_status":"","ping_status":"","sticky":false,"template":"","format":"standard","meta":{"footnotes":""},"categories":[5],"tags":[17,18,25,24,13,14,11,19,20,9,10,15,16,23,12,21,22],"class_list":{"0":"post-158049","1":"post","2":"type-post","3":"status-publish","4":"format-standard","5":"has-post-thumbnail","7":"category-titulares","8":"tag-breaking-news","9":"tag-breakingnews","10":"tag-es","11":"tag-espana","12":"tag-featured-news","13":"tag-featurednews","14":"tag-headlines","15":"tag-latest-news","16":"tag-latestnews","17":"tag-news","18":"tag-noticias","19":"tag-noticias-destacadas","20":"tag-noticiasdestacadas","21":"tag-spain","22":"tag-titulares","23":"tag-ultimas-noticias","24":"tag-ultimasnoticias"},"share_on_mastodon":{"url":"","error":""},"_links":{"self":[{"href":"https:\/\/www.europesays.com\/es\/wp-json\/wp\/v2\/posts\/158049","targetHints":{"allow":["GET"]}}],"collection":[{"href":"https:\/\/www.europesays.com\/es\/wp-json\/wp\/v2\/posts"}],"about":[{"href":"https:\/\/www.europesays.com\/es\/wp-json\/wp\/v2\/types\/post"}],"author":[{"embeddable":true,"href":"https:\/\/www.europesays.com\/es\/wp-json\/wp\/v2\/users\/2"}],"replies":[{"embeddable":true,"href":"https:\/\/www.europesays.com\/es\/wp-json\/wp\/v2\/comments?post=158049"}],"version-history":[{"count":0,"href":"https:\/\/www.europesays.com\/es\/wp-json\/wp\/v2\/posts\/158049\/revisions"}],"wp:featuredmedia":[{"embeddable":true,"href":"https:\/\/www.europesays.com\/es\/wp-json\/wp\/v2\/media\/144132"}],"wp:attachment":[{"href":"https:\/\/www.europesays.com\/es\/wp-json\/wp\/v2\/media?parent=158049"}],"wp:term":[{"taxonomy":"category","embeddable":true,"href":"https:\/\/www.europesays.com\/es\/wp-json\/wp\/v2\/categories?post=158049"},{"taxonomy":"post_tag","embeddable":true,"href":"https:\/\/www.europesays.com\/es\/wp-json\/wp\/v2\/tags?post=158049"}],"curies":[{"name":"wp","href":"https:\/\/api.w.org\/{rel}","templated":true}]}}