{"id":158052,"date":"2025-10-05T14:09:10","date_gmt":"2025-10-05T14:09:10","guid":{"rendered":"https:\/\/www.europesays.com\/es\/158052\/"},"modified":"2025-10-05T14:09:10","modified_gmt":"2025-10-05T14:09:10","slug":"el-barcelones-mario-vilau-triunfador-del-circuito-valenciano-de-novilladas","status":"publish","type":"post","link":"https:\/\/www.europesays.com\/es\/158052\/","title":{"rendered":"El barcelon\u00e9s Mario Vilau, triunfador del circuito valenciano de novilladas"},"content":{"rendered":"<p class=\"ft-text\">Con un gran ambiente festivo y unos tendidos pr\u00e1cticamente llenos, la Plaza de Toros de Villena se convirti\u00f3 en el gran escenario de la esperada final del Circuito Valenciano de Novilladas. Los tres protagonistas trenzaron el pase\u00edllo desmonterados, pero luciendo con orgullo su presencia en la final. La tarde fue intensa, emocionante y viva, muy viva. A destacar por delante la imponente presentaci\u00f3n de la novillada. Muy seria, muy cuajada, muy hecha y con mucha plaza. As\u00ed cumpli\u00f3 Daniel Ramos con la primera premisa de todo ganadero.<\/p>\n<p><img decoding=\"async\" src=\"https:\/\/www.europesays.com\/es\/wp-content\/uploads\/2025\/10\/429a79b8-11cd-4a30-8afa-ee74644cb06c_alta-libre-aspect-ratio_default_0.jpg\" width=\"1200\" height=\"1115\" alt=\"El barcelon\u00e9s Mario Vilau, triunfador del circuito valenciano de novilladas\" class=\"ft-helper-img-rd\" loading=\"lazy\" hasdataaida=\"true\"\/><\/p>\n<p class=\"ft-helper-fontColor-quaternary ft-helper-fontSize-body-S ft-helper-spacer-t-xxs\">El barcelon\u00e9s Mario Vilau, triunfador del circuito valenciano de novilladas <\/p>\n<p class=\"ft-text\">Abri\u00f3 la tarde el chivano, Sim\u00f3n Andreu, torero completo que supo llenar el escenario en sus dos novillos. Recibi\u00f3 al primero a portagayola, a lo que siguieron dos largas afaroladas. M\u00e1s tarde, en banderillas supo calentar a la parroquia con tres pares m\u00e1s voluntariosos que resueltos, pero igualmente celebrados. Tras brindar a su compa\u00f1ero, Samuel Naval\u00f3n y ya con la muleta en la derecha busc\u00f3 siempre la colocaci\u00f3n y el trazo largo. Este fue un novillo al que hab\u00eda que poderle desde el inicio y as\u00ed lo fue haciendo Andreu. La muleta siempre puesta por delante fue uno de los aciertos de la faena. El novillo no dej\u00f3 de embestir por los dos pitones, aunque fue acortando el recorrido seg\u00fan avanz\u00f3 la faena. Se perfil\u00f3 en la suerte contraria y dej\u00f3 media estocada arriba que fue suficiente. Jos\u00e9 Antonio de la Due\u00f1a le concedi\u00f3 la primera oreja de la tarde.<\/p>\n<p class=\"ft-text\">Con el cuarto, Andreu sali\u00f3 arrebatado y queriendo m\u00e1s que nunca. Fue este un novillo m\u00e1s bajo al que no le sobraban las fuerzas. Sim\u00f3n Andreu cuaj\u00f3 en banderillas un gran tercio, con un cuarto par partiendo los palos y citando de rodillas. Los tendidos vibraron a grito de torero, torero. Brind\u00f3 al p\u00fablico e inici\u00f3 de rodillas citando desde los medios. Este novillo tuvo menos fuerza pero m\u00e1s entrega y calidad en la embestida. Provisto de una gran fijeza, el novillo siempre tom\u00f3 la muleta por abajo y con repetici\u00f3n. Buen novillo este cuarto al que Simon Andreu lo tore\u00f3 bien por ambos pitones, especialmente por el derecho. El novillo, que adem\u00e1s fue noble tuvo una gran duraci\u00f3n y mucha profundidad en la muleta. Sim\u00f3n Andreu lo mat\u00f3 de una estocada arriba y logr\u00f3 desorejarlo. El novillo fue premiado con la vuelta al ruedo, bien visto por el presidente, Jos\u00e9 Antonio de la Due\u00f1a. La vuelta al ruedo fue compartida con el ganadero y con el mayoral. La tarde, en este punto ya era una fiesta total.<\/p>\n<p class=\"ft-text\">Mario Vilau, fiel a su concepto no defraud\u00f3. Recibi\u00f3 al segundo novillo con el capote a la espalda y sufri\u00f3 una tremenda voltereta que le dej\u00f3 visiblemente conmocionado. Lo mejor vino con la muleta y en especial con la mano izquierda. A este segundo novillo le falt\u00f3 ritmo en la embestida, todo el que le puso Vilau, que tore\u00f3 templado, pulseando y con gusto, una versi\u00f3n mucho m\u00e1s depurada que combina a la perfecci\u00f3n con su valor natural. No faltaron los desplantes y los arrimones, pero la versi\u00f3n de toreo cl\u00e1sico de Vilau gusta tanto como sus arrimones. Mat\u00f3 de una estocada delantera y de un certero golpe de descabello. Cort\u00f3 dos orejas y puso todav\u00eda m\u00e1s cara la tarde.<\/p>\n<p class=\"ft-text\">Con el quinto novillo se fie a la puerta de toriles para m\u00e1s tarde, torear de rodillas con el capote, otra declaraci\u00f3n de intenciones del novillero barcelon\u00e9s. Brind\u00f3 el novillo a la secretaria auton\u00f3mica de Cultura, Pilar T\u00e9bar y a la radio televisi\u00f3n p\u00fablica valenciana, \u00c0 Punt por la labor de difusi\u00f3n y promoci\u00f3n de la tauromaquia. Con la muleta vimos a un Mario Vilau mucho m\u00e1s relajado, sereno y templado, mostrando su calidad como torero ante un entregado novillo de Daniel Ramos. No falto tampoco el toreo de rodillas y el arrim\u00f3n, pero este novillo sirvi\u00f3 para elevar el estatus de este joven torero. Novillo noble, entregado y enclasado al que Vilau recet\u00f3 una soberbia estocada, una de las mejores de la tarde. Cort\u00f3 otras dos orejas, sumando cuatro en su tarde.<\/p>\n<p class=\"ft-text\">El tercer novillo fue ovacionado de salida. Serio, cuajado, rematado y hondo, un toro. Lo luci\u00f3 a la ver\u00f3nica Juan Alberto Torrijos con gusto y torer\u00eda. En banderillas salud\u00f3 el portugu\u00e9s Felipe Gravito, que cuaj\u00f3 un gran tercio. Con la muleta, comenz\u00f3 obligando al novillo por abajo, justo el inicio que precisaba el de Daniel Ramos. Torrijos mostr\u00f3 lo mejor de su toreo, quietud, gusto con la muleta y sabor a\u00f1ejo. No fue este un novillo sencillo ya que hab\u00eda que llegarle mucho y provocar en cada cite. Torrijos siempre busc\u00f3 el pit\u00f3n contrario y sem\u00e1ntico firme en cada serie. Especialmente l\u00facidas fueron las tandas al natural. Se perfil\u00f3 en la distancia corta y dej\u00f3 una estocada arriba. Cort\u00f3 dos orejas.<\/p>\n<p class=\"ft-text\">Tambi\u00e9n escuch\u00f3 palmas de salida el novillo que cerr\u00f3 plaza. M\u00e1s tarde su comportamiento no gust\u00f3 tanto. La poca fuerza lo condicion\u00f3 todo. Torrijos lo tore\u00f3 con la muleta a media altura y con remates por arriba y as\u00ed, poco a poco fue estructurando la faena. El buen trato hizo que la faena fuera a m\u00e1s logrando series lucidas por el pit\u00f3n izquierdo, toda una demostraci\u00f3n de dominio t\u00e9cnico y oficio. Fue una faena con menos eco en los tendidos pero muy s\u00f3lida, que deja ver a un torero con futuro. Mat\u00f3 de una estocada entera tras un pinchazo y cort\u00f3 una oreja.<\/p>\n<p class=\"ft-text\">Al final, la tarde nos dej\u00f3 un gran sabor de boca y un p\u00fablico que sali\u00f3 con ganas de m\u00e1s. Esta segunda edici\u00f3n del Circuito Valenciano ha subido el nivel de los toreros, de los novillos y por consiguiente de la emoci\u00f3n. Buen trabajo de la Fundaci\u00f3n Toro de Lidia y de la Generalitat Valenciana, que han sido capaces de mejorar lo que ya estaba bien hecho.<\/p>\n","protected":false},"excerpt":{"rendered":"Con un gran ambiente festivo y unos tendidos pr\u00e1cticamente llenos, la Plaza de Toros de Villena se convirti\u00f3&hellip;\n","protected":false},"author":2,"featured_media":158053,"comment_status":"","ping_status":"","sticky":false,"template":"","format":"standard","meta":{"footnotes":""},"categories":[277],"tags":[25984,373,3201,242,168,25,24,656,1421,23,167,625,374,1168,706,47108],"class_list":{"0":"post-158052","1":"post","2":"type-post","3":"status-publish","4":"format-standard","5":"has-post-thumbnail","7":"category-toreo","8":"tag-barcelones","9":"tag-bullfighting","10":"tag-circuito","11":"tag-comunidad-valenciana","12":"tag-deportes","13":"tag-es","14":"tag-espana","15":"tag-mario","16":"tag-publico","17":"tag-spain","18":"tag-sports","19":"tag-tauromaquia","20":"tag-toreo","21":"tag-triunfador","22":"tag-valenciano","23":"tag-vilau"},"share_on_mastodon":{"url":"","error":""},"_links":{"self":[{"href":"https:\/\/www.europesays.com\/es\/wp-json\/wp\/v2\/posts\/158052","targetHints":{"allow":["GET"]}}],"collection":[{"href":"https:\/\/www.europesays.com\/es\/wp-json\/wp\/v2\/posts"}],"about":[{"href":"https:\/\/www.europesays.com\/es\/wp-json\/wp\/v2\/types\/post"}],"author":[{"embeddable":true,"href":"https:\/\/www.europesays.com\/es\/wp-json\/wp\/v2\/users\/2"}],"replies":[{"embeddable":true,"href":"https:\/\/www.europesays.com\/es\/wp-json\/wp\/v2\/comments?post=158052"}],"version-history":[{"count":0,"href":"https:\/\/www.europesays.com\/es\/wp-json\/wp\/v2\/posts\/158052\/revisions"}],"wp:featuredmedia":[{"embeddable":true,"href":"https:\/\/www.europesays.com\/es\/wp-json\/wp\/v2\/media\/158053"}],"wp:attachment":[{"href":"https:\/\/www.europesays.com\/es\/wp-json\/wp\/v2\/media?parent=158052"}],"wp:term":[{"taxonomy":"category","embeddable":true,"href":"https:\/\/www.europesays.com\/es\/wp-json\/wp\/v2\/categories?post=158052"},{"taxonomy":"post_tag","embeddable":true,"href":"https:\/\/www.europesays.com\/es\/wp-json\/wp\/v2\/tags?post=158052"}],"curies":[{"name":"wp","href":"https:\/\/api.w.org\/{rel}","templated":true}]}}