{"id":158058,"date":"2025-10-05T14:23:18","date_gmt":"2025-10-05T14:23:18","guid":{"rendered":"https:\/\/www.europesays.com\/es\/158058\/"},"modified":"2025-10-05T14:23:18","modified_gmt":"2025-10-05T14:23:18","slug":"unionistas-condena-el-comportamiento-de-un-aficionado-contra-el-banquillo-del-celta-fortuna","status":"publish","type":"post","link":"https:\/\/www.europesays.com\/es\/158058\/","title":{"rendered":"Unionistas condena el\u00a0comportamiento de un aficionado contra el banquillo del Celta Fortuna"},"content":{"rendered":"<p>\t\t\t\t\t\tEl equipo de Salamanca muestra su \u00abprofundo rechazo al inaceptable comportamiento\u00bb de un espectador y se disculpa con el club vigu\u00e9s<br \/>\n\t\t\t\t\t\t\t\t\t\t\t\t<strong>05 oct 2025<\/strong> . Actualizado a las 09:14 h.\t\t\t\t\t\t<\/p>\n<p class=\"first-paragraph txt\">El rival del <strong>Celta Fortuna este<\/strong> s\u00e1bado, <strong>Unionistas de Salamanca<\/strong>, <strong>condenaba<\/strong> horas despu\u00e9s el final del choque de Primera Federaci\u00f3n en el que se impusieron los de Fredi \u00c1lvarez (0-2) \u00abel <strong>incidente<\/strong> provocado por un <strong>aficionado local<\/strong> en los minutos finales del partido\u00bb. Un espectador se acerc\u00f3 al banquillo visitante para <strong>escupir\u00a0<\/strong>a uno de los jugadores suplentes del filial vigu\u00e9s\u00a0en el Reina Sof\u00eda.<\/p>\n<p class=\"txt\">A trav\u00e9s del texto publicado en la web y compartido en las redes sociales, la entidad salmantina\u00a0\u00abexpresa su m\u00e1s <strong>profundo rechazo<\/strong> al <strong>inaceptable comportamiento<\/strong> que un aficionado local tuvo con un <strong>futbolista del RC Celta<\/strong> Fortuna en los minutos finales del partido disputado esta tarde en el estadio Reina Sof\u00eda\u00bb. Detallan que el espectador en cuesti\u00f3n, \u00abtras una <strong>r\u00e1pida actuaci\u00f3n<\/strong> tanto de los vigilantes de <strong>seguridad<\/strong> como de la<strong> Polic\u00eda Nacional<\/strong> en la Tribuna Sur, fue posteriormente<strong> identificado<\/strong> por las fuerzas del orden p\u00fablico\u00bb.<\/p>\n<p class=\"txt\">La entidad hace p\u00fablica as\u00ed su \u00abcondena ante este tipo de situaciones\u00bb, as\u00ed como sus\u00a0\u00ab<strong>sinceras disculpas<\/strong> al futbolista del RC Celta Fortuna que sufri\u00f3 esta desafortunada acci\u00f3n\u00bb.\u00a0A\u00f1aden, del mismo modo, que el club \u00abse puso a <strong>disposici\u00f3n de la Polic\u00eda Nacional para colaborar<\/strong> en todo aquello que fuese necesario\u00bb y, adem\u00e1s, aplicar\u00e1 el Reglamento de R\u00e9gimen Social en caso de que el espectador sea socio. El colegiado del encuentro,\u00a0Francisco Garc\u00eda Riesgo, <strong>no dej\u00f3 constancia en el acta<\/strong> de este suceso.<\/p>\n<p class=\"txt\">A trav\u00e9s de la <strong>cuenta oficial de la cantera del Celta<\/strong> s\u00ed se reflej\u00f3 de inmediato este suceso en cuanto se produjo. \u00abA Polic\u00eda leva\u00a0a un afeccionado da bancada por cuspir ao banco dos nosos. <strong>M\u00e1goa ver estas situaci\u00f3ns<\/strong> nos terreos de xogo\u00bb, expresaban.<\/p>\n<p class=\"txt\">Preguntado por lo ocurrido en la rueda de prensa posterior al encuentro, el <strong>t\u00e9cnico c\u00e9ltico, Fredi \u00c1lvarez<\/strong>, coment\u00f3 que fue \u00abun <strong>partido muy trabado<\/strong>, con muchas revisiones del FSV, muchas tarjetas, se ha parado mucho, la necesidad del rival\u2026 Son <strong>cosas que pasan<\/strong> y nuestros chicos tienen que<strong> aprender de estas situaciones<\/strong>\u00bb. Destaca que sab\u00eda que iban a un campo que \u00abempuja y ayuda mucho a su equipo\u00bb y a veces se dan \u00ab<strong>situaciones dif\u00edciles de manejar<\/strong>, y m\u00e1s, en <strong>chicos j\u00f3venes<\/strong> que est\u00e1n aprendiendo\u00bb.<\/p>\n<p class=\"txt\">\n<p>\t\t\t\t\t\t\t\t\t\t\t\t&#13;<br \/>\n\t\t\t\t\t\t\t\t&#13;<br \/>\n&#13;<br \/>\n&#13;<\/p>\n<p>\t\t\t&#13;<br \/>\n\t&#13;<\/p>\n<p>\t\t\t<a href=\"https:\/\/www.lavozdegalicia.es\/noticia\/gradario\/2025\/10\/05\/celta-fortuna-marca-dos-goles-gana-jugando-hora-inferioridad\/0003_202510V5P55991.htm\" data-analytics=\"link-embed\" rel=\"nofollow noopener\" target=\"_blank\">El Celta Fortuna marca dos goles y gana jugando una hora en inferioridad (0-2)<\/a><\/p>\n<p class=\"a-min-author\">LA VOZ<\/p>\n<p>\t&#13;<br \/>\n\t&#13;<br \/>\n&#13;<\/p>\n<p class=\"txt\">El Celta Fortuna firm\u00f3 ante Unionistas su <strong>cuarta victoria consecutiva<\/strong>, en este caso, resistiendo con un hombre menos desde el minuto 35, cuando Iago Barreiros vio la tarjeta roja cuando iban 0-0.\u00a0Con este resultado, los c\u00e9lticos se mantienen en la <strong>segunda plaza<\/strong>, a cinco puntos del Tenerife, que cuenta sus seis partidos por triunfos.<\/p>\n<p>&#13;<br \/>\n\tArchivado en:&#13;<br \/>\n\t\t\t\t\t<a href=\"https:\/\/www.lavozdegalicia.es\/temas\/celta\/\" target=\"_blank\" class=\"mg-l\" rel=\"nofollow noopener\">Celta<\/a>&#13;<br \/>\n\t\t\t\t\t<a href=\"https:\/\/www.lavozdegalicia.es\/temas\/cantera-celta\/\" target=\"_blank\" class=\"mg-l\" rel=\"nofollow noopener\">Cantera Celta<\/a>&#13;<br \/>\n\t\t\t\t\t<a href=\"https:\/\/www.lavozdegalicia.es\/temas\/celta-b\/\" target=\"_blank\" class=\"mg-l\" rel=\"nofollow noopener\">Celta B<\/a>&#13;<br \/>\n\t&#13;<\/p>\n","protected":false},"excerpt":{"rendered":"El equipo de Salamanca muestra su \u00abprofundo rechazo al inaceptable comportamiento\u00bb de un espectador y se disculpa con&hellip;\n","protected":false},"author":2,"featured_media":158059,"comment_status":"","ping_status":"","sticky":false,"template":"","format":"standard","meta":{"footnotes":""},"categories":[93],"tags":[38498,290,38499,168,25,24,23,167],"class_list":{"0":"post-158058","1":"post","2":"type-post","3":"status-publish","4":"format-standard","5":"has-post-thumbnail","7":"category-deportes","8":"tag-cantera-celta","9":"tag-celta","10":"tag-celta-b","11":"tag-deportes","12":"tag-es","13":"tag-espana","14":"tag-spain","15":"tag-sports"},"share_on_mastodon":{"url":"","error":""},"_links":{"self":[{"href":"https:\/\/www.europesays.com\/es\/wp-json\/wp\/v2\/posts\/158058","targetHints":{"allow":["GET"]}}],"collection":[{"href":"https:\/\/www.europesays.com\/es\/wp-json\/wp\/v2\/posts"}],"about":[{"href":"https:\/\/www.europesays.com\/es\/wp-json\/wp\/v2\/types\/post"}],"author":[{"embeddable":true,"href":"https:\/\/www.europesays.com\/es\/wp-json\/wp\/v2\/users\/2"}],"replies":[{"embeddable":true,"href":"https:\/\/www.europesays.com\/es\/wp-json\/wp\/v2\/comments?post=158058"}],"version-history":[{"count":0,"href":"https:\/\/www.europesays.com\/es\/wp-json\/wp\/v2\/posts\/158058\/revisions"}],"wp:featuredmedia":[{"embeddable":true,"href":"https:\/\/www.europesays.com\/es\/wp-json\/wp\/v2\/media\/158059"}],"wp:attachment":[{"href":"https:\/\/www.europesays.com\/es\/wp-json\/wp\/v2\/media?parent=158058"}],"wp:term":[{"taxonomy":"category","embeddable":true,"href":"https:\/\/www.europesays.com\/es\/wp-json\/wp\/v2\/categories?post=158058"},{"taxonomy":"post_tag","embeddable":true,"href":"https:\/\/www.europesays.com\/es\/wp-json\/wp\/v2\/tags?post=158058"}],"curies":[{"name":"wp","href":"https:\/\/api.w.org\/{rel}","templated":true}]}}