{"id":15806,"date":"2025-07-31T07:41:05","date_gmt":"2025-07-31T07:41:05","guid":{"rendered":"https:\/\/www.europesays.com\/es\/15806\/"},"modified":"2025-07-31T07:41:05","modified_gmt":"2025-07-31T07:41:05","slug":"el-dolor-puede-comerte-vivo-si-lo-permites-llega-a-cines-la-pelicula-mas-devastadora-que-veras-en-anos-noticias-de-cine","status":"publish","type":"post","link":"https:\/\/www.europesays.com\/es\/15806\/","title":{"rendered":"\u00abEl dolor puede comerte vivo si lo permites\u00bb: llega a cines la pel\u00edcula m\u00e1s devastadora que ver\u00e1s en a\u00f1os &#8211; Noticias de cine"},"content":{"rendered":"<p>Los Phillipou escribieron &#8216;Devu\u00e9lvemela&#8217; para superar una tragedia personal: \u00abes una forma de no tener que cargar con los demonios nunca m\u00e1s\u00bb. En cines el 1 de agosto<\/p>\n<p class=\"bo-p\">A <a href=\"https:\/\/www.sensacine.com\/actores\/actor-981573\/\" class=\"bo-link\" rel=\"nofollow noopener\" target=\"_blank\">Michael<\/a> y <a href=\"https:\/\/www.sensacine.com\/actores\/actor-981572\/\" class=\"bo-link\" rel=\"nofollow noopener\" target=\"_blank\">Danny Philippou<\/a> no les dejaban ver <a href=\"https:\/\/www.sensacine.com\/noticias\/cine\/noticia-1000141633\/\" class=\"bo-link\" rel=\"nofollow noopener\" target=\"_blank\">pel\u00edculas de terror cuando eran peque\u00f1os<\/a>. Sus padres eran muy estrictos con lo que pod\u00edan y no pod\u00edan ver, pero hab\u00eda algo en esa secci\u00f3n del videoclub que no dejaba de atraerles. Ahora, <b>con 33 a\u00f1os, son los nuevos genios del g\u00e9nero<\/b>. Los gemelos australianos solo tienen dos pel\u00edculas en su filmograf\u00eda, pero son suficientes para dejarte traumatizado lo que queda de tu vida. Con la primera, <a href=\"https:\/\/www.sensacine.com\/peliculas\/pelicula-311203\/\" class=\"bo-link\" rel=\"nofollow noopener\" target=\"_blank\">H\u00e1blame<\/a>, se ganaron a la cr\u00edtica y los cin\u00e9filos, pero ha sido su segunda pel\u00edcula, <a href=\"https:\/\/www.sensacine.com\/peliculas\/pelicula-1000002538\/\" class=\"bo-link\" rel=\"nofollow noopener\" target=\"_blank\">Devu\u00e9lvemela<\/a> -que llega a los cines espa\u00f1oles el 1 de agosto- con la que se han coronado como dos de las mentes m\u00e1s brillantes del puro horror.<\/p>\n<p class=\"bo-p\">Como han opinado los miembros de nuestro Scream Club, <a href=\"https:\/\/www.sensacine.com\/noticias\/cine\/noticia-1000154891\/\" class=\"bo-link\" rel=\"nofollow noopener\" target=\"_blank\">es \u00abuna de las mejores del g\u00e9nero que he visto en los \u00faltimos a\u00f1os\u00bb<\/a>. <\/p>\n<p class=\"bo-p\">Devu\u00e9lvemela funciona como una especie de secuela espiritual de la primera. Aunque la trama no est\u00e1 conectada, los hermanos las escribieron al mismo tiempo y encapsula las mismas emciones. \u00abLe hab\u00edamos dedicado todo nuestro coraz\u00f3n y alma al proyecto y sent\u00edamos que ten\u00eda que ser lo siguiente que hici\u00e9ramos. <b>Si escribes algo y te distancias demasiado de ello, siento que te desconectas un poco de lo que has escrito<\/b>. As\u00ed que se trataba de intentar aferrarnos a eso y expresarlo mientras a\u00fan viv\u00edamos esas emociones\u00bb, cuenta Danny Philippou en una entrevista con SensaCine.<\/p>\n<p class=\"bo-p\">Es dif\u00edcil hablar de Devu\u00e9lvemela sin desvelar demasiado acerca de la trama, as\u00ed que solo diremos que se centra en dos hermanos -les dan vida <a href=\"https:\/\/www.sensacine.com\/actores\/actor-817736\/\" class=\"bo-link\" rel=\"nofollow noopener\" target=\"_blank\">Billy Barratt<\/a> y <a href=\"https:\/\/www.sensacine.com\/actores\/actor-1000003476\/\" class=\"bo-link\" rel=\"nofollow noopener\" target=\"_blank\">Sora Wong<\/a>&#8211; que, tras perder a sus padres, acaban en casa de una mujer -una maravillosa <a href=\"https:\/\/www.sensacine.com\/actores\/actor-83617\/\" class=\"bo-link\" rel=\"nofollow noopener\" target=\"_blank\">Sally Hawkins<\/a>-. Ella vive sola junto a un chico, Oliver (<a href=\"https:\/\/www.sensacine.com\/actores\/actor-1000003472\/\" class=\"bo-link\" rel=\"nofollow noopener\" target=\"_blank\">Jonah Wren Phillips<\/a>), que tambi\u00e9n ha acogido. El mayor de los hermanos pronto sospecha de la actitud de ella, pero nunca imaginar\u00eda lo que de verdad esconden sus actos. Es una cinta de terror sin sustos donde los sentimientos conducen la tragedia.<\/p>\n<p class=\"bo-p\">Resulta que <b>los Philippou estaban en pleno proceso de duelo cuando escribieron ambas pel\u00edculas<\/b>, lo que sin duda se transmite en la cinta.<\/p>\n<blockquote class=\"article-quote\" data-author=\"Danny Philippou\" data-source=\"SensaCine\"><p>Hab\u00edamos perdido a alguien mientras escrib\u00edamos la pel\u00edcula y justo al empezar a rodarla. Esas emociones eran muy reales, algo muy dif\u00edcil y aterrador de procesar. Las dos personas que perdimos eran muy j\u00f3venes, y afect\u00f3 a familiares y amigos de forma extrema. Fue una forma de liberar esos demonios, de dejar que esas emociones y sentimientos se mantuvieran en alg\u00fan lugar para no cargar con ellos todo el tiempo<\/p><\/blockquote>\n<p class=\"bo-p\">Escribir estas dos historias se convirti\u00f3 en \u00abuna forma cat\u00e1rtica de liberarse de esas emociones\u00bb para los cineastas y \u00abuna forma de ejercitar esos demonios y <b>no tener que cargar con ellos nunca m\u00e1s<\/b>\u00ab. <\/p>\n<p>                                <img loading=\"lazy\" decoding=\"async\" class=\"article-figure-img\" src=\"https:\/\/www.europesays.com\/es\/wp-content\/uploads\/2025\/07\/cb2a20919bacfaf8ec6eb53425239565.jpg\" width=\"640\" height=\"320\" alt=\"\"\/><\/p>\n<p>                                    Sony Pictures<\/p>\n<p class=\"bo-p\">H\u00e1blame y Devu\u00e9lvemela comparten un ambiente familiar tr\u00e1gico que asfixia y atrapa al espectador. El duelo en su propia vida personal es lo que les ha llevado a escribirlas, pero aseguran que es un terreno que no piensan abandonar. \u00abCreo que las relaciones familiares probablemente existir\u00e1n en todas las pel\u00edculas que escribamos porque me parece una din\u00e1mica muy interesante. <b>Siempre est\u00e1s atado a esas personas, aunque no quieras<\/b>\u00ab, aseguran.<\/p>\n<p class=\"bo-p\">A la capa de devastaci\u00f3n emocional hay que sumar un conjunto de escenas expl\u00edcitamente violentas que le ponen a la pel\u00edcula la l\u00e1mina de terror definitiva. Ante la pregunta de si tienen l\u00edmites a la hora de mostrar secuencias sangrientas, ellos se r\u00eden y dicen que el l\u00edmite es su \u00abproductora\u00bb. <\/p>\n<blockquote class=\"article-quote\" data-author=\"Danny Phillipou\" data-source=\"SensaCine\"><p>Todos los guiones de nuestras pel\u00edculas son siempre m\u00e1s extremos que lo que filmamos. Siempre hay momentos que parecen cruzar la l\u00ednea, y ella es muy buena ayud\u00e1ndonos a encontrarla, porque no queremos caer en el shock por el shock, ni que parezca cine de explotaci\u00f3n. Siempre se trata de que el terror represente y signifique algo<\/p><\/blockquote>\n<p class=\"bo-p\">Por muy extremas que sean las im\u00e1genes que vemos en pantalla, todas est\u00e1n ligadas al desarrollo de sus personajes. \u00abEn esta pel\u00edcula, ya sabes, <b>el dolor puede comerte vivo si lo permites<\/b>\u00ab, a\u00f1ade Michael, \u00abLaura tiene la oportunidad de sobrevivir a esta herida que le han quitado, pero decide entregarse al dolor. Y esa escena parec\u00eda una buena met\u00e1fora para eso, as\u00ed como el ciclo de abuso, el horror y el terror de estos momentos, todo ten\u00eda estas cosas que representaba\u00bb.<\/p>\n<p class=\"bo-p\">A\u00fan as\u00ed, reconocen, \u00abcreo que nuestra l\u00ednea es, naturalmente, m\u00e1s larga que la de la mayor\u00eda de la gente. Cuando decimos si alguna vez cruzamos la l\u00ednea, creo que tal vez lo hemos hecho\u00bb.<\/p>\n","protected":false},"excerpt":{"rendered":"Los Phillipou escribieron &#8216;Devu\u00e9lvemela&#8217; para superar una tragedia personal: \u00abes una forma de no tener que cargar con&hellip;\n","protected":false},"author":2,"featured_media":15807,"comment_status":"","ping_status":"","sticky":false,"template":"","format":"standard","meta":{"footnotes":""},"categories":[169],"tags":[10438,10434,177,10433,146,147,25,24,176,10435,10437,175,23,10436,6667],"class_list":{"0":"post-15806","1":"post","2":"type-post","3":"status-publish","4":"format-standard","5":"has-post-thumbnail","7":"category-cine","8":"tag-a24","9":"tag-bring_her_back","10":"tag-cine","11":"tag-devuelvemela","12":"tag-entertainment","13":"tag-entretenimiento","14":"tag-es","15":"tag-espana","16":"tag-film","17":"tag-hablame","18":"tag-horror","19":"tag-movies","20":"tag-spain","21":"tag-talk_to_me","22":"tag-terror"},"share_on_mastodon":{"url":"","error":""},"_links":{"self":[{"href":"https:\/\/www.europesays.com\/es\/wp-json\/wp\/v2\/posts\/15806","targetHints":{"allow":["GET"]}}],"collection":[{"href":"https:\/\/www.europesays.com\/es\/wp-json\/wp\/v2\/posts"}],"about":[{"href":"https:\/\/www.europesays.com\/es\/wp-json\/wp\/v2\/types\/post"}],"author":[{"embeddable":true,"href":"https:\/\/www.europesays.com\/es\/wp-json\/wp\/v2\/users\/2"}],"replies":[{"embeddable":true,"href":"https:\/\/www.europesays.com\/es\/wp-json\/wp\/v2\/comments?post=15806"}],"version-history":[{"count":0,"href":"https:\/\/www.europesays.com\/es\/wp-json\/wp\/v2\/posts\/15806\/revisions"}],"wp:featuredmedia":[{"embeddable":true,"href":"https:\/\/www.europesays.com\/es\/wp-json\/wp\/v2\/media\/15807"}],"wp:attachment":[{"href":"https:\/\/www.europesays.com\/es\/wp-json\/wp\/v2\/media?parent=15806"}],"wp:term":[{"taxonomy":"category","embeddable":true,"href":"https:\/\/www.europesays.com\/es\/wp-json\/wp\/v2\/categories?post=15806"},{"taxonomy":"post_tag","embeddable":true,"href":"https:\/\/www.europesays.com\/es\/wp-json\/wp\/v2\/tags?post=15806"}],"curies":[{"name":"wp","href":"https:\/\/api.w.org\/{rel}","templated":true}]}}