{"id":158060,"date":"2025-10-05T14:24:14","date_gmt":"2025-10-05T14:24:14","guid":{"rendered":"https:\/\/www.europesays.com\/es\/158060\/"},"modified":"2025-10-05T14:24:14","modified_gmt":"2025-10-05T14:24:14","slug":"osakidetza-abre-este-lunes-la-vacunacion-de-la-gripe-a-mayores-de-60-anos-y-poblacion-de-riesgo-2","status":"publish","type":"post","link":"https:\/\/www.europesays.com\/es\/158060\/","title":{"rendered":"Osakidetza abre este lunes la vacunaci\u00f3n de la gripe a mayores de 60 a\u00f1os y poblaci\u00f3n de riesgo"},"content":{"rendered":"<p>Osakidetza abrir\u00e1 este lunes, 6 de octubre, la campa\u00f1a de vacunaci\u00f3n de la gripe contra la poblaci\u00f3n diana, que incluye a mayores de 60 a\u00f1os, poblaci\u00f3n infantil de entre 6 meses y 5 a\u00f1os, y poblaci\u00f3n de riesgo en Euskadi, poblaci\u00f3n con patolog\u00edas cr\u00f3nicas, mujeres embarazadas, personal de servicios sociales y sanitarios, de centros educativos y de servicios p\u00fablicos esenciales.<\/p>\n<p> El Departamento de Salud ha adquirido 786.200 dosis de la vacuna de la gripe y ofrecer\u00e1, de forma simult\u00e1nea, a la poblaci\u00f3n de riesgo, personas con patolog\u00edas cr\u00f3nicas, y mayores de 75 a\u00f1os, la posibilidad de vacunarse frente al virus SARS-CoV-2.<\/p>\n<p>La campa\u00f1a, desarrollada bajo el lema \u00abT\u00fa eres una pieza fundamental para evitar la gripe. Vac\u00fanate\u00bb, se ha reforzado este a\u00f1o con la contrataci\u00f3n de 200 enfermeras m\u00e1s y 100 administrativos.<\/p>\n<p>La gripe suele cursar de forma benigna en la mayor\u00eda de los casos, pero su prevenci\u00f3n \u00abresulta esencial en los colectivos m\u00e1s vulnerables\u00bb, seg\u00fan el Departamento de Salud. Durante la campa\u00f1a del a\u00f1o pasado, por grupos de poblaci\u00f3n, la cobertura alcanzada fue del 57,5% en personas de 60 o m\u00e1s a\u00f1os.<\/p>\n<p>En los menores de entre 6 meses y menos de 5 a\u00f1os la cobertura alcanz\u00f3 el 41% de cobertura y en el caso de las mujeres embarazas, lleg\u00f3 al 52%.<\/p>\n<p>Vacuna intranasal para ni\u00f1os<\/p>\n<p>Por tercer a\u00f1o consecutivo, Osakidetza vacunar\u00e1 a ni\u00f1os de entre 6 meses y menos de 5 a\u00f1os, no solo por las complicaciones que puedan presentar en su salud, sino por tratarse de una poblaci\u00f3n con capacidad para transmitir a otras personas la enfermedad y, especialmente, a los mayores.<\/p>\n<p> Para facilitar la adherencia y evitar las molestias del pinchazo, tambi\u00e9n este a\u00f1o se recurrir\u00e1 a la vacunaci\u00f3n intranasal a partir de los 2 a\u00f1os y hasta los 5 a\u00f1os. Tambi\u00e9n se vacunar\u00e1 a mayores de 5 a\u00f1os que presenten alguna condici\u00f3n de riesgo.<\/p>\n<p>M\u00e1s protecci\u00f3n para mayores de 75 a\u00f1os<\/p>\n<p>Entre las vacunas frente a la gripe que utilizar\u00e1 este a\u00f1o Osakidetza, adem\u00e1s de la intranasal, se encuentra tambi\u00e9n la vacuna adyuvada, que ya se empleaba en personas en residencias y que este a\u00f1o se utilizar\u00e1 por primera vez tambi\u00e9n en la vacunaci\u00f3n de las personas mayores de 75 a\u00f1os, ya que presenta una eficacia reforzada.<\/p>\n<p>Osakidetza ha adquirido 450.000 dosis de vacuna destinadas a personas a partir de 6 meses hasta 75 a\u00f1os, exceptuando a ni\u00f1os de 24 a 59 meses, para quienes se han comprado 35.000 vacunas intranasales.<\/p>\n<p>Adem\u00e1s, se han comprado 300.000 dosis de vacuna adyuvada para personas de 75 o m\u00e1s a\u00f1os, as\u00ed como para personas en residencias que tienen m\u00e1s de 50 a\u00f1os. Tambi\u00e9n se han adquirido 1.200 dosis de la vacuna destinada a personas al\u00e9rgicas al huevo y\/o aminogluc\u00f3sidos a partir de 6 meses.<\/p>\n<p>En total, Osakidetza cuenta este a\u00f1o con 786.200 dosis, que, en caso de mayor demanda, se podr\u00e1n ampliar en un 20%, y que se distribuir\u00e1n en los diferentes centros de salud y ambulatorios seg\u00fan las necesidades y demandas de la poblaci\u00f3n. En todas ellas, la caracter\u00edstica principal es que se trata de una vacuna antigripal trivalente, que incluye dos cepas A y una B.<\/p>\n<p> Asimismo, este a\u00f1o, junto con la vacuna de la gripe, se ofrece a la poblaci\u00f3n de riesgo la posibilidad de recibir, de manera simult\u00e1nea, la vacuna frente al virus SARS-CoV-2 a la poblaci\u00f3n de riesgo, adem\u00e1s de personas con patolog\u00edas cr\u00f3nicas, como mayores de 75 a\u00f1os, ya que a partir de esta edad se incrementa la hospitalizaci\u00f3n.<\/p>\n","protected":false},"excerpt":{"rendered":"Osakidetza abrir\u00e1 este lunes, 6 de octubre, la campa\u00f1a de vacunaci\u00f3n de la gripe contra la poblaci\u00f3n diana,&hellip;\n","protected":false},"author":2,"featured_media":158061,"comment_status":"","ping_status":"","sticky":false,"template":"","format":"standard","meta":{"footnotes":""},"categories":[92],"tags":[3582,2026,25,24,165,12643,166,23,25206,1529,21],"class_list":{"0":"post-158060","1":"post","2":"type-post","3":"status-publish","4":"format-standard","5":"has-post-thumbnail","7":"category-salud","8":"tag-comunidades","9":"tag-educacion","10":"tag-es","11":"tag-espana","12":"tag-health","13":"tag-noticias-interesantes","14":"tag-salud","15":"tag-spain","16":"tag-t-800","17":"tag-ultima-hora","18":"tag-ultimas-noticias"},"share_on_mastodon":{"url":"","error":""},"_links":{"self":[{"href":"https:\/\/www.europesays.com\/es\/wp-json\/wp\/v2\/posts\/158060","targetHints":{"allow":["GET"]}}],"collection":[{"href":"https:\/\/www.europesays.com\/es\/wp-json\/wp\/v2\/posts"}],"about":[{"href":"https:\/\/www.europesays.com\/es\/wp-json\/wp\/v2\/types\/post"}],"author":[{"embeddable":true,"href":"https:\/\/www.europesays.com\/es\/wp-json\/wp\/v2\/users\/2"}],"replies":[{"embeddable":true,"href":"https:\/\/www.europesays.com\/es\/wp-json\/wp\/v2\/comments?post=158060"}],"version-history":[{"count":0,"href":"https:\/\/www.europesays.com\/es\/wp-json\/wp\/v2\/posts\/158060\/revisions"}],"wp:featuredmedia":[{"embeddable":true,"href":"https:\/\/www.europesays.com\/es\/wp-json\/wp\/v2\/media\/158061"}],"wp:attachment":[{"href":"https:\/\/www.europesays.com\/es\/wp-json\/wp\/v2\/media?parent=158060"}],"wp:term":[{"taxonomy":"category","embeddable":true,"href":"https:\/\/www.europesays.com\/es\/wp-json\/wp\/v2\/categories?post=158060"},{"taxonomy":"post_tag","embeddable":true,"href":"https:\/\/www.europesays.com\/es\/wp-json\/wp\/v2\/tags?post=158060"}],"curies":[{"name":"wp","href":"https:\/\/api.w.org\/{rel}","templated":true}]}}