{"id":158068,"date":"2025-10-05T14:28:06","date_gmt":"2025-10-05T14:28:06","guid":{"rendered":"https:\/\/www.europesays.com\/es\/158068\/"},"modified":"2025-10-05T14:28:06","modified_gmt":"2025-10-05T14:28:06","slug":"cuatro-empresas-espanolas-bajo-la-lupa-de-la-onu","status":"publish","type":"post","link":"https:\/\/www.europesays.com\/es\/158068\/","title":{"rendered":"cuatro empresas espa\u00f1olas, bajo la lupa de la ONU"},"content":{"rendered":"<p>Durante una hora, entre las 10 y las 11 de la ma\u00f1ana de este mi\u00e9rcoles, parte de la plantilla de <strong>Construcciones y Auxiliar de Ferrocarriles (CAF)<\/strong> par\u00f3 de trabajar. Dejaron su puesto y se concentraron fuera de los edificios con banderas de Palestina para exigir a la direcci\u00f3n de la empresa el cese del <strong>contrato con Israel <\/strong>para la construcci\u00f3n del tren ligero en Jerusal\u00e9n Este, considerado territorio palestino ocupado por Israel, en una \u00abviolaci\u00f3n del derecho internacional\u00bb, seg\u00fan Naciones Unidas.<\/p>\n<p>\u00abCAF, rompe relaciones\u00bb <\/p>\n<p>\u00abPalestina Libre\u00bb<\/p>\n<p>\u00abCAF, c\u00f3mplice de genocidio\u00bb<\/p>\n<p>Las paredes del exterior de la planta en Beasain, Guip\u00fazcoa, expresan en euskera la repulsa al proyecto de CAF, que desde septiembre forma parte de la <a href=\"https:\/\/www.ohchr.org\/sites\/default\/files\/documents\/hrbodies\/hrcouncil\/sessions-regular\/session60\/advance-version\/a-hrc-60-19-aev.pdf\" target=\"_blank\" rel=\"nofollow noopener\">lista<\/a> del Alto Comisionado de las Naciones Unidas para los Derechos Humanos con <strong>empresas con negocios en la ocupaci\u00f3n israel\u00ed de territorios palestinos.<\/strong> Hay otras tres espa\u00f1olas: Actividades de Construcci\u00f3n y Servicios (<strong>ACS<\/strong>), la Sociedad Espa\u00f1ola de Montajes Industriales (<strong>SEMI<\/strong>) e Ingenier\u00eda y Econom\u00eda del Transporte (<strong>Ineco<\/strong>). Esta \u00faltima depende del Ministerio de Transportes, al estar participada por tres empresas p\u00fablicas, Enaire, Adif y Renfe.<\/p>\n<p>Se les imputan diferentes actividades, pero CAF es la que se lleva el mayor reproche por suministrar equipos y materiales que \u00abfacilitan\u00bb los asentamientos, prestar servicios de apoyo o utilizar recursos naturales. A ACS y SEMI, en cambio, se le achaca solo el uso de recursos y a Ineco, la prestaci\u00f3n de servicios de apoyo y mantenimiento.<\/p>\n<p>\u00abNo podemos vincularlo de una forma directa con el genocidio, pero s\u00ed con un contexto continuo de violaciones de derechos humanos de la poblaci\u00f3n palestina por parte de Israel durante a\u00f1os, d\u00e9cadas\u00bb, afirma la portavoz de<strong> Amnist\u00eda Internacional<\/strong>, Nuria Berro, en una conversaci\u00f3n con RTVE Noticias, despu\u00e9s de que el lehendakari Imanol Pradales haya negado estos d\u00edas que CAF \u00abcontribuya\u00bb y sea \u00abcorresponsable\u00bb del genocidio.<\/p>\n<p>La respuesta de estas empresas es variada. Mientras la guipuzcoana niega su responsabilidad, <strong>ACS <\/strong>asegur\u00f3 a EFE que no tiene actividad en Israel (el informe habla solo de uso de recursos, igual que para SEMI). <strong>Ineco <\/strong>ha confirmado a RTVE Noticias que est\u00e1n en un \u00abproceso de desvinculaci\u00f3n firme y continuado\u00bb de sus contratos desde la escalada de violencia en Gaza y que la actividad todav\u00eda pendiente se encuentra en territorios reconocidos internacionalmente en Jerusal\u00e9n, Haifa o Nazaret.<\/p>\n<p>CAF dice que no vulnera derechos y defiende un \u00abimpacto positivo\u00bb <\/p>\n<p><strong>CAF<\/strong>, participada en un 3% por el Gobierno vasco, asegura que cuentan con informes de expertos \u00abindependientes de reconocido prestigio\u00bb que descartan que est\u00e9n vulnerando el derecho internacional con su<strong> consorcio con la constructora israel\u00ed Shapir <\/strong>para el proyecto valorado en 1.800 millones de euros. Alegan tambi\u00e9n que no han recibido reproche de la administraci\u00f3n espa\u00f1ola competente y que sus an\u00e1lisis no identifican \u00abninguna vulneraci\u00f3n de los derechos humanos\u00bb.<\/p>\n<p>\u00abAl contrario, el proyecto de Jerusal\u00e9n genera impactos positivos en la poblaci\u00f3n\u00bb, apuntan en su comunicado enviado a la <strong>Comisi\u00f3n Nacional del Mercado de Valores (CNMV), <\/strong>en el que aseguran que la comunidad \u00e1rabe es tambi\u00e9n usuaria del tranv\u00eda y que, durante la construcci\u00f3n, siguen una \u00abestricta pol\u00edtica de contrataci\u00f3n inclusiva y no discriminatoria\u00bb.<\/p>\n<p>No obstante, su caso se menciona espec\u00edficamente en el informe de la relatora especial de las Naciones Unidas sobre los territorios palestinos,<strong> Francesca Albanese<\/strong>, titulado <a href=\"https:\/\/www.ohchr.org\/sites\/default\/files\/documents\/hrbodies\/hrcouncil\/sessions-regular\/session59\/advance-version\/a-hrc-59-23-aev.pdf\" target=\"_blank\" rel=\"nofollow noopener\">\u00abDe la econom\u00eda de la ocupaci\u00f3n a la econom\u00eda de genocidio\u00bb.<\/a><\/p>\n<p>Albanese documenta ah\u00ed la <strong>\u00abmaquinaria corporativa que sustenta el proyecto colonialista israel\u00ed <\/strong>de desplazamiento y sustituci\u00f3n de los palestinos en los territorios ocupados\u00bb y se\u00f1ala que la \u00abcomplicidad\u00bb es solo la \u00abpunta del iceberg\u00bb de una econom\u00eda que se ha beneficiado de \u00abla ocupaci\u00f3n ilegal, el apartheid y, ahora, el genocidio\u00bb. A CAF la incluye en el ep\u00edgrafe \u00abremplazo\u00bb y recuerda que se sum\u00f3 al proyecto \u00aben un momento en que otras empresas se hab\u00edan retirado debido a la presi\u00f3n internacional\u00bb.<\/p>\n<p>Amnist\u00eda Internacional sigue de cerca el asunto y ha participado en las protestas desde que en 2019 CAF se presentara a la licitaci\u00f3n. \u00abEn ese momento ya hab\u00eda sido<strong> declarado ilegal<\/strong> por el Consejo de Derechos Humanos de Naciones Unidas, en 2016 y 2017. Hay empresas que se retiran precisamente por la presi\u00f3n social de que van a participar en un proyecto que es ilegal\u00bb, explica Berro.<\/p>\n<p>Por su parte, fuentes de <strong>Ineco<\/strong>, con actividad en Israel desde 2005, explican que van a recurrir su inclusi\u00f3n en la lista de la ONU. La compa\u00f1\u00eda contin\u00faa dando apoyo t\u00e9cnico en proyectos de ingenier\u00eda y consultor\u00eda de transporte para uso civil, pero han renunciado expresamente a participar en \u00abtodas las nuevas oportunidades y pedidos de la administraci\u00f3n y empresas israel\u00eds\u00bb.<\/p>\n<p>Seg\u00fan defienden, en el \u00faltimo a\u00f1o sus ingresos all\u00ed se han reducido a la mitad, al pasar \u00abde m\u00e1s de siete millones de euros de ingresos medios anuales en el periodo 2020-2022, a menos de cuatro millones a cierre del ejercicio 2024\u00bb.<\/p>\n<p>Repercusi\u00f3n en las inversiones y el negocio<\/p>\n<p>La lista de la ONU incluye un total de 158 empresas, la mayor\u00eda israel\u00edes (138), aunque tambi\u00e9n hay de Estados Unidos, Francia, Reino Unido, China, Portugal, Canad\u00e1, Luxemburgo y Pa\u00edses Bajos. Pero, \u00bfqu\u00e9 utilidad tiene?<\/p>\n<p>Nuria Berro, de Amnist\u00eda Internacional, menciona el \u00abderecho a la informaci\u00f3n\u00bb de los ciudadanos, pero pone el acento en la <strong>repercusi\u00f3n que tienen en la inversi\u00f3n y el rendimiento de sus negocios<\/strong>, puesto que puede afectar a sus calificaciones por parte de las agencias de rating o, directamente, descartarles de determinados concursos p\u00fablicos.<\/p>\n<p>Por ejemplo, el Ayuntamiento de Barcelona aprob\u00f3 una resoluci\u00f3n para excluir de sus licitaciones a las empresas de la lista, lo que supuso la exclusi\u00f3n de la francesa <strong>Alstom <\/strong>en un concurso de 320 millones de euros para la compra de convoyes para el metro de Barcelona.<\/p>\n<p>Seg\u00fan adelant\u00f3 El Economista e inform\u00f3 Eldiario.es, la multinacional francesa, que ya hab\u00eda suministrado antes a los transportes metropolitanos de la capital catalana, impugn\u00f3 la decisi\u00f3n en los tribunales, alegando que ya no ten\u00eda actividad en los territorios palestinos ocupados. La \u00faltima actualizaci\u00f3n de la lista de la ONU les ha dado la raz\u00f3n: ya no est\u00e1n incluidos. <\/p>\n<p>Otra empresa se\u00f1alada en el pasado informe de 2023 y que ya no lo est\u00e1 es <strong>eDreams<\/strong>, con sede actualmente en Espa\u00f1a. La plataforma de reserva de viajes anticipaba este cambio a principios de septiembre, en tanto que retir\u00f3 los alojamientos en los territorios ocupados, seg\u00fan expres\u00f3 en un comunicado recogido por Europa Press.<\/p>\n<p>En el caso de CAF, el debate ha llegado igualmente al terreno pol\u00edtico en el Pa\u00eds Vasco. Tanto Elkarrekin Podemos como Sumar Mugimendua han lanzado reproches desde el Parlamento, mientras el lehendakari pide que<strong> no se \u00abinstrumentalice el drama palestino\u00bb <\/strong>y se tenga \u00abcuidado con los se\u00f1alamientos\u00bb en democracia.<\/p>\n<p>En ese sentido, la diputada general de Gipuzkoa Eider Mendoza, del PNV, pidi\u00f3 no mezclar la situaci\u00f3n en Palestina y el reproche al Gobierno de Benjam\u00edn Netanyahu con la cuesti\u00f3n econ\u00f3mica, porque,<strong> si CAF abandonara el contrato, \u00abpodr\u00eda suponer el cierre de la empresa o llev\u00e1rsela a otro sitio\u00bb <\/strong>con la repercusi\u00f3n en empleos que eso tendr\u00eda.<\/p>\n<p>Pero Pradales tambi\u00e9n inst\u00f3 a la ferroviaria a \u00abque hiciera una reflexi\u00f3n \u00e9tica\u00bb, aunque siempre fuera a respetar su decisi\u00f3n. \u00abEso ya es una grieta en el apoyo\u00bb, opina la portavoz de Amnist\u00eda Internacional.<\/p>\n<p>Dentro del Gobierno central tambi\u00e9n hay algunos matices en las posiciones. El ministro de la Presidencia, Justicia y Relaciones con las Cortes, F\u00e9lix Bola\u00f1os, afirm\u00f3 que \u00abno puede entrar\u00bb en las decisiones de una empresa privada como CAF y record\u00f3 que el embargo a Israel aprobado solo afecta a las armas y productos de \u00abdoble uso\u00bb militar y civil. Pero pocos d\u00edas despu\u00e9s, el ministro de <strong>Consumo, Pablo Bustinduy, anunciaba una investigaci\u00f3n<\/strong> a las empresas que publiciten servicios o productos de los territorios palestinos ocupados. Este departamento no puede regular la actividad que realizan all\u00ed, pero s\u00ed la promoci\u00f3n que hacen de ello.<\/p>\n<p>La lista de la ONU no prev\u00e9 sanciones, pero insta a los <strong>Estados a adoptar las \u00abmedidas adecuadas\u00bb<\/strong> para impedir los abusos de los derechos humanos \u00abpor medios judiciales, administrativos, legislativos u otros medios apropiados\u00bb.<\/p>\n<p>La pelota tambi\u00e9n est\u00e1 en el tejado de las <strong>empresas<\/strong>, a las que pide protocolos para \u00abdemostrar\u00bb que respetan los derechos humanos realmente y que, en el caso de que los hayan vulnerado en alguna ocasi\u00f3n, prevean medidas de reparaci\u00f3n. <\/p>\n","protected":false},"excerpt":{"rendered":"Durante una hora, entre las 10 y las 11 de la ma\u00f1ana de este mi\u00e9rcoles, parte de la&hellip;\n","protected":false},"author":2,"featured_media":158069,"comment_status":"","ping_status":"","sticky":false,"template":"","format":"standard","meta":{"footnotes":""},"categories":[42],"tags":[17,18,13,14,11,61,62,63,64,19,20,9,10,15,16,12,21,22,65,66,67],"class_list":{"0":"post-158068","1":"post","2":"type-post","3":"status-publish","4":"format-standard","5":"has-post-thumbnail","7":"category-internacional","8":"tag-breaking-news","9":"tag-breakingnews","10":"tag-featured-news","11":"tag-featurednews","12":"tag-headlines","13":"tag-internacional","14":"tag-international","15":"tag-international-news","16":"tag-internationalnews","17":"tag-latest-news","18":"tag-latestnews","19":"tag-news","20":"tag-noticias","21":"tag-noticias-destacadas","22":"tag-noticiasdestacadas","23":"tag-titulares","24":"tag-ultimas-noticias","25":"tag-ultimasnoticias","26":"tag-world","27":"tag-world-news","28":"tag-worldnews"},"share_on_mastodon":{"url":"","error":""},"_links":{"self":[{"href":"https:\/\/www.europesays.com\/es\/wp-json\/wp\/v2\/posts\/158068","targetHints":{"allow":["GET"]}}],"collection":[{"href":"https:\/\/www.europesays.com\/es\/wp-json\/wp\/v2\/posts"}],"about":[{"href":"https:\/\/www.europesays.com\/es\/wp-json\/wp\/v2\/types\/post"}],"author":[{"embeddable":true,"href":"https:\/\/www.europesays.com\/es\/wp-json\/wp\/v2\/users\/2"}],"replies":[{"embeddable":true,"href":"https:\/\/www.europesays.com\/es\/wp-json\/wp\/v2\/comments?post=158068"}],"version-history":[{"count":0,"href":"https:\/\/www.europesays.com\/es\/wp-json\/wp\/v2\/posts\/158068\/revisions"}],"wp:featuredmedia":[{"embeddable":true,"href":"https:\/\/www.europesays.com\/es\/wp-json\/wp\/v2\/media\/158069"}],"wp:attachment":[{"href":"https:\/\/www.europesays.com\/es\/wp-json\/wp\/v2\/media?parent=158068"}],"wp:term":[{"taxonomy":"category","embeddable":true,"href":"https:\/\/www.europesays.com\/es\/wp-json\/wp\/v2\/categories?post=158068"},{"taxonomy":"post_tag","embeddable":true,"href":"https:\/\/www.europesays.com\/es\/wp-json\/wp\/v2\/tags?post=158068"}],"curies":[{"name":"wp","href":"https:\/\/api.w.org\/{rel}","templated":true}]}}