{"id":158071,"date":"2025-10-05T14:30:26","date_gmt":"2025-10-05T14:30:26","guid":{"rendered":"https:\/\/www.europesays.com\/es\/158071\/"},"modified":"2025-10-05T14:30:26","modified_gmt":"2025-10-05T14:30:26","slug":"polonia-despliega-sus-aviones-de-combate-mientras-rusia-lanza-otra-ola-de-ataques-contra-ucrania-que-ha-dejado-al-menos-5-muertos-y-a-miles-sin-electricidad","status":"publish","type":"post","link":"https:\/\/www.europesays.com\/es\/158071\/","title":{"rendered":"Polonia despliega sus aviones de combate mientras Rusia lanza otra ola de ataques contra Ucrania que ha dejado al menos 5 muertos y a miles sin electricidad"},"content":{"rendered":"<p><img fetchpriority=\"high\" decoding=\"async\" src=\"https:\/\/www.europesays.com\/es\/wp-content\/uploads\/2025\/10\/8e6ec6f0-a1c1-11f0-8717-15b6df652bfb.jpg.webp.webp\"   alt=\"Dos aviones F-16 polacos en el aire.\" loading=\"eager\" width=\"1000\" height=\"562\" style=\"aspect-ratio:1000 \/ 562\" class=\"bbc-139onq\"\/><\/p>\n<p class=\"bbc-by8ykd\" role=\"text\">Fuente de la imagen, Reuters<\/p>\n<p>Pie de foto, Cazas polacos sobrevolaron el espacio a\u00e9reo del pa\u00eds, vecino con Ucrania, para impedir que el paso de drones o misiles rusos.<strong id=\"article-byline\" aria-hidden=\"true\" class=\"bbc-m04vo2\">Informaci\u00f3n del art\u00edculo<\/strong><\/p>\n<ul class=\"bbc-1rvtlej\">\n<li class=\"bbc-oe8da4\">\n<ul role=\"list\" class=\"bbc-r1yif8\">\n<li>Autor, Stuart Lau*<\/li>\n<li>T\u00edtulo del autor,  BBC News<\/li>\n<\/ul>\n<\/li>\n<li class=\"bbc-1clfxfc\">\n<p>4 horas<\/p>\n<\/li>\n<li class=\"bbc-1clfxfc\"\/><\/ul>\n<p dir=\"ltr\" class=\"bbc-hhl7in e17g058b0\"><b>Rusia bombarde\u00f3 Ucrania con decenas de misiles y drones durante la noche del s\u00e1bado y la ma\u00f1ana del domingo, dejando al menos cinco muertos y a miles de personas sin electricidad.<\/b><\/p>\n<p dir=\"ltr\" class=\"bbc-hhl7in e17g058b0\">Por su parte, Polonia, vecina de Ucrania, despleg\u00f3 aviones de combate para garantizar la seguridad del espacio a\u00e9reo polaco, confirm\u00f3 el ej\u00e9rcito de ese pa\u00eds. <\/p>\n<p dir=\"ltr\" class=\"bbc-hhl7in e17g058b0\">Aviones de otros pa\u00edses miembros de la Organizaci\u00f3n del Tratado del Atl\u00e1ntico Norte (OTAN) tambi\u00e9n fueron desplegados.<\/p>\n<p dir=\"ltr\" class=\"bbc-hhl7in e17g058b0\">El presidente ucraniano, Volodymyr Zelensky, report\u00f3 que cinco personas murieron en ataques. Cuatro de los decesos ocurrieron en Lviv, precis\u00f3 el jefe de la regi\u00f3n, Maksym Kozytskyi.<\/p>\n<p dir=\"ltr\" class=\"bbc-hhl7in e17g058b0\">Una persona tambi\u00e9n muri\u00f3 en Zaporizhia, en el este del pa\u00eds.<\/p>\n<p dir=\"ltr\" class=\"bbc-hhl7in e17g058b0\">Zelensky afirm\u00f3 que Rusia dispar\u00f3 m\u00e1s de 50 misiles y alrededor de 500 drones contra objetivos de la infraestructura energ\u00e9tica ucraniana.<\/p>\n<p dir=\"ltr\" class=\"bbc-hhl7in e17g058b0\">Mosc\u00fa, por su parte, confirm\u00f3 que us\u00f3 misiles hipers\u00f3nicos \u00abcontra instalaciones militares\u00bb y otras infraestructuras en Ucrania.<\/p>\n<p dir=\"ltr\" class=\"bbc-hhl7in e17g058b0\">Las regiones de Ivano-Frankivsk, Chernigov, Sumy, J\u00e1rkov, Jers\u00f3n, Odesa y Kirovogrado tambi\u00e9n fueron blanco de las fuerzas del Kremlin, asever\u00f3 Zelensky.<\/p>\n<p dir=\"ltr\" class=\"bbc-hhl7in e17g058b0\">\u00abNecesitamos mayor protecci\u00f3n y una implementaci\u00f3n m\u00e1s r\u00e1pida de todos los acuerdos de defensa, especialmente en materia de defensa a\u00e9rea, para detener este terror a\u00e9reo sin sentido\u00bb, afirm\u00f3 el mandatario.<\/p>\n<p dir=\"ltr\" class=\"bbc-hhl7in e17g058b0\">\u00abUn alto el fuego unilateral en el cielo es posible, y es precisamente eso lo que podr\u00eda abrir el camino a una verdadera diplomacia\u00bb, agreg\u00f3.<\/p>\n<p><img decoding=\"async\" src=\"https:\/\/www.europesays.com\/es\/wp-content\/uploads\/2025\/10\/0399e0c0-a1c9-11f0-b741-177e3e2c2fc7.jpg.webp.webp\"   alt=\"Rescatistas ucranianos entre los restos de una casa cerca de la ciudad de Lviv, al oeste de Ucrania.\" loading=\"lazy\" width=\"1024\" height=\"683\" style=\"aspect-ratio:1024 \/ 683\" class=\"bbc-139onq\"\/><\/p>\n<p class=\"bbc-by8ykd\" role=\"text\">Fuente de la imagen, AFP via Getty Images<\/p>\n<p>Pie de foto, Ucrania ha vivido un otro fin de semana en vela, debido a una nueva ola de ataques rusos con misiles y drones.<\/p>\n<p>En alerta m\u00e1xima<\/p>\n<p dir=\"ltr\" class=\"bbc-hhl7in e17g058b0\">\u00abAviones polacos y aliados operan en nuestro espacio a\u00e9reo, mientras que los sistemas terrestres de defensa a\u00e9rea y reconocimiento por radar se encuentran en su m\u00e1ximo nivel de alerta\u00bb, declar\u00f3 el mando operativo polaco en una publicaci\u00f3n en X.<\/p>\n<p dir=\"ltr\" class=\"bbc-hhl7in e17g058b0\">Sin embargo, la operaci\u00f3n, en la que participaron aviones F-35 de la Real Fuerza A\u00e9rea de los Pa\u00edses Bajos, ya habr\u00eda concluido, inform\u00f3 el servicio ruso de la BBC.<\/p>\n<p dir=\"ltr\" class=\"bbc-hhl7in e17g058b0\">A las 05:10 (02:10 GMT), toda Ucrania se encontraba bajo alerta antia\u00e9rea tras las advertencias de la Fuerza A\u00e9rea sobre ataques con misiles y drones rusos.<\/p>\n<p dir=\"ltr\" class=\"bbc-hhl7in e17g058b0\">Rusia ha intensificado sus ataques contra la infraestructura energ\u00e9tica de Ucrania en los \u00faltimos d\u00edas.<\/p>\n<p dir=\"ltr\" class=\"bbc-hhl7in e17g058b0\">El alcalde de Lviv, Andriy Sadovyi, declar\u00f3 que parte de la ciudad, a 70 kil\u00f3metros de la frontera con Polonia, se encontraba sin electricidad.<\/p>\n<p dir=\"ltr\" class=\"bbc-hhl7in e17g058b0\">Asimismo, asegur\u00f3 que los sistemas de defensa a\u00e9rea trabajaron intensamente para repeler primero un ataque con drones y luego uno con misiles.<\/p>\n<p dir=\"ltr\" class=\"bbc-hhl7in e17g058b0\">A las 07:30 (04:30 GMT), partes de la ciudad no solo sin suministr\u00f3 de energ\u00eda el\u00e9ctrica, sino tambi\u00e9n sin transporte p\u00fablico.<\/p>\n<p dir=\"ltr\" class=\"bbc-hhl7in e17g058b0\">Sadovyi inst\u00f3 a los habitantes de la urbe a mantenerse en sus casas. \u00abEs peligroso salir a la calle\u00bb, escribi\u00f3 en un mensaje en Telegram.<\/p>\n<p><img decoding=\"async\" src=\"https:\/\/www.europesays.com\/es\/wp-content\/uploads\/2025\/10\/4ba9e810-a1c9-11f0-b741-177e3e2c2fc7.jpg.webp.webp\"   alt=\"Restos del tren ucraniano atacado el s\u00e1bado\" loading=\"lazy\" width=\"1024\" height=\"683\" style=\"aspect-ratio:1024 \/ 683\" class=\"bbc-139onq\"\/><\/p>\n<p class=\"bbc-by8ykd\" role=\"text\">Fuente de la imagen, Global Images Ukraine via Getty Images<\/p>\n<p>Pie de foto, Los ataques rusos de la noche del s\u00e1bado se suman al registrado en horas antes contra un tren, el cual dej\u00f3 decenas de muertos.<\/p>\n<p dir=\"ltr\" class=\"bbc-hhl7in e17g058b0\">Por su parte, en Zaporiyia, al este del pa\u00eds, un ataque nocturno ruso dej\u00f3 a \u00abm\u00e1s de 73.000 consumidores est\u00e1n sin electricidad\u00bb, afirm\u00f3 Ivan Fedorov, gobernador regional, quien indic\u00f3 una persona muri\u00f3 y nueve resultaron heridas.<\/p>\n<p dir=\"ltr\" class=\"bbc-hhl7in e17g058b0\">Una joven de 16 a\u00f1os se encontraba entre quienes recib\u00edan asistencia m\u00e9dica, a\u00f1adi\u00f3 el funcionario, quien public\u00f3 fotos que aparentemente mostraban un bloque de pisos parcialmente destruido y un auto incendiado en el lugar del ataque.<\/p>\n<p dir=\"ltr\" class=\"bbc-hhl7in e17g058b0\">El transporte p\u00fablico en Ivano-Frankivsk, otra ciudad occidental, \u00abcomenzar\u00eda a operar m\u00e1s tarde de lo habitual\u00bb el domingo, seg\u00fan inform\u00f3 su alcalde.<\/p>\n<p dir=\"ltr\" class=\"bbc-hhl7in e17g058b0\">Los m\u00faltiples ataques formaron parte de las amenazas de Rusia contra toda Ucrania durante la noche.<\/p>\n<p dir=\"ltr\" class=\"bbc-hhl7in e17g058b0\">Alrededor de las 06:00 (03:00 GMT), la Fuerza A\u00e9rea de Ucrania declar\u00f3 que todo el pa\u00eds estaba bajo la amenaza de nuevos ataques con misiles rusos, tras horas de alertas de ataques a\u00e9reos y advertencias de ataques con drones y misiles.<\/p>\n<p>Fin de semana sangriento<\/p>\n<p dir=\"ltr\" class=\"bbc-hhl7in e17g058b0\">Horas antes, el s\u00e1bado, unos drones rusos mataron a m\u00e1s de 30 personas en la regi\u00f3n ucraniana de Sumy, al norte del pa\u00eds y cerca de la frontera con Rusia.<\/p>\n<p dir=\"ltr\" class=\"bbc-hhl7in e17g058b0\">Los veh\u00edculos no tripulados se estrellaron contra dos trenes de pasajeros que se encontraban estacionados en la estaci\u00f3n ferroviaria de la ciudad de Shostka, report\u00f3 el presidente Zelensky.<\/p>\n<p dir=\"ltr\" class=\"bbc-hhl7in e17g058b0\">En Rusia, por su parte, las unidades de defensa a\u00e9rea tambi\u00e9n tuvieron una noche agitada. <\/p>\n<p dir=\"ltr\" class=\"bbc-hhl7in e17g058b0\">32 drones ucranianos fueron destruidos, inform\u00f3 el domingo la agencia de noticias estatal RIA, citando datos del Ministerio de Defensa.<\/p>\n<p dir=\"ltr\" class=\"bbc-hhl7in e17g058b0\">Los ataques se producen d\u00edas despu\u00e9s de que el enviado especial de EE.UU. a Ucrania, Keith Kellogg, declar\u00f3 a la cadena Fox News que Washington apoyar\u00eda a Kyiv en la realizaci\u00f3n de bombardeos dentro del territorio ruso.<\/p>\n<p dir=\"ltr\" class=\"bbc-hhl7in e17g058b0\">\u00abLa respuesta es s\u00ed, hay que usar la capacidad de atacar a gran profundidad; no existen los santuarios\u00bb, respondi\u00f3 Kellogg al ser preguntado sobre si el presidente Donald Trump consideraba que Ucrania pod\u00eda realizar ataques de largo alcance.<\/p>\n<p dir=\"ltr\" class=\"bbc-hhl7in e17g058b0\">Putin advirti\u00f3 a EE.UU. sobre los riesgos que conlleva el suministro a Ucrania de armas que le permitan realizar ataques a grandes distancias.<\/p>\n<p dir=\"ltr\" class=\"bbc-hhl7in e17g058b0\">\u00abEsto llevar\u00eda a la destrucci\u00f3n de nuestras relaciones, al menos de la tendencia positiva que se est\u00e1 gestando\u00bb, declar\u00f3 el mandatario ruso en una entrevista a una televisora local.<\/p>\n<p><img decoding=\"async\" src=\"https:\/\/www.europesays.com\/es\/wp-content\/uploads\/2025\/10\/30c400b0-a1cb-11f0-92db-77261a15b9d2.jpg.webp.webp\"   alt=\"El aeropuerto de Vilna\" loading=\"lazy\" width=\"1024\" height=\"655\" style=\"aspect-ratio:1024 \/ 655\" class=\"bbc-139onq\"\/><\/p>\n<p class=\"bbc-by8ykd\" role=\"text\">Fuente de la imagen, AFP via Getty Images<\/p>\n<p>Pie de foto, Lituania cerr\u00f3 durante unas horas su principal aeropuerto y su espacio a\u00e9reo, luego de detectar una serie de objetos voladores.<\/p>\n<p>Lituania se suma a la lista<\/p>\n<p dir=\"ltr\" class=\"bbc-hhl7in e17g058b0\">Mientras tanto, otro miembro de la OTAN, Lituania, tuvo que cerrar brevemente su espacio a\u00e9reo tras el avistamiento de una serie de objetos a\u00e9reos sospechosos. <\/p>\n<p dir=\"ltr\" class=\"bbc-hhl7in e17g058b0\">Este incidente se suma a los registrados en las \u00faltimas semanas en Dinamarca, Noruega y Alemania.<\/p>\n<p dir=\"ltr\" class=\"bbc-hhl7in e17g058b0\">Las autoridades lituanas suspendieron los vuelos en su aeropuerto m\u00e1s grande y concurrido, Vilna, durante varias horas, antes de reabrirlo a las 04:50 (01:50 GMT) del domingo.<\/p>\n<p dir=\"ltr\" class=\"bbc-hhl7in e17g058b0\">El operador de la terminal declar\u00f3 que la medida fue adoptada \u00abdebido a una serie de posibles globos\u00bb.<\/p>\n<p dir=\"ltr\" class=\"bbc-hhl7in e17g058b0\">La decisi\u00f3n afect\u00f3 al menos a diez vuelos procedentes de Londres (Reino Unido), Frankfurt (Alemania) y Viena (Austria), cuyos aviones fueron desviados a la capital de Letonia, Riga, mientras que un vuelo procedente de Copenhague (Dinamarca) regres\u00f3 a su origen y una salida programada a Helsinki (Finlandia) fue cancelada, detall\u00f3 el propio aeropuerto a trav\u00e9s de sus canales oficiales.<\/p>\n<p dir=\"ltr\" class=\"bbc-hhl7in e17g058b0\">*Con informaci\u00f3n de Emily Atkinson y del servicio ruso de la BBC<\/p>\n<p><img decoding=\"async\" src=\"https:\/\/www.europesays.com\/es\/wp-content\/uploads\/2025\/10\/8b60e680-a1c8-11f0-92db-77261a15b9d2.png.webp.webp\"   alt=\"raya gris\" loading=\"lazy\" width=\"800\" height=\"100\" style=\"aspect-ratio:800 \/ 100\" class=\"bbc-139onq\"\/><\/p>\n<p dir=\"ltr\" class=\"bbc-hhl7in e17g058b0\"><a href=\"https:\/\/www.bbc.com\/mundo\/send\/u184973209\" class=\"focusIndicatorReducedWidth bbc-n8oauk e1p3sufg0\" rel=\"nofollow noopener\" target=\"_blank\">Suscr\u00edbete aqu\u00ed<\/a> a nuestro nuevo newsletter para recibir cada viernes una selecci\u00f3n de nuestro mejor contenido de la semana.<\/p>\n<p dir=\"ltr\" class=\"bbc-hhl7in e17g058b0\">Y recuerda que puedes recibir notificaciones en nuestra app. Descarga la \u00faltima versi\u00f3n y act\u00edvalas.<\/p>\n","protected":false},"excerpt":{"rendered":"Fuente de la imagen, Reuters Pie de foto, Cazas polacos sobrevolaron el espacio a\u00e9reo del pa\u00eds, vecino con&hellip;\n","protected":false},"author":2,"featured_media":158072,"comment_status":"","ping_status":"","sticky":false,"template":"","format":"standard","meta":{"footnotes":""},"categories":[5],"tags":[17,18,25,24,13,14,11,19,20,9,10,15,16,23,12,21,22],"class_list":{"0":"post-158071","1":"post","2":"type-post","3":"status-publish","4":"format-standard","5":"has-post-thumbnail","7":"category-titulares","8":"tag-breaking-news","9":"tag-breakingnews","10":"tag-es","11":"tag-espana","12":"tag-featured-news","13":"tag-featurednews","14":"tag-headlines","15":"tag-latest-news","16":"tag-latestnews","17":"tag-news","18":"tag-noticias","19":"tag-noticias-destacadas","20":"tag-noticiasdestacadas","21":"tag-spain","22":"tag-titulares","23":"tag-ultimas-noticias","24":"tag-ultimasnoticias"},"share_on_mastodon":{"url":"","error":""},"_links":{"self":[{"href":"https:\/\/www.europesays.com\/es\/wp-json\/wp\/v2\/posts\/158071","targetHints":{"allow":["GET"]}}],"collection":[{"href":"https:\/\/www.europesays.com\/es\/wp-json\/wp\/v2\/posts"}],"about":[{"href":"https:\/\/www.europesays.com\/es\/wp-json\/wp\/v2\/types\/post"}],"author":[{"embeddable":true,"href":"https:\/\/www.europesays.com\/es\/wp-json\/wp\/v2\/users\/2"}],"replies":[{"embeddable":true,"href":"https:\/\/www.europesays.com\/es\/wp-json\/wp\/v2\/comments?post=158071"}],"version-history":[{"count":0,"href":"https:\/\/www.europesays.com\/es\/wp-json\/wp\/v2\/posts\/158071\/revisions"}],"wp:featuredmedia":[{"embeddable":true,"href":"https:\/\/www.europesays.com\/es\/wp-json\/wp\/v2\/media\/158072"}],"wp:attachment":[{"href":"https:\/\/www.europesays.com\/es\/wp-json\/wp\/v2\/media?parent=158071"}],"wp:term":[{"taxonomy":"category","embeddable":true,"href":"https:\/\/www.europesays.com\/es\/wp-json\/wp\/v2\/categories?post=158071"},{"taxonomy":"post_tag","embeddable":true,"href":"https:\/\/www.europesays.com\/es\/wp-json\/wp\/v2\/tags?post=158071"}],"curies":[{"name":"wp","href":"https:\/\/api.w.org\/{rel}","templated":true}]}}