{"id":158073,"date":"2025-10-05T14:31:09","date_gmt":"2025-10-05T14:31:09","guid":{"rendered":"https:\/\/www.europesays.com\/es\/158073\/"},"modified":"2025-10-05T14:31:09","modified_gmt":"2025-10-05T14:31:09","slug":"el-aula-se-estrella-contra-un-muro-en-la-porteria-de-porrino-y-contra-su-falta-de-madurez","status":"publish","type":"post","link":"https:\/\/www.europesays.com\/es\/158073\/","title":{"rendered":"El Aula se estrella contra un muro en la porter\u00eda de Porri\u00f1o&#8230; y contra su falta de madurez"},"content":{"rendered":"<p><a class=\"v-mdl-ath__fig-a\" href=\"https:\/\/www.elnortedecastilla.es\/autor\/luis-miguel-de-pablos-682.html\" title=\"Luis Miguel de Pablos\" rel=\"nofollow noopener\" target=\"_blank\"><br \/>\n<img decoding=\"async\" class=\"v-mdl-ath__img\" src=\"https:\/\/www.europesays.com\/es\/wp-content\/uploads\/2025\/09\/autor-682-foto-1.jpeg\" alt=\"Luis Miguel de Pablos\"\/><br \/>\n<\/a><\/p>\n<p class=\"v-mdl-ath__p v-mdl-ath__p--6\">\nDomingo, 5 de octubre 2025, 16:10<\/p>\n<p class=\"v-p\">En deporte pocos envidian la juventud cuando se discute el resultado. Cuando lo que prima es ganar por encima de proyectos, el plus que proporciona la experiencia suma puntos y tambi\u00e9n sonrisas. Y el ejemplo vivido este domingo en Huerta del Rey sirve como anillo al dedo para explicar que la generaci\u00f3n que ha reunido este a\u00f1o el Aula en su vestuario sonreir\u00e1, y mucho, en un futuro pr\u00f3ximo, pero de momento le toca pagar el peaje que acarrea su falta de madurez y experiencia en determinadas situaciones de partido. <\/p>\n<p class=\"v-p\">Puede dar fe Porri\u00f1o, que este domingo transit\u00f3 varios metros por detr\u00e1s de su rival durante buena parte del partido,&#8230; justo hasta que tocaba dirimir los puntos en juego. Entonces, su experiencia s\u00ed fue un grado y result\u00f3 suficiente para abandonar Huerta del Rey con una gran sonrisa cuando muy probablemente no mereci\u00f3 tanto premio. <\/p>\n<p class=\"v-p\">El pulso que gan\u00f3 la juventud durante tantos minutos lo supo compensar el equipo gallego desde la porter\u00eda, gracias a la excelsa actuaci\u00f3n de la brasile\u00f1a Isabela Ferrarin (17 paradas, entre ella cuatro penaltis), que impidi\u00f3 que el Aula tomara m\u00e1s distancia en el marcador en la primera parte cuando acumulaba sobrados m\u00e9ritos y at\u00f3 la victoria para su equipo cuando el rival ya no lo merec\u00eda.<\/p>\n<p class=\"v-p\">Sin una unidad B solvente, el equipo de Salva Puig pag\u00f3 tambi\u00e9n la escasa aportaci\u00f3n desde el banquillo. <\/p>\n<p class=\"v-scr__t\">BM Aula<\/p>\n<p class=\"v-scr__p v-scr__p--3\">Sol Carrat\u00fa (portera, 13 paradas), Inoa Lucio (2), Polina Gorbatsyova (1), Kadi Jallow (1), Naroa Baquedano (2), Savina Bergara (2), Amaia G. de Garibay (1) -siete inicial- Sandra Monteagudo (6), Angie Z\u00fcrni (3), M\u00f3nica Guti\u00e9rrez-Par\u00eds (1), Jimena Arriaga (1), Mar\u00eda Guerra (-), Alba Bad\u00e1s (portera), Nerea Pati\u00f1o (1), Valeska Lovera (2) y Mary Rodrigues (-). <\/p>\n<p class=\"v-scr__n-c v-scr__n-c--1 \">\n 22\n<\/p>\n<p class=\"v-scr__n-c v-scr__n-c--2\">\n&#8211;\n<\/p>\n<p class=\"v-scr__n-c v-scr__n-c--3 \">\n 24\n<\/p>\n<p class=\"v-scr__t\">BM Porri\u00f1o<\/p>\n<p class=\"v-scr__p v-scr__p--3\">Isabela Ferrarin (portera, 17 paradas), Adriana Mallo (2), Ekaterina Zhukova (-), Carolina Bono (5), Julia Figueira (1), Victoria Zsembery (4), Paulina Buforn (9)- siete inicial- Luc\u00eda Laguna (3), Juliana Santos (-), Alicia Campo (-), Iria Benaches (-), Aroa Fern\u00e1ndez (-), Adriana Rial (-), Carmen Prelchi (-), Ugazi Manterola (-) y Raquel Blanco.<\/p>\n<ul class=\"v-u\">\n<li class=\"v-u__l\">\n<p class=\"v-p\">\n\u00c1rbitros:<br \/>\nLuis Colmenero y Jos\u00e9 Manuel Iniesta. Excluyeron a Inoa Lucio (3, expulsada en el minuto 57), Valeska Lovera, y Jallow por el Aula y a Carmen Prelchi, y Zhukova por Porri\u00f1o.\n<\/p>\n<\/li>\n<li class=\"v-u__l\">\n<p class=\"v-p\">\nMarcador cada 5 minutos:<br \/>\n2-2, 4-3, 6-5, 8-9, 10-9 y 12-9 (descanso); 12-11, 14-13, 17-15, 19-16, 19-22 y 22-24 (final).\n<\/p>\n<\/li>\n<li class=\"v-u__l\">\n<p class=\"v-p\">\nIncidencias:<br \/>\nQuinta jornada de la Liga Guerreras Iberdrola disputado en Huerta del Rey ante 500 espectadores. Antes del partido se guard\u00f3 un minuto de silencio por la muerte de Javier Garc\u00eda Cuesta, exjugador y exentrenador de balonmano.\n<\/p>\n<\/li>\n<\/ul>\n<p class=\"v-p\">Partido atractivo y vistoso el que propusieron Aula y Porri\u00f1o, con reparto de errores y aciertos en una primera parte muy igualada, en la que el equipo de Salva Puig supo sobreponerse a sus exclusiones a base de apretar los dientes en defensa, y ante un rival al que le sujet\u00f3 la extraordinaria actuaci\u00f3n de Ferrarin en porter\u00eda. La brasile\u00f1a fue una pesadilla toda la ma\u00f1ana para las vallisoletanas, erigi\u00e9ndose en baluarte y principal culpable de que el partido se decidiera en las \u00faltimas posesiones y no antes. <\/p>\n<p class=\"v-p\">Solo as\u00ed se explica que Porri\u00f1o, con innumerables p\u00e9rdidas en ataque -probablemente el madrug\u00f3n tuvo algo que ver-, no perdiera la cara al partido en ning\u00fan momento, agarrado a la pista gracias a sus goles en transici\u00f3n. Esa capacidad de supervivencia y la fe del BM Aula en sus posibilidades regalaron al p\u00fablico un choque vibrante que se resolvi\u00f3 en los \u00faltimos ocho minutos (19-19).<\/p>\n<p class=\"v-p\">Hasta ah\u00ed Sandra Monteagudo (Aula) y Ferrarin (Porri\u00f1o) se hab\u00edan convertido en protagonistas, y hasta ah\u00ed el mando hab\u00eda sido en un porcentaje muy alto del equipo de casa que, con los descuidos y pecados propios de su juventud, dej\u00f3 pasar de largo varias ocasiones de dar un golpe en la mesa y poner tierra de por medio. El m\u00e1s notable, con 12-9 y hasta tres acciones para abrir brecha, incluido un penalti fallado.<\/p>\n<p class=\"v-p\">Dej\u00f3 vivo y perdon\u00f3 demasiado a su rival, muy generoso especialmente en la primera parte, y eso terminar\u00eda pag\u00e1ndolo con derrota en una recta final en la que Porri\u00f1o se rehizo una vez m\u00e1s para asestar el golpe definitivo. En esa recta final, la portera brasile\u00f1a no solo no baj\u00f3 un solo mil\u00edmetro el list\u00f3n, sino que ahora encontr\u00f3 en Paulina Buforn a su mejor aliada para marcar diferencias y llevarse los puntos de Huerta del Rey&#8230; y la sonrisa puesta.<\/p>\n<p class=\"v-p\">El vestuario del Aula, en cambio, sigue acumulando sonrisas a la espera de que madure el \u00e1rbol.<\/p>\n<p>Reporta un error<\/p>\n","protected":false},"excerpt":{"rendered":"Domingo, 5 de octubre 2025, 16:10 En deporte pocos envidian la juventud cuando se discute el resultado. Cuando&hellip;\n","protected":false},"author":2,"featured_media":158074,"comment_status":"","ping_status":"","sticky":false,"template":"","format":"standard","meta":{"footnotes":""},"categories":[278],"tags":[17429,376,168,25,24,14267,375,13055,18368,1753,23,167],"class_list":{"0":"post-158073","1":"post","2":"type-post","3":"status-publish","4":"format-standard","5":"has-post-thumbnail","7":"category-balonmano","8":"tag-aula","9":"tag-balonmano","10":"tag-deportes","11":"tag-es","12":"tag-espana","13":"tag-estrella","14":"tag-handball","15":"tag-muro","16":"tag-porrino","17":"tag-porteria","18":"tag-spain","19":"tag-sports"},"share_on_mastodon":{"url":"","error":""},"_links":{"self":[{"href":"https:\/\/www.europesays.com\/es\/wp-json\/wp\/v2\/posts\/158073","targetHints":{"allow":["GET"]}}],"collection":[{"href":"https:\/\/www.europesays.com\/es\/wp-json\/wp\/v2\/posts"}],"about":[{"href":"https:\/\/www.europesays.com\/es\/wp-json\/wp\/v2\/types\/post"}],"author":[{"embeddable":true,"href":"https:\/\/www.europesays.com\/es\/wp-json\/wp\/v2\/users\/2"}],"replies":[{"embeddable":true,"href":"https:\/\/www.europesays.com\/es\/wp-json\/wp\/v2\/comments?post=158073"}],"version-history":[{"count":0,"href":"https:\/\/www.europesays.com\/es\/wp-json\/wp\/v2\/posts\/158073\/revisions"}],"wp:featuredmedia":[{"embeddable":true,"href":"https:\/\/www.europesays.com\/es\/wp-json\/wp\/v2\/media\/158074"}],"wp:attachment":[{"href":"https:\/\/www.europesays.com\/es\/wp-json\/wp\/v2\/media?parent=158073"}],"wp:term":[{"taxonomy":"category","embeddable":true,"href":"https:\/\/www.europesays.com\/es\/wp-json\/wp\/v2\/categories?post=158073"},{"taxonomy":"post_tag","embeddable":true,"href":"https:\/\/www.europesays.com\/es\/wp-json\/wp\/v2\/tags?post=158073"}],"curies":[{"name":"wp","href":"https:\/\/api.w.org\/{rel}","templated":true}]}}