{"id":158077,"date":"2025-10-05T14:42:12","date_gmt":"2025-10-05T14:42:12","guid":{"rendered":"https:\/\/www.europesays.com\/es\/158077\/"},"modified":"2025-10-05T14:42:12","modified_gmt":"2025-10-05T14:42:12","slug":"la-nacion-comenzo-el-rodaje-de-el-precio-del-pescado-en-argentina","status":"publish","type":"post","link":"https:\/\/www.europesays.com\/es\/158077\/","title":{"rendered":"La Naci\u00f3n \/ Comenz\u00f3 el rodaje de \u201cEl precio del pescado\u201d en Argentina"},"content":{"rendered":"<p class=\"paragraph\">Comenz\u00f3 en Argentina el rodaje para llevar al cine la adaptaci\u00f3n de la \u00faltima y exitosa novela <b>\u201cEl precio del pe$cado\u201d de la escritora paraguaya Clyde Cowan, bajo la producci\u00f3n y direcci\u00f3n del cineasta Daryus Car\u00e1mbula<\/b>, de <b>Universal Publishing<\/b>. El elenco re\u00fane talentos de Paraguay, Panam\u00e1 y Argentina, entre ellos, Gerardo Romano (\u201cEl marginal\u201d, \u201cLa cordillera\u201d).<\/p>\n<p class=\"paragraph\">La informaci\u00f3n fue confirmada por la autora a trav\u00e9s de una nota en el medio argentino Semanario, publicada el 2 de octubre pasado con el t\u00edtulo: \u201c<b>Clyde Cowan, del \u00e9xito editorial al cine internacional<\/b>\u201d, en que se destaca que el libro de la escritora, guionista, actriz y ahora artista de Universal Publishing, conquist\u00f3 al p\u00fablico de Paraguay, Espa\u00f1a, Argentina y M\u00e9xico, entre otros.<\/p>\n<p class=\"paragraph\">Despu\u00e9s de sus libros \u201cLuminiscencia del alma\u201d (2023) y \u201cEl gato vegetariano\u201d (2024), Cowan present\u00f3 un intenso relato en que se aborda la violencia y la impunidad que ocurre en entornos laborales y familiares, donde los agresores son premiados y las v\u00edctimas son ignoradas o \u201cborradas\u201d. La novela \u201cEl precio del pe$cado\u201d lleg\u00f3 a las librer\u00edas el 15 de enero de 2025.<\/p>\n<p><a href=\"https:\/\/www.whatsapp.com\/channel\/0029VaFRXupAYlUJZKVKOA3B\" target=\"_blank\" rel=\"nofollow noopener\"><img decoding=\"async\" class=\"hidden-sm\" src=\"https:\/\/www.europesays.com\/es\/wp-content\/uploads\/2025\/08\/ln-wa-s-w.png\" alt=\"Invitaci&#xF3;n al canal de WhatsApp de La Naci&#xF3;n PY\"\/><img decoding=\"async\" class=\"show-sm\" src=\"https:\/\/www.europesays.com\/es\/wp-content\/uploads\/2025\/08\/ln-wa-s-m.png\" alt=\"Invitaci&#xF3;n al canal de WhatsApp de La Naci&#xF3;n PY\"\/><\/a><\/p>\n<p class=\"paragraph\">\u201c\u00bfCu\u00e1nto vale tu amor? \u00bfHasta d\u00f3nde llegar\u00edas por aquello que amas?\u201d, con esta premisa, la escritora paraguaya construy\u00f3 una trama que combina traici\u00f3n, infidelidades, violencia de g\u00e9nero y segundas oportunidades, logrando que miles de lectoras se vieran reflejadas en sus p\u00e1ginas. La Secretar\u00eda Nacional de Cultura (SNC) declar\u00f3 al libro de Inter\u00e9s Cultural, confirmando as\u00ed su relevancia art\u00edstica y social dentro y fuera del pa\u00eds.<\/p>\n","protected":false},"excerpt":{"rendered":"Comenz\u00f3 en Argentina el rodaje para llevar al cine la adaptaci\u00f3n de la \u00faltima y exitosa novela \u201cEl&hellip;\n","protected":false},"author":2,"featured_media":158078,"comment_status":"","ping_status":"","sticky":false,"template":"","format":"standard","meta":{"footnotes":""},"categories":[172],"tags":[283,224,177,47116,209,47117,47118,47119,146,147,25,24,1496,225,671,1645,7206,23,47120],"class_list":{"0":"post-158077","1":"post","2":"type-post","3":"status-publish","4":"format-standard","5":"has-post-thumbnail","7":"category-libros","8":"tag-argentina","9":"tag-books","10":"tag-cine","11":"tag-clyde-cowan","12":"tag-cultura","13":"tag-daryus-carambula","14":"tag-el-precio-del-pecado","15":"tag-el-precio-del-pescado","16":"tag-entertainment","17":"tag-entretenimiento","18":"tag-es","19":"tag-espana","20":"tag-libro","21":"tag-libros","22":"tag-literatura","23":"tag-novela","24":"tag-rodaje","25":"tag-spain","26":"tag-universal-publishing"},"share_on_mastodon":{"url":"","error":""},"_links":{"self":[{"href":"https:\/\/www.europesays.com\/es\/wp-json\/wp\/v2\/posts\/158077","targetHints":{"allow":["GET"]}}],"collection":[{"href":"https:\/\/www.europesays.com\/es\/wp-json\/wp\/v2\/posts"}],"about":[{"href":"https:\/\/www.europesays.com\/es\/wp-json\/wp\/v2\/types\/post"}],"author":[{"embeddable":true,"href":"https:\/\/www.europesays.com\/es\/wp-json\/wp\/v2\/users\/2"}],"replies":[{"embeddable":true,"href":"https:\/\/www.europesays.com\/es\/wp-json\/wp\/v2\/comments?post=158077"}],"version-history":[{"count":0,"href":"https:\/\/www.europesays.com\/es\/wp-json\/wp\/v2\/posts\/158077\/revisions"}],"wp:featuredmedia":[{"embeddable":true,"href":"https:\/\/www.europesays.com\/es\/wp-json\/wp\/v2\/media\/158078"}],"wp:attachment":[{"href":"https:\/\/www.europesays.com\/es\/wp-json\/wp\/v2\/media?parent=158077"}],"wp:term":[{"taxonomy":"category","embeddable":true,"href":"https:\/\/www.europesays.com\/es\/wp-json\/wp\/v2\/categories?post=158077"},{"taxonomy":"post_tag","embeddable":true,"href":"https:\/\/www.europesays.com\/es\/wp-json\/wp\/v2\/tags?post=158077"}],"curies":[{"name":"wp","href":"https:\/\/api.w.org\/{rel}","templated":true}]}}