{"id":158083,"date":"2025-10-05T14:48:10","date_gmt":"2025-10-05T14:48:10","guid":{"rendered":"https:\/\/www.europesays.com\/es\/158083\/"},"modified":"2025-10-05T14:48:10","modified_gmt":"2025-10-05T14:48:10","slug":"gloria-estefan-le-sale-rana-a-ayuso-y-elogia-a-los-inmigrantes-de-todas-las-culturas-cultura","status":"publish","type":"post","link":"https:\/\/www.europesays.com\/es\/158083\/","title":{"rendered":"Gloria Estefan le sale rana a Ayuso y elogia a los inmigrantes de todas las culturas | Cultura"},"content":{"rendered":"<p class=\"\">\u201cLibre, libre para expresar lo que siento en el coraz\u00f3n y no tengo que callar\u201d. La letra lleva escrita y publicada desde 1989, y tampoco permite deducir una pericia literaria superlativa, pero alguno (y no digamos alguna) se emocionar\u00eda pensando que no hay manera m\u00e1s emotiva de prender la mecha desde el coraz\u00f3n mismo de la autoproclamada tierra de la libertad. <a href=\"https:\/\/www.youtube.com\/watch?v=sgzguCY79bA&amp;list=RDsgzguCY79bA&amp;start_radio=1\" target=\"_blank\" rel=\"noreferrer nofollow noopener\" title=\"https:\/\/www.youtube.com\/watch?v=sgzguCY79bA&amp;list=RDsgzguCY79bA&amp;start_radio=1\">El primer verso de Oye mi canto<\/a> reson\u00f3 en la Plaza de Col\u00f3n a las 13.08, con puntualidad razonable y apenas tres minutos despu\u00e9s de que la principal promotora de este concierto gratuito de Gloria Estefan (para el p\u00fablico, no para las arcas auton\u00f3micas: 480.000 euros), <a href=\"https:\/\/elpais.com\/espana\/madrid\/2025-10-05\/madrid-paga-400000-euros-para-vender-por-tv-en-ee-uu-y-mexico-el-festival-de-la-hispanidad-de-ayuso-y-la-region-como-destino-turistico.html\" target=\"_blank\" rel=\"noreferrer nofollow noopener\" title=\"https:\/\/elpais.com\/espana\/madrid\/2025-10-05\/madrid-paga-400000-euros-para-vender-por-tv-en-ee-uu-y-mexico-el-festival-de-la-hispanidad-de-ayuso-y-la-region-como-destino-turistico.html\">la presidenta regional Isabel D\u00edaz Ayuso,<\/a> accediera a la zona vip frente al escenario y esbozase una sonrisa t\u00edmida mientras se aprestaba a los consabidos selfis de la afici\u00f3n. Que ni fueron tantos ni tan efusivos como podr\u00edamos pensar en tan se\u00f1alad\u00edsimo enclave, epicentro de ese Madrid que es \u201cEspa\u00f1a dentro de Espa\u00f1a\u201d (lo que quiera que signifique eso).<\/p>\n<p>M\u00e1s informaci\u00f3n<\/p>\n<p class=\"\">\u00bfMerece la pena un concierto de Gloria Estefan en 2025? Razonablemente s\u00ed, m\u00e1s all\u00e1 de que la superestrella habanera afincada en Miami lleve todo el siglo XXI \u2014que ya no es un reci\u00e9n nacido\u2014 a varios a\u00f1os luz en cuanto a \u00e9xito y popularidad de lo que le conocimos en aquella inflexi\u00f3n entre los a\u00f1os ochenta y noventa. <\/p>\n<p class=\"\">La reina de la m\u00fasica latina m\u00e1s exportable, el espejo art\u00edstico y mercadot\u00e9cnico en el que se acabar\u00edan mirando antes o despu\u00e9s Ricky Martin, Jon Secada, Chayanne y casi todos los nombres que les sugiera a rengl\u00f3n seguido el algoritmo, conserva a sus 67 a\u00f1os <a href=\"https:\/\/elpais.com\/us\/entretenimiento\/2025-05-29\/gloria-estefan-tengo-fe-en-ee-uu-pero-hay-que-tener-cuidado-la-democracia-es-un-ser-viviente-y-puede-morir.html\" target=\"_blank\" rel=\"noreferrer nofollow noopener\" title=\"https:\/\/elpais.com\/us\/entretenimiento\/2025-05-29\/gloria-estefan-tengo-fe-en-ee-uu-pero-hay-que-tener-cuidado-la-democracia-es-un-ser-viviente-y-puede-morir.html\">la voz poderosa y precisa, bailotea con moderaci\u00f3n y tino razonables<\/a> y, sobre todo, despliega en escena hasta \u00a116! efectivos, con generosas secciones de percusi\u00f3n, segundas voces y un quinteto de vientos, para que su salsa sencillota y muy bien manufacturada se expanda por la plaza con todo su esplendor. Y, con independencia de las afinidades sonoras de cada cual, estos esfuerzos se agradecen en la era de los conciertos verticalizados a mayor gloria (perd\u00f3n) de Instagram (y cosas peores).<\/p>\n<p><img decoding=\"auto\" class=\"_re lazyload a_m-h\" height=\"277\"  width=\"414\"  src=\"https:\/\/www.europesays.com\/es\/wp-content\/uploads\/2025\/10\/AWOEUSO46VMANAYMIM7P4PBEPU.jpg\" loading=\"lazy\"\/>La artista argentina Nathy Peluso acompa\u00f1a a Gloria Estefan (i) durante el concierto gratuito ofrecido este domingo en Madrid en el marco de las celebraciones de la Hispanidad 2025.<br \/>\nDaniel Gonz\u00e1lez (EFE)<\/p>\n<p class=\"\">Estefan acaba de publicar <a href=\"https:\/\/www.sonymusic.es\/actualidad\/gloria-estefan-celebra-sus-50-anos-en-la-musica-con-el-album-raices\/\" target=\"_blank\" rel=\"noreferrer nofollow noopener\" title=\"https:\/\/www.sonymusic.es\/actualidad\/gloria-estefan-celebra-sus-50-anos-en-la-musica-con-el-album-raices\/\">nuevo \u00e1lbum, Ra\u00edces<\/a>, despu\u00e9s de largos periodos sin dar se\u00f1ales de vida. Si desconoc\u00edan este detalle o no han acabado de escucharse sus 12 cortes, tampoco se sientan abrumados por el cargo de conciencia: ella es la primera que pasa por alto el nuevo elep\u00e9, m\u00e1s all\u00e1 de <a href=\"https:\/\/www.youtube.com\/watch?v=-i5eKIjVh2k&amp;list=RD-i5eKIjVh2k&amp;start_radio=1\" target=\"_blank\" rel=\"noreferrer nofollow noopener\" title=\"https:\/\/www.youtube.com\/watch?v=-i5eKIjVh2k&amp;list=RD-i5eKIjVh2k&amp;start_radio=1\">Chirriqui chirri (con Nathy Peluso en el vinilo y como inesperada estrella invitada durante el \u00faltimo suspiro de la canci\u00f3n)<\/a> y del \u201crespeto del uno para el otro y el orgullo de donde venimos\u201d que expresa la balada que le da t\u00edtulo.<\/p>\n<p class=\"\">La interpretaci\u00f3n de ese Ra\u00edces llegar\u00eda a la media hora de matin\u00e9, justo despu\u00e9s de que D\u00edaz Ayuso se hubiera abrazado y fotografiado efusivamente con una ciudadana que luc\u00eda una camiseta de elaboraci\u00f3n propia con el lema A m\u00ed me gusta la fruta en la espalda. La presidenta alab\u00f3 ante las c\u00e1maras la ocurrencia con el pulgar en alto: no hay como festejar y reconocer el ingenio, oiga, y por la zona noble pululaba abundante gente ingenios\u00edsima.<\/p>\n<p><img decoding=\"auto\" class=\"_re lazyload a_m-v\" height=\"552\"  width=\"414\"  src=\"https:\/\/www.europesays.com\/es\/wp-content\/uploads\/2025\/10\/HK7RXRGMNVCKPGCK7XQCJXAO3E.jpg\" loading=\"lazy\"\/>Isabel D\u00edaz Ayuso, presidenta de la Comunidad de Madrid, posa con una mujer en el concierto de Gloria Estefan, en Madrid.Fernando  Neira<\/p>\n<p class=\"\">Un hombret\u00f3n se envolvi\u00f3 con bandera cubana y un sombrero de Stop comunism para avalar el inquebrantable amor de los prebostes locales y auton\u00f3micos por la diversidad, ya sea en los d\u00edas en que funcionan las c\u00e1maras municipales por las calles o en la programaci\u00f3n de su irreprochable tele p\u00fablica. Un fot\u00f3grafo le espet\u00f3 a la dirigente popular un \u201cVamos, que tienes que conseguirlo\u201d, sin aclarar muy bien el qu\u00e9 (aunque quiz\u00e1 no haga falta mucha imaginaci\u00f3n). En realidad, merec\u00eda mucho m\u00e1s la pena echar un vistazo por la primera fila del p\u00fablico, repleta de gente noble, bella y humilde, con banderas de media Latinoam\u00e9rica y, en el caso de una mujer en el lateral izquierdo del escenario, incluso con una mu\u00f1eca de su \u00eddolo convertida en una suerte de Barbie.<\/p>\n<p class=\"\">El problema es que la generosa zona acotada para invitados alejaba al p\u00fablico del escenario, pese a la excelencia del sonido. Y entre la distancia, el calor inusitado para esta \u00e9poca del a\u00f1o (23 grados a la sombra, pero con el sol cayendo a plomo) y la falta de fervor propia de los eventos gratuitos, hubo que esperar la llegada del <a href=\"https:\/\/www.youtube.com\/results?search_query=mi+tierra+gloria+estefan\" target=\"_blank\" rel=\"noreferrer nofollow noopener\" title=\"https:\/\/www.youtube.com\/results?search_query=mi+tierra+gloria+estefan\">merecid\u00eddidimo exitazo de Mi Tierra<\/a>, tras casi hora y cuarto de espect\u00e1culo, para que se desvaneciera algo esa languidez que para entonces se hab\u00eda apoderado de la muchedumbre, quiz\u00e1 ya m\u00e1s pendiente, a las 14.20, de los pinchazos del hambre que del centrifugado de caderas.<\/p>\n<p class=\"\">Lo cierto es que la \u201cReina de la m\u00fasica latina\u201d cumpli\u00f3 de largo con lo que pod\u00eda esperarse de ella: un espect\u00e1culo generoso en duraci\u00f3n e ingredientes, un compromiso inequ\u00edvoco con un oficio que lleva ejerciendo desde hace m\u00e1s de medio siglo y la suficiente mesura y buen criterio como para no pisar charcos ni meterse en berenjenales. O m\u00e1s bien al contrario: justo antes de dar paso a Cuba libre, su \u00fanica pieza de tem\u00e1tica remotamente pol\u00edtica, la int\u00e9rprete de Con los a\u00f1os que me quedan, Coraz\u00f3n prohibido y Tu fotograf\u00eda record\u00f3 que a su marido, Emilio Estefan, \u201cle abrieron las puertas en Espa\u00f1a\u201d antes de afincarse en Miami, y razon\u00f3: \u201cTodos sabemos lo que aportan los inmigrantes en el mundo. Somos seres humanos y todos queremos lo mismo\u201d. <\/p>\n<p class=\"\">Tal vez a su mentora se le atragantase en ese momento la cerveza sin alcohol, aunque antes de eso ya hab\u00eda tenido que escuchar: \u201cHay que querer a las personas de otros lugares, aunque no los entendamos\u201d. Todo un aldabonazo (involuntario) contra la l\u00ednea de flotaci\u00f3n de esa apolog\u00eda de la xenofobia seg\u00fan la cual habr\u00eda que \u201cpriorizar a los inmigrantes con afinidad cultural\u201d.<\/p>\n<p class=\"\">Para colmo de imprevistos ideol\u00f3gicos, Estefan concedi\u00f3 unos minutos de protagonismo a su hija, la cantante y excelente percusionista Emily Estefan, que, antes de explayarse con un popurr\u00ed de \u201cmujeres empoderadas\u201d (desde Billie Holiday a Alanis Morisette, Lisa Stanfield, Celia Cruz o Chaka Khan), record\u00f3 su orientaci\u00f3n sexual con un \u201cA m\u00ed me gustan las mujeres\u201d que no son\u00f3 precisamente a reconocimiento del Estado de Israel, como en alg\u00fan delirante argumentario sionista hemos escuchado estas \u00faltimas semanas. <\/p>\n<p class=\"\">Gloria present\u00f3 a su reto\u00f1o como \u201cuna de las mejores artistas que he conocido en toda mi vida\u201d, de igual modo que tambi\u00e9n presumi\u00f3 de marido con toda la legitimidad del mundo. Aunque desliz\u00f3 un peque\u00f1o chascarrillo al respecto: \u201cEste septiembre cumplimos 47 a\u00f1os de casados y 49 juntos. Hubo un a\u00f1o en que \u00e9l fue mi jefe [en Miami Sound Machine], pero ahora dicen que la jefa soy yo\u2026\u201d.<\/p>\n<p class=\"\">Al final hubo que esperar hasta las tres en punto de la tarde, tras casi dos horas de m\u00fasica, para despedir a la reina y su nutrida troupe. Una mujer todav\u00eda en buena forma art\u00edstica, acaso mejor de la que muchos habr\u00edan pronosticado, y lo bastante cordial como para repartir parabienes, elogios \u201ca este idioma castellano que nos une\u201d y hasta recuerdos para Pola de Siero, la tierra asturiana de su abuelo. Y todo ello desde Col\u00f3n y no en torno a la Puerta de Alcal\u00e1 (\u00bfc\u00f3mo no se te habr\u00eda ocurrido antes, Miguel \u00c1ngel?), con buena organizaci\u00f3n y sin grandes apreturas. <\/p>\n<p class=\"\">A la vista de los acontecimientos, habremos de convenir en que la contrataci\u00f3n de la gran vocalista cubana para los fastos de la Hispanidad no fue mala idea (y menos a\u00fan lo es la de Babas\u00f3nicos, este pr\u00f3ximo viernes en la Puerta del Sol). \u00bfQui\u00e9n lo iba a decir?<\/p>\n","protected":false},"excerpt":{"rendered":"\u201cLibre, libre para expresar lo que siento en el coraz\u00f3n y no tengo que callar\u201d. La letra lleva&hellip;\n","protected":false},"author":2,"featured_media":158084,"comment_status":"","ping_status":"","sticky":false,"template":"","format":"standard","meta":{"footnotes":""},"categories":[91],"tags":[505,208,209,20062,146,147,25,24,25975,3515,205,185,23],"class_list":{"0":"post-158083","1":"post","2":"type-post","3":"status-publish","4":"format-standard","5":"has-post-thumbnail","7":"category-entretenimiento","8":"tag-artistas","9":"tag-conciertos","10":"tag-cultura","11":"tag-discos-musica","12":"tag-entertainment","13":"tag-entretenimiento","14":"tag-es","15":"tag-espana","16":"tag-gloria-estefan","17":"tag-isabel-diaz-ayuso","18":"tag-madrid","19":"tag-musica","20":"tag-spain"},"share_on_mastodon":{"url":"","error":""},"_links":{"self":[{"href":"https:\/\/www.europesays.com\/es\/wp-json\/wp\/v2\/posts\/158083","targetHints":{"allow":["GET"]}}],"collection":[{"href":"https:\/\/www.europesays.com\/es\/wp-json\/wp\/v2\/posts"}],"about":[{"href":"https:\/\/www.europesays.com\/es\/wp-json\/wp\/v2\/types\/post"}],"author":[{"embeddable":true,"href":"https:\/\/www.europesays.com\/es\/wp-json\/wp\/v2\/users\/2"}],"replies":[{"embeddable":true,"href":"https:\/\/www.europesays.com\/es\/wp-json\/wp\/v2\/comments?post=158083"}],"version-history":[{"count":0,"href":"https:\/\/www.europesays.com\/es\/wp-json\/wp\/v2\/posts\/158083\/revisions"}],"wp:featuredmedia":[{"embeddable":true,"href":"https:\/\/www.europesays.com\/es\/wp-json\/wp\/v2\/media\/158084"}],"wp:attachment":[{"href":"https:\/\/www.europesays.com\/es\/wp-json\/wp\/v2\/media?parent=158083"}],"wp:term":[{"taxonomy":"category","embeddable":true,"href":"https:\/\/www.europesays.com\/es\/wp-json\/wp\/v2\/categories?post=158083"},{"taxonomy":"post_tag","embeddable":true,"href":"https:\/\/www.europesays.com\/es\/wp-json\/wp\/v2\/tags?post=158083"}],"curies":[{"name":"wp","href":"https:\/\/api.w.org\/{rel}","templated":true}]}}