{"id":158089,"date":"2025-10-05T14:51:08","date_gmt":"2025-10-05T14:51:08","guid":{"rendered":"https:\/\/www.europesays.com\/es\/158089\/"},"modified":"2025-10-05T14:51:08","modified_gmt":"2025-10-05T14:51:08","slug":"hamas-pide-un-intercambio-inmediato-de-rehenes-por-prisioneros","status":"publish","type":"post","link":"https:\/\/www.europesays.com\/es\/158089\/","title":{"rendered":"Ham\u00e1s pide un intercambio \u00abinmediato\u00bb de rehenes por prisioneros"},"content":{"rendered":"<p>    <img src=\"https:\/\/www.europesays.com\/es\/wp-content\/uploads\/2025\/10\/1759675868_836_2025-10-05T073A293A39Z-90116549.jpg\" width=\"1024\" height=\"576\" alt=\"\" loading=\"eager\" decoding=\"sync\" fetchpriority=\"high\"\/><\/p>\n<p>            afp_tickers        <\/p>\n<p>        Este contenido fue publicado en    <\/p>\n<p>        05 octubre 2025 &#8211; 16:24\n<\/p>\n<p>Ham\u00e1s pidi\u00f3 este domingo un acuerdo \u00abinmediato\u00bb de intercambio de rehenes por prisioneros antes de que empiecen en Egipto las negociaciones indirectas sobre el plan de Trump para poner fin la guerra en Gaza.<\/p>\n<p>Cuando faltan dos d\u00edas para el segundo aniversario del ataque sin precedentes del movimiento islamista palestino contra Israel, el 7 de octubre de 2023, que desencaden\u00f3 la guerra, el ej\u00e9rcito israel\u00ed prosigui\u00f3 sus bombardeos en Ciudad de Gaza.<\/p>\n<p>Al menos cinco personas murieron durante la jornada, seg\u00fan la Defensa Civil, un servicio de socorro que opera bajo la autoridad de Ham\u00e1s.<\/p>\n<p>Las negociaciones en Egipto partir\u00e1n del plan del presidente estadounidense Donald Trump, que envi\u00f3 a su enviado Steve Witkoff y a su yerno Jared Kushner.<\/p>\n<p>El objetivo es cerrar los detalles sobre las condiciones de liberaci\u00f3n de los rehenes secuestrados durante el ataque del 7 de octubre.<\/p>\n<p>El s\u00e1bado, Trump advirti\u00f3 a Ham\u00e1s que no \u00abtolerar\u00eda ning\u00fan retraso\u00bb en la aplicaci\u00f3n de su plan, que prev\u00e9 un alto el fuego, la liberaci\u00f3n de los rehenes en 72 horas, la retirada por etapas del ej\u00e9rcito israel\u00ed de Gaza y el desarme del movimiento islamista.<\/p>\n<p>Por su parte el primer ministro israel\u00ed, Benjamin Netanyahu, aliado de Trump, anunci\u00f3 el s\u00e1bado el env\u00edo de sus negociadores a Egipto con la esperanza de que todos los rehenes puedan volver a sus casas en \u00ablos pr\u00f3ximos d\u00edas\u00bb.<\/p>\n<p>Seg\u00fan un responsable de Ham\u00e1s, las conversaciones se celebrar\u00e1n en la ciudad de Sharm el Sheij, donde los negociadores del movimiento deber\u00edan llegar el domingo procedentes de Doha.<\/p>\n<p>\u00abHam\u00e1s est\u00e1 muy interesado en alcanzar un acuerdo para poner fin a la guerra e iniciar inmediatamente el proceso de intercambio de prisioneros\u00bb, es decir de rehenes por detenidos palestinos, dijo este responsable a la AFP bajo condici\u00f3n de anonimato.<\/p>\n<p>El equipo de negociadores israel\u00edes \u00abpartir\u00e1 esta noche [del domingo] con el programa de iniciar las negociaciones ma\u00f1ana\u00bb lunes, declar\u00f3 una portavoz de Netanyahu, precisando que se trata de \u00abnegociaciones t\u00e9cnicas\u00bb.<\/p>\n<p>\u2013 \u00abSuspender las operaciones\u00bb \u2013<\/p>\n<p>Ham\u00e1s subray\u00f3 ante los mediadores \u00abla necesidad de que Israel suspenda todas las operaciones militares en el conjunto de la Franja de Gaza, cese todas las actividades a\u00e9reas, de reconocimiento y los sobrevuelos de drones y se retire del interior de Ciudad de Gaza\u00bb.\u00a0<\/p>\n<p>Al mismo tiempo, \u00abHam\u00e1s y las facciones de la resistencia pondr\u00e1n fin a sus operaciones militares\u00bb.<\/p>\n<p>En caso de acuerdo, los bombardeos israel\u00edes deber\u00e1n \u00abcesar\u00bb, declar\u00f3 el jefe de la diplomacia estadounidense Marco Rubio.<\/p>\n<p>El viernes, Ham\u00e1s se declar\u00f3 dispuesto a liberar a todos los rehenes en el marco del plan de Trump, anunciado el 29 de septiembre, y a iniciar negociaciones inmediatas para ultimar los detalles.<\/p>\n<p>Trump llam\u00f3 entonces a Israel a detener \u00abinmediatamente\u00bb sus bombardeos en Gaza, pero el ej\u00e9rcito israel\u00ed prosigui\u00f3 sus ataques, causando el s\u00e1bado cerca de 60 muertos, seg\u00fan la Defensa Civil local.<\/p>\n<p>\u00abHa habido una clara disminuci\u00f3n en el n\u00famero de bombardeos a\u00e9reos [desde la noche del s\u00e1bado]. Los tanques y veh\u00edculos militares se han retirado un poco, pero creo que se trata de una maniobra t\u00e1ctica y no de una retirada\u00bb, dijo a la AFP Muin Abu Rajab, un habitante de Gaza.<\/p>\n<p>Netanyahu afirma apoyar el plan de Trump, aunque asegur\u00f3 que su ej\u00e9rcito se mantendr\u00e1 en la mayor parte de la Franja de Gaza, que controla en un 75 % aproximadamente.<\/p>\n<p>El presidente estadounidense afirm\u00f3 el s\u00e1bado que Israel hab\u00eda aceptado una primera \u00abl\u00ednea de retirada\u00bb a una distancia de 1,5 a 3,5 km dentro del territorio palestino. En cuanto Ham\u00e1s la acepte, un alto el fuego \u00abentrar\u00e1 inmediatamente en vigor\u00bb, asegur\u00f3.<\/p>\n<p>El ataque del 7 de octubre provoc\u00f3 la muerte de 1.219 personas del lado israel\u00ed, en su mayor\u00eda civiles, seg\u00fan un balance elaborado por la AFP a partir de datos oficiales.\u00a0<\/p>\n<p>De las 251 personas secuestradas ese d\u00eda, 47 siguen siendo rehenes en Gaza, de las cuales 25 han muerto, seg\u00fan el ej\u00e9rcito.<\/p>\n<p>La ofensiva de represalia israel\u00ed ha causado al menos 67.139 muertos en Gaza, en su mayor\u00eda civiles, seg\u00fan las cifras del Ministerio de Salud de Ham\u00e1s, consideradas fiables por la ONU.<\/p>\n<p>La ONU ha declarado la hambruna en una parte de Gaza y sus investigadores afirman que Israel comete un genocidio en el territorio palestino, acusaciones rechazadas por Israel.<\/p>\n<p>bur\/tp\/hme\/mas-an\/pc\/meb<\/p>\n","protected":false},"excerpt":{"rendered":"afp_tickers Este contenido fue publicado en 05 octubre 2025 &#8211; 16:24 Ham\u00e1s pidi\u00f3 este domingo un acuerdo \u00abinmediato\u00bb&hellip;\n","protected":false},"author":2,"featured_media":158090,"comment_status":"","ping_status":"","sticky":false,"template":"","format":"standard","meta":{"footnotes":""},"categories":[42],"tags":[635,17,18,636,83,13,14,11,61,62,63,86,64,19,20,9,10,15,16,88,90,12,21,22,65,66,67],"class_list":{"0":"post-158089","1":"post","2":"type-post","3":"status-publish","4":"format-standard","5":"has-post-thumbnail","7":"category-internacional","8":"tag-armed-conflict","9":"tag-breaking-news","10":"tag-breakingnews","11":"tag-conflict","12":"tag-diplomacy","13":"tag-featured-news","14":"tag-featurednews","15":"tag-headlines","16":"tag-internacional","17":"tag-international","18":"tag-international-news","19":"tag-international-relations","20":"tag-internationalnews","21":"tag-latest-news","22":"tag-latestnews","23":"tag-news","24":"tag-noticias","25":"tag-noticias-destacadas","26":"tag-noticiasdestacadas","27":"tag-politics","28":"tag-ticker","29":"tag-titulares","30":"tag-ultimas-noticias","31":"tag-ultimasnoticias","32":"tag-world","33":"tag-world-news","34":"tag-worldnews"},"share_on_mastodon":{"url":"","error":""},"_links":{"self":[{"href":"https:\/\/www.europesays.com\/es\/wp-json\/wp\/v2\/posts\/158089","targetHints":{"allow":["GET"]}}],"collection":[{"href":"https:\/\/www.europesays.com\/es\/wp-json\/wp\/v2\/posts"}],"about":[{"href":"https:\/\/www.europesays.com\/es\/wp-json\/wp\/v2\/types\/post"}],"author":[{"embeddable":true,"href":"https:\/\/www.europesays.com\/es\/wp-json\/wp\/v2\/users\/2"}],"replies":[{"embeddable":true,"href":"https:\/\/www.europesays.com\/es\/wp-json\/wp\/v2\/comments?post=158089"}],"version-history":[{"count":0,"href":"https:\/\/www.europesays.com\/es\/wp-json\/wp\/v2\/posts\/158089\/revisions"}],"wp:featuredmedia":[{"embeddable":true,"href":"https:\/\/www.europesays.com\/es\/wp-json\/wp\/v2\/media\/158090"}],"wp:attachment":[{"href":"https:\/\/www.europesays.com\/es\/wp-json\/wp\/v2\/media?parent=158089"}],"wp:term":[{"taxonomy":"category","embeddable":true,"href":"https:\/\/www.europesays.com\/es\/wp-json\/wp\/v2\/categories?post=158089"},{"taxonomy":"post_tag","embeddable":true,"href":"https:\/\/www.europesays.com\/es\/wp-json\/wp\/v2\/tags?post=158089"}],"curies":[{"name":"wp","href":"https:\/\/api.w.org\/{rel}","templated":true}]}}