{"id":158091,"date":"2025-10-05T14:52:07","date_gmt":"2025-10-05T14:52:07","guid":{"rendered":"https:\/\/www.europesays.com\/es\/158091\/"},"modified":"2025-10-05T14:52:07","modified_gmt":"2025-10-05T14:52:07","slug":"ada-colau-y-el-concejal-de-erc-jordi-coronas-entre-los-21-miembros-de-la-flotilla-que-regresaran-a-espana-este-domingo","status":"publish","type":"post","link":"https:\/\/www.europesays.com\/es\/158091\/","title":{"rendered":"Ada Colau y el concejal de ERC Jordi Coronas, entre los 21 miembros de la Flotilla que regresar\u00e1n a Espa\u00f1a este domingo"},"content":{"rendered":"<p>05\/10\/2025<br \/>\n<br \/><strong><br \/>\nActualizado a las 16:21h.<br \/>\n<\/strong><\/p>\n<p class=\"voc-p\" style=\"\">La exalcaldesa de Barcelona <strong>Ada Colau<\/strong> y el concejal de ERC en el Ayuntamiento de la capital catalana <strong>Jordi Coronas<\/strong> ser\u00e1n dos de los <a href=\"https:\/\/www.abc.es\/internacional\/primer-grupo-espanoles-flotilla-saldran-israel-llegar-20251005110729-nt.html\" target=\"_self\" data-voc-vtm-id=\"in-text-traffic\" title=\"21 miembros de la Flotilla\" data-mrf-link=\"www.abc.es\" rel=\"nofollow noopener\">21 miembros de la Flotilla<\/a> que volver\u00e1n este domingo a Espa\u00f1a. Seg\u00fan han confirmado a ABC fuentes de ambos partidos, la previsi\u00f3n es que lleguen a Barcelona al final del d\u00eda. <\/p>\n<p class=\"voc-p\" style=\"\">Tras aterrizar en Madrid, ambos pondr\u00e1n rumbo en otro vuelo hasta el aeropuerto de la capital catalana, donde tienen previsto <strong>aterrizar a las 22.50 horas<\/strong>. Para recibirlos, habr\u00e1 una delegaci\u00f3n tanto de los comunes como de los republicanos, y luego tienen previsto atender a los medios. Entre los pol\u00edticos que se acercar\u00e1n hasta la T1, el l\u00edder de ERC, Oriol Junqueras, y la secretaria general del partido, Elisenda Alamany. <\/p>\n<p class=\"voc-p\" style=\"\">Para poder regresar a Espa\u00f1a, Colau y Coronas han tenido que firmar un documento, aceptando su deportaci\u00f3n inmediata, asumiendo as\u00ed que hab\u00edan intentado entrar de forma ilegal en Israel. En cambio, la presidenta de la CUP en el Parlament, <strong>Pilar Castillejo<\/strong>, y el miembro de la direcci\u00f3n del partido <strong>Adri\u00e0 Plazas<\/strong> se han negado a rubricarlo, por lo que no forman parte de los 21 miembros de la Flotilla que prev\u00e9n volver a Espa\u00f1a este domingo. <\/p>\n<p class=\"voc-p\" style=\"\">En su caso, seg\u00fan han detallado los antisistema en un comunicado, \u00abla firma de este documento implicaba asumir que hab\u00edan intentado entrar de forma ilegal en el estado sionista de Israel, algo que es del todo incorrecto\u00bb. Por ello, han rechazado suscribirlo para seguir \u00abejerciendo presi\u00f3n internacional\u00bb desde la c\u00e1rcel de Ketziot. Adem\u00e1s, la CUP critica que han recibido un trato \u00abdegradante y agresivo\u00bb. <\/p>\n<p class=\"voc-p\" style=\"\">Tambi\u00e9n <strong>se han negado a firmar su deportaci\u00f3n<\/strong> tres representantes de <strong>Podemos<\/strong>, <strong>Luc\u00eda Mu\u00f1oz, Serigne Mbay\u00e9 y Alejandra Mart\u00ednez<\/strong>. Al igual que los antisistema, han rechazado suscribir el documento sobre su extradici\u00f3n, pues ello implicar\u00eda reconocer una \u00abentrada ilegal\u00bb en territorio israel\u00ed que no se ha producido. Adem\u00e1s, Mart\u00ednez, junto a otras activistas, ha comenzado adem\u00e1s un <strong>huelga de hambre<\/strong> para denunciar la situaci\u00f3n. <\/p>\n<p class=\"voc-p\" style=\"\">Ante esta situaci\u00f3n, la formaci\u00f3n morada exige al Gobierno que denuncie este \u00absecuestro ilegal\u00bb y que realice todas las gestiones necesarias para lograr la inmediata liberaci\u00f3n de los y las activistas. <\/p>\n<p class=\"voc-p\" style=\"\">Ha sido esta ma\u00f1ana cuando el titular de <strong>Asuntos Exteriores<\/strong>, Jos\u00e9 Manuel Albares, ha anunciado que \u00absi nada se tuerce\u00bb el grupo de 21 espa\u00f1oles retenidos en Israel abandonar\u00e1n a lo largo del d\u00eda Tel Aviv para llegar a Espa\u00f1a. \u00abDesde el Ministerio hemos ya organizado todo para que hoy mismo puedan volar desde Tel Aviv. Tenemos el acuerdo de las autoridades israel\u00edes y, si nada se tuerce, hoy mismo, a lo largo del d\u00eda, llegar\u00edan a Espa\u00f1a el primer grupo de 21 espa\u00f1oles y espa\u00f1olas de los 49 en total que, en estos momentos, tenemos en nuestra lista\u00bb, indic\u00f3 en declaraciones al Canal 24 Horas de RTVE.<\/p>\n<p class=\"voc-p\" style=\"\">Tras conocer la noticia, tambi\u00e9n el abogado de la Flotilla y eurodiputado, <strong>Jaume Asens<\/strong>, ha celebrado que \u00abvuelven a casa\u00bb. A trav\u00e9s de una publicaci\u00f3n en sus redes sociales, ha indicado que los recibir\u00e1 a las 20.00 horas en el aeropuerto de Madrid, con un abrazo para romper \u00abel silencio c\u00f3mplice\u00bb.<\/p>\n<p class=\"voc-p\" style=\"\">\u00a0<\/p>\n<p class=\"voc-p\" style=\"\">Colau fue detenida por las fuerzas israel\u00edes durante el asalto al buque Sirius, que se dirig\u00eda hacia Gaza. Por su parte, Coronas <a href=\"https:\/\/www.abc.es\/espana\/cataluna\/barcos-bribon-flotilla-gaza-capitaneado-concejal-republicano-20250831185045-nt.html\" target=\"_self\" data-voc-vtm-id=\"in-text-traffic\" title=\"estuvo al frente del Brib\u00f3n\" data-mrf-link=\"www.abc.es\" rel=\"nofollow noopener\">estuvo al frente del Brib\u00f3n<\/a>, embarcaci\u00f3n que, durante a\u00f1os, en sus sucesivas versiones, capitane\u00f3 el Rey Don Juan Carlos. Finalmente, el barco no zarp\u00f3 de la capital catalana por su mal estado, y el republicano se puso entonces a los mandos del Adara. <\/p>\n<p>Reportar un error<\/p>\n","protected":false},"excerpt":{"rendered":"05\/10\/2025 Actualizado a las 16:21h. La exalcaldesa de Barcelona Ada Colau y el concejal de ERC en el&hellip;\n","protected":false},"author":2,"featured_media":158092,"comment_status":"","ping_status":"","sticky":false,"template":"","format":"standard","meta":{"footnotes":""},"categories":[8],"tags":[27084,17,18,31717,11322,47121,25,24,13,14,9144,11,12833,19,20,22224,9,10,15,16,23,12,21,22],"class_list":{"0":"post-158091","1":"post","2":"type-post","3":"status-publish","4":"format-standard","5":"has-post-thumbnail","7":"category-espana","8":"tag-ada","9":"tag-breaking-news","10":"tag-breakingnews","11":"tag-colau","12":"tag-concejal","13":"tag-coronas","14":"tag-es","15":"tag-espana","16":"tag-featured-news","17":"tag-featurednews","18":"tag-flotilla","19":"tag-headlines","20":"tag-jordi","21":"tag-latest-news","22":"tag-latestnews","23":"tag-miembros","24":"tag-news","25":"tag-noticias","26":"tag-noticias-destacadas","27":"tag-noticiasdestacadas","28":"tag-spain","29":"tag-titulares","30":"tag-ultimas-noticias","31":"tag-ultimasnoticias"},"share_on_mastodon":{"url":"","error":""},"_links":{"self":[{"href":"https:\/\/www.europesays.com\/es\/wp-json\/wp\/v2\/posts\/158091","targetHints":{"allow":["GET"]}}],"collection":[{"href":"https:\/\/www.europesays.com\/es\/wp-json\/wp\/v2\/posts"}],"about":[{"href":"https:\/\/www.europesays.com\/es\/wp-json\/wp\/v2\/types\/post"}],"author":[{"embeddable":true,"href":"https:\/\/www.europesays.com\/es\/wp-json\/wp\/v2\/users\/2"}],"replies":[{"embeddable":true,"href":"https:\/\/www.europesays.com\/es\/wp-json\/wp\/v2\/comments?post=158091"}],"version-history":[{"count":0,"href":"https:\/\/www.europesays.com\/es\/wp-json\/wp\/v2\/posts\/158091\/revisions"}],"wp:featuredmedia":[{"embeddable":true,"href":"https:\/\/www.europesays.com\/es\/wp-json\/wp\/v2\/media\/158092"}],"wp:attachment":[{"href":"https:\/\/www.europesays.com\/es\/wp-json\/wp\/v2\/media?parent=158091"}],"wp:term":[{"taxonomy":"category","embeddable":true,"href":"https:\/\/www.europesays.com\/es\/wp-json\/wp\/v2\/categories?post=158091"},{"taxonomy":"post_tag","embeddable":true,"href":"https:\/\/www.europesays.com\/es\/wp-json\/wp\/v2\/tags?post=158091"}],"curies":[{"name":"wp","href":"https:\/\/api.w.org\/{rel}","templated":true}]}}