{"id":158099,"date":"2025-10-05T15:05:29","date_gmt":"2025-10-05T15:05:29","guid":{"rendered":"https:\/\/www.europesays.com\/es\/158099\/"},"modified":"2025-10-05T15:05:29","modified_gmt":"2025-10-05T15:05:29","slug":"en-santo-domingo-tengo-mucha-gente-que-me-apoya-como-lectores-o-alumnos","status":"publish","type":"post","link":"https:\/\/www.europesays.com\/es\/158099\/","title":{"rendered":"\u00abEn Santo Domingo tengo mucha gente que me apoya como lectores o alumnos\u00bb"},"content":{"rendered":"<p><a class=\"v-mdl-ath__fig-a\" href=\"https:\/\/www.larioja.com\/autor\/laura-lezana-6447.html\" title=\"Laura Lezana\" rel=\"nofollow noopener\" target=\"_blank\"><br \/>\n<img decoding=\"async\" class=\"v-mdl-ath__img\" src=\"https:\/\/www.europesays.com\/es\/wp-content\/uploads\/2025\/08\/autor-6447-foto-1.jpeg\" alt=\"Laura Lezana\"\/><br \/>\n<\/a><\/p>\n<p class=\"v-mdl-ath__p v-mdl-ath__p--6\">\nS\u00e1bado, 4 de octubre 2025, 09:21<\/p>\n<p class=\"v-p\">&#8216;No abras la ventana&#8217; es el nuevo thriller de la escritora Eba Mart\u00edn Mu\u00f1oz, nacida en Baracaldo pero residente en Santo Domingo de la Calzada desde hace tres a\u00f1os. Se trata as\u00ed, de la novela n\u00famero 16 que publica la autora, que consigui\u00f3 tambi\u00e9n ser finalista del Premio Nadal 2024 de Novela, con su obra &#8216;Hermanas&#8217;. El pr\u00f3ximo viernes 10 de octubre, Eba presentar\u00e1 a las 20.00 horas en el sal\u00f3n de usos m\u00faltiples de la Casa de la Cofrad\u00eda del Santo su nuevo trabajo que ya est\u00e1 disponible en cualquier librer\u00eda y en las principales plataformas de distribuci\u00f3n.<\/p>\n<p class=\"v-p\"><strong>\u2013 \u00bfSigue siendo emocionante publicar un libro despu\u00e9s de 15 novelas publicadas?<\/strong><\/p>\n<p class=\"v-p\">\u2013 S\u00ed, pero evidentemente no es como la primera vez. Muchos de mis libros los he publicado a trav\u00e9s de mi editorial, Alma Negra, que quebr\u00f3 poco despu\u00e9s del covid y otros fueron autopublicados. Entonces en editoriales as\u00ed grandes, digamos, este es mi segundo libro y, claro, tiene tambi\u00e9n ese componente de novedad y de ilusi\u00f3n.<\/p>\n<p class=\"v-p\"><strong>\u2013 \u00bfQu\u00e9 puede contar sobre esta nueva novela?<\/strong><\/p>\n<p class=\"v-p\">\u2013 Es un thriller psicol\u00f3gico que coquetea un poco con el terror ambientado en el Pa\u00eds Vasco en la \u00e9poca de los a\u00f1os 80-90. Tiene un componente sobrenatural y la historia es de una chica que se llama Natalia y crece en un orfanato. Aprovecho para hacer cr\u00edtica social y tratar temas como el maltrato dom\u00e9stico de esa \u00e9poca o la homosexualidad, c\u00f3mo se escond\u00eda a trav\u00e9s de relaciones y matrimonios falsos. Es una historia muy \u00edntima que pero con mucha ficci\u00f3n tambi\u00e9n.<\/p>\n<p class=\"v-p\"><strong>\u2013 \u00bfQu\u00e9 fue lo que le hizo enamorarse de estos g\u00e9neros en los que se suelen mover sus novelas?<\/strong><\/p>\n<p class=\"v-p\">\u2013 Desde peque\u00f1a siempre me llamaban la atenci\u00f3n y, bueno, el primer libro que yo me compr\u00e9 con los ahorros de mi paga fue una colecci\u00f3n de relatos de Edgar Allan Poe, con eso te digo todo (r\u00ede). Entonces, yo creo que al final un escritor escribe de lo que consume, lo que le gusta.<\/p>\n<p class=\"v-p\"><strong>\u2013 El pr\u00f3ximo viernes presenta su novela en Santo Domingo, \u00bfsiente el apoyo de los vecinos?<\/strong><\/p>\n<p class=\"v-p\">\u2013 Como solo llevo tres a\u00f1os todav\u00eda estoy en esa fase de que no siento que est\u00e9 en mi ciudad, que toda la gente me conozca y dem\u00e1s. Creo que ya con los a\u00f1os te empiezas a sentir como en casa con la gente y tal, pero eso, o por lo menos a m\u00ed, me pasa que yo necesito como un poco m\u00e1s de rodaje para sentir que es mi casa. Pero s\u00ed que es verdad que aqu\u00ed tengo apoyo y tengo mucha gente que me lo da. Por ejemplo, yo dirijo uno de los clubes de lectura del pueblo y tambi\u00e9n he formado parte del de la biblioteca y ellos, junto a mis alumnos de las clases de escritura creativa que he dado, me han apoyado. Tambi\u00e9n lectores que me van leyendo y me siguen en mis presentaciones. Adem\u00e1s, quiero agradecer a la librer\u00eda &#8216;Moderna&#8217; que cuando fui finalista del premio Nadal hizo un trabajo innegable recomendando mi libro y fue el m\u00e1s vendido en el pueblo durante varios meses.<\/p>\n<p>Reporta un error<\/p>\n","protected":false},"excerpt":{"rendered":"S\u00e1bado, 4 de octubre 2025, 09:21 &#8216;No abras la ventana&#8217; es el nuevo thriller de la escritora Eba&hellip;\n","protected":false},"author":2,"featured_media":158100,"comment_status":"","ping_status":"","sticky":false,"template":"","format":"standard","meta":{"footnotes":""},"categories":[172],"tags":[447,20777,224,1053,146,147,25,24,260,27496,225,5018,23],"class_list":{"0":"post-158099","1":"post","2":"type-post","3":"status-publish","4":"format-standard","5":"has-post-thumbnail","7":"category-libros","8":"tag-alumnos","9":"tag-apoya","10":"tag-books","11":"tag-domingo","12":"tag-entertainment","13":"tag-entretenimiento","14":"tag-es","15":"tag-espana","16":"tag-gente","17":"tag-lectores","18":"tag-libros","19":"tag-santo","20":"tag-spain"},"share_on_mastodon":{"url":"","error":""},"_links":{"self":[{"href":"https:\/\/www.europesays.com\/es\/wp-json\/wp\/v2\/posts\/158099","targetHints":{"allow":["GET"]}}],"collection":[{"href":"https:\/\/www.europesays.com\/es\/wp-json\/wp\/v2\/posts"}],"about":[{"href":"https:\/\/www.europesays.com\/es\/wp-json\/wp\/v2\/types\/post"}],"author":[{"embeddable":true,"href":"https:\/\/www.europesays.com\/es\/wp-json\/wp\/v2\/users\/2"}],"replies":[{"embeddable":true,"href":"https:\/\/www.europesays.com\/es\/wp-json\/wp\/v2\/comments?post=158099"}],"version-history":[{"count":0,"href":"https:\/\/www.europesays.com\/es\/wp-json\/wp\/v2\/posts\/158099\/revisions"}],"wp:featuredmedia":[{"embeddable":true,"href":"https:\/\/www.europesays.com\/es\/wp-json\/wp\/v2\/media\/158100"}],"wp:attachment":[{"href":"https:\/\/www.europesays.com\/es\/wp-json\/wp\/v2\/media?parent=158099"}],"wp:term":[{"taxonomy":"category","embeddable":true,"href":"https:\/\/www.europesays.com\/es\/wp-json\/wp\/v2\/categories?post=158099"},{"taxonomy":"post_tag","embeddable":true,"href":"https:\/\/www.europesays.com\/es\/wp-json\/wp\/v2\/tags?post=158099"}],"curies":[{"name":"wp","href":"https:\/\/api.w.org\/{rel}","templated":true}]}}