{"id":158105,"date":"2025-10-05T15:11:11","date_gmt":"2025-10-05T15:11:11","guid":{"rendered":"https:\/\/www.europesays.com\/es\/158105\/"},"modified":"2025-10-05T15:11:11","modified_gmt":"2025-10-05T15:11:11","slug":"alberto-herrera-y-blanca-llandres-celebran-su-pedida-de-mano-antes-de-darse-el-si-quiero-un-dia-muy-especial","status":"publish","type":"post","link":"https:\/\/www.europesays.com\/es\/158105\/","title":{"rendered":"Alberto Herrera y Blanca Llandres celebran su pedida de mano antes de darse el &#8216;s\u00ed, quiero&#8217;: \u00abUn d\u00eda muy especial\u00bb"},"content":{"rendered":"<p id=\"erdYarI8t6\" data-wc=\"106\"><strong>Alberto Herrera (33) y Blanca Llandres est\u00e1n plet\u00f3ricos.\u00a0<\/strong>Hace un mes, el <strong>hijo de Carlos Herrera y Maril\u00f3 Montero\u00a0<\/strong>pidi\u00f3 matrimonio a la prima de Lourdes Montes, haci\u00e9ndolo coincidir con su 30 cumplea\u00f1os, celebrado el pasado 11 de septiembre, una fecha marcada en el calendario que ambos recibieron con a\u00fan m\u00e1s alegr\u00eda si cabe. A su pedida de mano y <strong>cercana boda, que tendr\u00e1 lugar el pr\u00f3ximo 18 de octubre en Sanl\u00facar de Barrameda, se suma la mejor de las noticias: esperan su primer hijo<\/strong>. \u201cEl mayor regalo que nos ha hecho la vida\u201d, escribi\u00f3 la psic\u00f3loga especializada en Recursos Humanos al recibir la buena nueva.\u00a0<\/p>\n<p> <img src=\"https:\/\/www.europesays.com\/es\/wp-content\/uploads\/2025\/10\/9d5e0d1f82f5-snapinstato55916104418092108314793909541247315503451097n.jpg\"   width=\"576\" height=\"1024\" loading=\"lazy\" decoding=\"async\" alt=\"Alberto Herrera y Blanca Llandres celebran su pedida de mano junto a sus familiares y amigos m\u00e1s cercanos \" fetchpriority=\"auto\" class=\"image ho-image\"\/>\u00a9 @blancallandrespAlberto Herrera y Blanca Llandres celebran su pedida de mano junto a sus familiares y amigos m\u00e1s cercanos <\/p>\n<p id=\"eRUSjcSN1o8\" data-wc=\"84\"><a class=\"hm-link ho-link\" href=\"https:\/\/www.hola.com\/actualidad\/20250906854248\/la-gran-noticia-que-alberto-herrera-y-blanca-llandres-han-recibido-antes-de-su-boda-esperan-su-primer-hijo\/\" data-mrf-recirculation=\"article-body-link\" rel=\"nofollow noopener\" target=\"_blank\">Los \u00faltimos meses han estado cargados de noticias y cambios para ellos<\/a>, pero ello no impide que se tomen el tiempo necesario para brindar por el futuro. As\u00ed, este s\u00e1bado, los futuros marido y mujer han celebrado una comida para celebrar su pedida de mano, y lo han hecho rodeados de sus seres queridos y su c\u00edrculo m\u00e1s \u00edntimo. <strong>\u00abUn d\u00eda muy especial, gracias y gracias\u00bb<\/strong>, ha expresado Blanca en una publicaci\u00f3n en la que ha compartido una serie de im\u00e1genes de la velada.\u00a0<\/p>\n<p> <img src=\"https:\/\/www.europesays.com\/es\/wp-content\/uploads\/2025\/10\/6fc479b92061-snapinstato560305287180921082997939098271944561258231585n.jpg\"   width=\"576\" height=\"1024\" loading=\"lazy\" decoding=\"async\" alt=\"Alberto Herrera y Blanca Llandres celebran su pedida de mano junto a sus familiares y amigos m\u00e1s cercanos \" fetchpriority=\"auto\" class=\"image ho-image\"\/>\u00a9 @blancallandresp<\/p>\n<p id=\"ef-ZnWNl7M\" data-wc=\"61\">Sonriente, feliz y presumiendo de incipiente barriguita, Blanca ha disfrutado de una jornada cargada de amor. En una de las instant\u00e1neas la podemos ver junto a su maquillador, y tambi\u00e9n en un posado junto a sus suegros: Carlos, Maril\u00f3 y la hermana de su prometido, <a class=\"hm-link ho-link\" href=\"https:\/\/www.hola.com\/moda\/20250820851114\/rocio-crusset-bikini-posado-sin-maquillaje-ni-peinar\/\" data-mrf-recirculation=\"article-body-link\" rel=\"nofollow noopener\" target=\"_blank\">Roc\u00edo Crusset, que est\u00e1 de lo m\u00e1s emocionada por el enlace y la llegada del beb\u00e9<\/a>.<\/p>\n<p> <img src=\"https:\/\/www.europesays.com\/es\/wp-content\/uploads\/2025\/10\/06f3f25e1b80-snapinstato55944975918092108341793909705796007803573134n.jpg\"   width=\"576\" height=\"1024\" loading=\"lazy\" decoding=\"async\" alt=\"Alberto Herrera y Blanca Llandres celebran su pedida de mano junto a sus familiares y amigos m\u00e1s cercanos \" fetchpriority=\"auto\" class=\"image ho-image\"\/>\u00a9 @blancallandrespAlberto Herrera y Blanca Llandres junto a Maril\u00f3 Montero, Carlos Herrera y Roc\u00edo Crusset <\/p>\n<p> <img src=\"https:\/\/www.europesays.com\/es\/wp-content\/uploads\/2025\/10\/89ce2be314ab-snapinstato559076708180920447237939094160142841699339495n.jpg\"   width=\"576\" height=\"1024\" loading=\"lazy\" decoding=\"async\" alt=\"Alberto Herrera y Blanca Llandres celebran su pedida de mano junto a sus familiares y amigos m\u00e1s cercanos \" fetchpriority=\"auto\" class=\"image ho-image\"\/>\u00a9 @blancallandrespBlanca Llandres junto a su maquillador para la velada<\/p>\n<p id=\"eOlKYIZlxH\" data-wc=\"65\">Pasando al bando de la novia, <strong>el padre de Blanca es Carlos Llandres, bi\u00f3logo y divulgador cient\u00edfico<\/strong>, amigo cercano del naturalista F\u00e9lix Rodr\u00edguez de la Fuente. Por parte materna, es hija de <strong>Blanca<\/strong><strong>\u00a0Parejo Zabala, presidenta de la Fundaci\u00f3n Alal\u00e1<\/strong>, que trabaja en Sevilla y Jerez de la Frontera para ofrecer oportunidades a ni\u00f1os y j\u00f3venes a trav\u00e9s del arte, la cultura y el deporte.<\/p>\n<p> <img src=\"https:\/\/www.europesays.com\/es\/wp-content\/uploads\/2025\/10\/73cfe3495cc9-snapinstato560503524180921085607939095131461681318175650n.jpg\"   width=\"576\" height=\"1024\" loading=\"lazy\" decoding=\"async\" alt=\"Alberto Herrera y Blanca Llandres celebran su pedida de mano junto a sus familiares y amigos m\u00e1s cercanos \" fetchpriority=\"auto\" class=\"image ho-image\"\/>\u00a9 @blancallandresp<\/p>\n<p> <img src=\"https:\/\/www.europesays.com\/es\/wp-content\/uploads\/2025\/10\/fe91acafa238-snapinstato560590864180921083267939092675304835854193396n.jpg\"   width=\"576\" height=\"1024\" loading=\"lazy\" decoding=\"async\" alt=\"Alberto Herrera y Blanca Llandres celebran su pedida de mano junto a sus familiares y amigos m\u00e1s cercanos \" fetchpriority=\"auto\" class=\"image ho-image\"\/>\u00a9 @blancallandresp<\/p>\n<p id=\"eSXVXOYsQd\" data-wc=\"103\">Esta celebraci\u00f3n se produce una semana despu\u00e9s de la <a class=\"hm-link ho-link\" href=\"https:\/\/www.hola.com\/actualidad\/20250926858063\/despedida-soltera-blanca-llandres\/\" data-mrf-recirculation=\"article-body-link\" rel=\"nofollow noopener\" target=\"_blank\">original despedida de soltera que las amigas, t\u00edas y primas organizaron para Blanca a orillas del Guadalquivir<\/a>. En una imagen que la novia comparti\u00f3 a finales de septiembre, se puede ver al grupo de chicas al completo: entre las que se encontraba su madre, sus primas, Lourdes y Sibi Montes, su t\u00eda Lourdes Parejo Zabala y Pilar Parejo Zabala, mujer de Jos\u00e9 Manuel Soto. Todas ellas disfrutaron de una cena a orillas del Guadalquivir, frente a la Torre del Oro de Sevilla, y coincidiendo con la hora del atardecer. \u00abLas m\u00edas\u00bb, coment\u00f3 la psic\u00f3loga.<\/p>\n<p> <img src=\"https:\/\/www.europesays.com\/es\/wp-content\/uploads\/2025\/10\/a5e7017f6e94-snapinstato560366227180920444567939095803437077395762953n.jpg\"   width=\"770\" height=\"1024\" loading=\"lazy\" decoding=\"async\" alt=\"Alberto Herrera y Blanca Llandres celebran su pedida de mano junto a sus familiares y amigos m\u00e1s cercanos \" fetchpriority=\"auto\" class=\"image ho-image\"\/>\u00a9 @blancallandresp<\/p>\n<p> <img src=\"https:\/\/www.europesays.com\/es\/wp-content\/uploads\/2025\/10\/d71d8b641b90-snapinstato559633566180920444477939096630974155417419917n.jpg\"   width=\"770\" height=\"1024\" loading=\"lazy\" decoding=\"async\" alt=\"Alberto Herrera y Blanca Llandres esperan su primer hijo juntos\" fetchpriority=\"auto\" class=\"image ho-image\"\/>\u00a9 @blancallandrespAlberto Herrera y Blanca Llandres esperan su primer hijo juntos<\/p>\n<p id=\"eH_Wa-an1r\" data-wc=\"83\">La noticia de que iba a convertir en abuelos a Carlos Herrera y Maril\u00f3 Montero la dio en antena, en directo, durante el programa Fin de Semana, que presenta Cristina L\u00f3pez Schlichting en la cadena COPE. \u201cEstoy emocionad\u00edsimo\u201d, confes\u00f3 visiblemente ilusionado, admitiendo, adem\u00e1s, que <strong>el beb\u00e9 que espera junto a Blanca Llandres ser\u00e1 un ni\u00f1o<\/strong>. Seg\u00fan explic\u00f3, fue en la semana 12 de embarazo cuando recibieron la noticia: \u201cNos dicen que hay un 80% de probabilidad de que sea var\u00f3n\u201d, coment\u00f3 entre risas.\u00a0<\/p>\n<p> <img src=\"https:\/\/www.europesays.com\/es\/wp-content\/uploads\/2025\/10\/b1025a7ea9ff-snapinstato559453482180920444357939099071476511249111545n.jpg\"   width=\"770\" height=\"1024\" loading=\"lazy\" decoding=\"async\" alt=\"Alberto Herrera y Blanca Llandres esperan su primer hijo juntos\" fetchpriority=\"auto\" class=\"image ho-image\"\/>\u00a9 @blancallandrespAlberto Herrera y Blanca Llandres esperan su primer hijo juntos<\/p>\n<p data-wc=\"63\" id=\"edd0onTDt4q\">Recientemente, hemos podido escuchar a Alberto y Blanca charlar animadamente sobre su historia de amor. \u00abLo de Blanca ha sido incre\u00edble\u00bb, afirmaba entusiasmado el locutor durante una entrevista con el dise\u00f1ador Tom\u00e1s Laso-Argos, quien se ocupar\u00e1 de confeccionar su traje de novio.<strong>\u00a0\u00abYo miro a Blanca a los ojos y no hace falta preguntarme si es la indicada o no, directamente lo s\u00e9\u00bb.<\/strong><\/p>\n<p> <img src=\"https:\/\/www.europesays.com\/es\/wp-content\/uploads\/2025\/10\/97afdb3b4910-saveclipapp543814949180886841117939091658063470950451819n.jpg\"   width=\"1024\" height=\"759\" loading=\"lazy\" decoding=\"async\" alt=\"Media Image\" fetchpriority=\"auto\" class=\"image ho-image\"\/>\u00a9 blancallandresp<\/p>\n<p> <img src=\"https:\/\/www.europesays.com\/es\/wp-content\/uploads\/2025\/10\/90754e72b578-saveclipapp54287576818088684129793909317548239549120493n.jpg\"   width=\"1024\" height=\"759\" loading=\"lazy\" decoding=\"async\" alt=\"Media Image\" fetchpriority=\"auto\" class=\"image ho-image\"\/>\u00a9 blancallandresp<br \/>\nTodos los detalles de la boda<\/p>\n<p id=\"eL8YCQPLHB\" data-wc=\"60\">El enlace entre Alberto y Blanca ser\u00e1 una celebraci\u00f3n que unir\u00e1 a dos familias muy populares entre las que siempre ha existido una gran amistad. De hecho, ambos han reconocido que lo suyo ha sido m\u00e1s veloz por la estrecha uni\u00f3n de las familias, ese terreno ya estaba ganado y la joven pareja ya conoc\u00eda a los padres del otro.\u00a0<\/p>\n<p> <img src=\"https:\/\/www.europesays.com\/es\/wp-content\/uploads\/2025\/10\/219375dea27b-saveclipapp528010416180855787157939095845872953787835741n.jpg\"   width=\"770\" height=\"1024\" loading=\"lazy\" decoding=\"async\" alt=\"Alberto Herrera y Blanca Llandres\" fetchpriority=\"auto\" class=\"image ho-image\"\/>\u00a9 blancallandresp<\/p>\n<p id=\"e4a4-pfU1x\" data-wc=\"92\"><a class=\"hm-link ho-link\" href=\"https:\/\/www.hola.com\/actualidad\/20250730847346\/alberto-herrera-y-blanca-llandres-fecha-exacta-lugar-boda-exclusiva\/\" data-mrf-recirculation=\"article-body-link\" rel=\"nofollow noopener\" target=\"_blank\">Los detalles se han ido conociendo poco a poco<\/a>, pero a\u00fan faltan por ultimar todo para que la boda sea memorable. Por un lado,<a class=\"hm-link ho-link\" href=\"https:\/\/www.hola.com\/novias\/20250821851395\/blanca-llanders-vestido-de-novia-diseno-rocio-crusset-nicolas-montenegro\/\" data-mrf-recirculation=\"article-body-link\" rel=\"nofollow noopener\" target=\"_blank\">\u00a0la novia lucir\u00e1 un dise\u00f1o de Nicol\u00e1s Montenegro, que contar\u00e1 con la ayuda de Roc\u00edo Crusset<\/a>, mientras que Tom\u00e1s Laso-Argos se encargar\u00e1 del traje del novio. La ceremonia tendr\u00e1 lugar en <strong>la iglesia de Santo Domingo, ubicada en la localidad gaditana de Sanl\u00facar de Barrameda,<\/strong> y la lista de invitados ser\u00e1 reducida, puesto que quieren una boda reservada a los allegados, lejos de cualquier compromiso de sus padres.<\/p>\n","protected":false},"excerpt":{"rendered":"Alberto Herrera (33) y Blanca Llandres est\u00e1n plet\u00f3ricos.\u00a0Hace un mes, el hijo de Carlos Herrera y Maril\u00f3 Montero\u00a0pidi\u00f3&hellip;\n","protected":false},"author":2,"featured_media":158106,"comment_status":"","ping_status":"","sticky":false,"template":"","format":"standard","meta":{"footnotes":""},"categories":[91],"tags":[517,17915,9654,146,147,25,24,7974,9653,23],"class_list":{"0":"post-158105","1":"post","2":"type-post","3":"status-publish","4":"format-standard","5":"has-post-thumbnail","7":"category-entretenimiento","8":"tag-actualidad","9":"tag-alberto-herrera","10":"tag-carlos-herrera","11":"tag-entertainment","12":"tag-entretenimiento","13":"tag-es","14":"tag-espana","15":"tag-marilo-montero","16":"tag-rocio-crusset","17":"tag-spain"},"share_on_mastodon":{"url":"","error":""},"_links":{"self":[{"href":"https:\/\/www.europesays.com\/es\/wp-json\/wp\/v2\/posts\/158105","targetHints":{"allow":["GET"]}}],"collection":[{"href":"https:\/\/www.europesays.com\/es\/wp-json\/wp\/v2\/posts"}],"about":[{"href":"https:\/\/www.europesays.com\/es\/wp-json\/wp\/v2\/types\/post"}],"author":[{"embeddable":true,"href":"https:\/\/www.europesays.com\/es\/wp-json\/wp\/v2\/users\/2"}],"replies":[{"embeddable":true,"href":"https:\/\/www.europesays.com\/es\/wp-json\/wp\/v2\/comments?post=158105"}],"version-history":[{"count":0,"href":"https:\/\/www.europesays.com\/es\/wp-json\/wp\/v2\/posts\/158105\/revisions"}],"wp:featuredmedia":[{"embeddable":true,"href":"https:\/\/www.europesays.com\/es\/wp-json\/wp\/v2\/media\/158106"}],"wp:attachment":[{"href":"https:\/\/www.europesays.com\/es\/wp-json\/wp\/v2\/media?parent=158105"}],"wp:term":[{"taxonomy":"category","embeddable":true,"href":"https:\/\/www.europesays.com\/es\/wp-json\/wp\/v2\/categories?post=158105"},{"taxonomy":"post_tag","embeddable":true,"href":"https:\/\/www.europesays.com\/es\/wp-json\/wp\/v2\/tags?post=158105"}],"curies":[{"name":"wp","href":"https:\/\/api.w.org\/{rel}","templated":true}]}}