{"id":158125,"date":"2025-10-05T15:34:11","date_gmt":"2025-10-05T15:34:11","guid":{"rendered":"https:\/\/www.europesays.com\/es\/158125\/"},"modified":"2025-10-05T15:34:11","modified_gmt":"2025-10-05T15:34:11","slug":"me-menti-a-mi-misma-2","status":"publish","type":"post","link":"https:\/\/www.europesays.com\/es\/158125\/","title":{"rendered":"Me ment\u00ed a m\u00ed misma"},"content":{"rendered":"<p class=\"c-paragraph\">En los a\u00f1os 90, <b>M\u00f3nica Naranjo<\/b> salt\u00f3 a la fama y ha terminado convirti\u00e9ndose en <b>una de las grandes artistas<\/b> de las \u00faltimas d\u00e9cadas de nuestro pa\u00eds. La artista celebra sus treinta a\u00f1os en la m\u00fasica con su gira\u00a0<b>Greatest Hits Tour<\/b> y ha acudido al p\u00f3dcast Tengo un plan, donde ha reflexionado sobre <b>su carrera profesional y los inicios de esta.\u00a0<\/b><\/p>\n<p class=\"c-paragraph\">Sobre sus debut en M\u00e9xico con tan solo 18 a\u00f1os, M\u00f3nica Naranjo ha desvelado lo que pensaba que ocurrir\u00eda en <b>su llegada a Am\u00e9rica\u00a0por primera vez <\/b>como artista. \u00ab<b>Yo sab\u00eda lo que iba a pasar<\/b>.<b> Lo iba a petar\u00bb,<\/b> ha asegurado contundente la cantante catalana.\u00a0<\/p>\n<p class=\"c-paragraph\">La int\u00e9rprete de Sobrevivir\u00e9 ha achacado esa seguridad a sus or\u00edgenes en una familia humilde en la que <b>\u00abel no, ya lo tienes aceptado\u00bb.<\/b> Sumado a esto, a Naranjo siempre la ha acompa\u00f1ado un lema de vida que adopt\u00f3 con catorce a\u00f1os de Salvador Dal\u00ed: <b>\u00abGu\u00eda siempre tu pincel por la pasi\u00f3n<\/b>\u00ab.\u00a0<\/p>\n<p class=\"c-paragraph\">Esa pasi\u00f3n es la que ha llevado a M\u00f3nica Naranjo a alcanzar <b>la relevancia que ha ganado en la industria musical<\/b>, tanto en nuestro pa\u00eds como a nivel internacional. Pero la artista ha reflexionado en el p\u00f3dcast sobre <b>sus primeros pasos como artista<\/b> y ha recordado el que considera\u00a0<b>su mayor\u00a0fallo<\/b>\u00a0a lo largo de su carrera profesional.\u00a0<\/p>\n<p class=\"c-paragraph\">Naranjo cree que la creaci\u00f3n del \u00e1lbum <b>Chicas Malas<\/b> <b>fue un \u00abterrible error\u00bb <\/b>porque fue un proyecto en el que <b>la\u00a0ambici\u00f3n\u00a0fue m\u00e1s fuerte que su\u00a0voz interior<\/b>.\u00a0Seg\u00fan cuenta en la entrevista, se dej\u00f3 llevar por la <b>posibilidad de trabajar con \u00ablos mejores productores\u00bb<\/b> que le ofreci\u00f3 la discogr\u00e1fica en lugar de seguir su instinto y trabajar en el disco que realmente quer\u00eda, Tar\u00e1ntula.<\/p>\n<p class=\"c-paragraph\"><b>\u00abNo era yo.<\/b> Yo ya estaba<b> preparada para hacer\u00a0Tar\u00e1ntula\u00a0<\/b>no para hacer\u00a0otro disco pop\u00bb, ha comentado M\u00f3nica Naranjo en Tengo un plan, asegurando que esa decisi\u00f3n la llev\u00f3 a sentir una <b>completa desconexi\u00f3n con su trabajo. \u00a0<\/b><\/p>\n<p class=\"c-paragraph\"><b>\u00abNo segu\u00ed mi intuici\u00f3n porque me ment\u00ed a m\u00ed misma\u00bb,<\/b> ha a\u00f1adido la artista, que considera que<b>\u00a0<\/b>la consecuencia fue la peor de las \u00abhostias\u00bb. Aun as\u00ed, <b>se llev\u00f3 un gran aprendizaje<\/b> de esa etapa de su vida y entendi\u00f3 que <b>\u00abel \u00e9xito no es medible en ventas\u00a0si traicionas tu propia esencia\u00bb.<\/b><\/p>\n","protected":false},"excerpt":{"rendered":"En los a\u00f1os 90, M\u00f3nica Naranjo salt\u00f3 a la fama y ha terminado convirti\u00e9ndose en una de las&hellip;\n","protected":false},"author":2,"featured_media":157514,"comment_status":"","ping_status":"","sticky":false,"template":"","format":"standard","meta":{"footnotes":""},"categories":[91],"tags":[146,147,25,24,21317,185,45228,23],"class_list":{"0":"post-158125","1":"post","2":"type-post","3":"status-publish","4":"format-standard","5":"has-post-thumbnail","7":"category-entretenimiento","8":"tag-entertainment","9":"tag-entretenimiento","10":"tag-es","11":"tag-espana","12":"tag-monica","13":"tag-musica","14":"tag-naranjo","15":"tag-spain"},"share_on_mastodon":{"url":"","error":""},"_links":{"self":[{"href":"https:\/\/www.europesays.com\/es\/wp-json\/wp\/v2\/posts\/158125","targetHints":{"allow":["GET"]}}],"collection":[{"href":"https:\/\/www.europesays.com\/es\/wp-json\/wp\/v2\/posts"}],"about":[{"href":"https:\/\/www.europesays.com\/es\/wp-json\/wp\/v2\/types\/post"}],"author":[{"embeddable":true,"href":"https:\/\/www.europesays.com\/es\/wp-json\/wp\/v2\/users\/2"}],"replies":[{"embeddable":true,"href":"https:\/\/www.europesays.com\/es\/wp-json\/wp\/v2\/comments?post=158125"}],"version-history":[{"count":0,"href":"https:\/\/www.europesays.com\/es\/wp-json\/wp\/v2\/posts\/158125\/revisions"}],"wp:featuredmedia":[{"embeddable":true,"href":"https:\/\/www.europesays.com\/es\/wp-json\/wp\/v2\/media\/157514"}],"wp:attachment":[{"href":"https:\/\/www.europesays.com\/es\/wp-json\/wp\/v2\/media?parent=158125"}],"wp:term":[{"taxonomy":"category","embeddable":true,"href":"https:\/\/www.europesays.com\/es\/wp-json\/wp\/v2\/categories?post=158125"},{"taxonomy":"post_tag","embeddable":true,"href":"https:\/\/www.europesays.com\/es\/wp-json\/wp\/v2\/tags?post=158125"}],"curies":[{"name":"wp","href":"https:\/\/api.w.org\/{rel}","templated":true}]}}