{"id":158130,"date":"2025-10-05T15:37:05","date_gmt":"2025-10-05T15:37:05","guid":{"rendered":"https:\/\/www.europesays.com\/es\/158130\/"},"modified":"2025-10-05T15:37:05","modified_gmt":"2025-10-05T15:37:05","slug":"israel-y-hamas-se-preparan-para-negociaciones-en-egipto-sobre-gaza-pero-continuan-ataques-israelies-los-angeles-times","status":"publish","type":"post","link":"https:\/\/www.europesays.com\/es\/158130\/","title":{"rendered":"Israel y Ham\u00e1s se preparan para negociaciones en Egipto sobre Gaza, pero contin\u00faan ataques israel\u00edes &#8211; Los Angeles Times"},"content":{"rendered":"<ol>\n<li><a href=\"https:\/\/news.google.com\/rss\/articles\/CBMi-AFBVV95cUxOcFZDNGNxc3MwdVBJd3RSRkhpTlFKMnZvcGNsMVd5ZDB2NlRzMmVTU1oyZTJuT3QzZllOZm5jWkJoaHYxSklDeXVPRlowSFRMWlJpSGNzMmppbzd4YjYxOGRneWtpVkk5eHlaZ3Jmb2RxRVVyNjlSWE4zbkJ5N21OYlV6cmk5bmZMd3pvYVRhT1BIRmtzenpjcDdTVnJJVHQ2Xy1SY0FGNmNjU0hSN2l4Z1d6bVIwbExSNk4yNFlCNmpHOUtwN3NCLXBWRHQydTNHRTVBYzVyRFVQNlltYU9TZ2cwQVZmTkVVdkEtT1VlNURrcWRNdUxNZQ?oc=5\" target=\"_blank\" rel=\"nofollow noopener\">Israel y Ham\u00e1s se preparan para negociaciones en Egipto sobre Gaza, pero contin\u00faan ataques israel\u00edes<\/a>&nbsp;&nbsp;Los Angeles Times<\/li>\n<li><a href=\"https:\/\/news.google.com\/rss\/articles\/CBMiZ0FVX3lxTE42cmx6a1FJMFgyVnoxRlhOVkFydmZKTkZCV0NSU1NDX3EyUjFtNDMwNjY5UmtRelloX1RrUk1JQW9KODdyUC0tTjAySVJfVEJwc3VwcG9FMjE3LVNKanNOR0dFU2NkNWM?oc=5\" target=\"_blank\" rel=\"nofollow noopener\">Pax Trumpiana<\/a>&nbsp;&nbsp;EL PA\u00cdS<\/li>\n<li><a href=\"https:\/\/news.google.com\/rss\/articles\/CBMigwFBVV95cUxQeTBiMUV5U2MtdjNZdUp5QTJXTmRNVlB2SHZnLWsyNWVRUFdWdktOeFQtOExFWUlqMEkzaUNscGdoZXNzaGRIcEJzcUtyT2VSbUZqemdKa3VFcG9KQ2EtY21uWkhkNlhHSTRFU2RQa3lzOHdEdlJmc0FWeF9QV3V4X0NCb9IBgwFBVV95cUxQV2Z2SlNLdmJGMGtTTEhBZzVoakxTdlZHN1F1T2RNZWR6X3YzeVhhNnhCYVhFb2ZoS1VrR25xTkVkcEY0UGF3bnU2LTFfWDhrTDFVWGVFZWt4MzJ5aXh5ZnEwNlJTZWVIdFpPVWROUktuRUJtbjFyX0dxNzZ3WG1GWGhKTQ?oc=5\" target=\"_blank\" rel=\"nofollow noopener\">Israel detiene la operaci\u00f3n en Ciudad de Gaza y espera la vuelta de los rehenes \u00aben los pr\u00f3ximos d\u00edas\u00bb<\/a>&nbsp;&nbsp;El Mundo<\/li>\n<li><a href=\"https:\/\/news.google.com\/rss\/articles\/CBMizAFBVV95cUxQQVJzbTFsazJ4NWFFdzlNRGFiSERQX0FlQUhsZVU2VWo4XzNleG5wU25vd2RDN1Y5dXlPUVA0WkNCSzM0d2dOWVdKV0xhb3kzUER5VGg1c1dEMURKdFNVb3h6UEt2VVFlRm83QXR6Njl0eXZRTlpFZ2VQTGxkd2xzQnA1UUVKSHFidWZEd1lLbGJOME5rYVYwTVFaTUhIZ2hxT3RtZVpRNEJEd3dlajZtOVJjeHNOazA0TWN6MnhyS3ozbGtaUGdoYW5XQ1TSAcwBQVVfeXFMT00tdl9SVkJKR0NkUEc5bHM3cFZWTGhldDhLaU1fLU9hR0VDay1JS2ZCSHk3cUtWWURZNFczdWkyRmwyZGNwTEgxLTdKNEhlRmYxaXoxZUFqQ0xhcTU0NmYxY0RxUVhjMmpLTzF0OHNMX1Z2U1QwNWR0WGtOQ0ZtTXhvNTB5dVREUXZqbGJXZTVxOWtmTy1xRnRhcGMxekJoX21DSHF1MllTaFRXVHRPRWJLQzlWVFVsc2UzLTU2eUJSZ3pUZldCdXoxbUZz?oc=5\" target=\"_blank\" rel=\"nofollow noopener\">Las inc\u00f3gnitas del plan de paz de Trump para Gaza: \u00abCisjordania es el premio gordo\u00bb<\/a>&nbsp;&nbsp;Onda Cero<\/li>\n<li><a href=\"https:\/\/news.google.com\/rss\/articles\/CBMilAFBVV95cUxPN2k3aDJyYUZOZXNJbzRlMTFVbWdLQVUydHp1VzBZYzVNUUMzRm5NNGR0VEZhdy1Ycng0UVNjRVZfaFQ0U2llOHJ6Z09PTVRzZ3I2TXhyejYtN1ZpWEo4WXB4RXM0TjZRaVR5MTJtTVppTmZDcEVlaGwzUHFFYmlOUFNQSUlneVVjbWN2MDQ1blFKR2FL?oc=5\" target=\"_blank\" rel=\"nofollow noopener\">\u00daltima ronda para la tregua en Gaza<\/a>&nbsp;&nbsp;La Vanguardia<\/li>\n<\/ol>\n","protected":false},"excerpt":{"rendered":"Israel y Ham\u00e1s se preparan para negociaciones en Egipto sobre Gaza, pero contin\u00faan ataques israel\u00edes&nbsp;&nbsp;Los Angeles Times Pax&hellip;\n","protected":false},"author":2,"featured_media":155649,"comment_status":"","ping_status":"","sticky":false,"template":"","format":"standard","meta":{"footnotes":""},"categories":[42],"tags":[17,18,13,14,11,61,62,63,64,19,20,9,10,15,16,12,21,22,65,66,67],"class_list":{"0":"post-158130","1":"post","2":"type-post","3":"status-publish","4":"format-standard","5":"has-post-thumbnail","7":"category-internacional","8":"tag-breaking-news","9":"tag-breakingnews","10":"tag-featured-news","11":"tag-featurednews","12":"tag-headlines","13":"tag-internacional","14":"tag-international","15":"tag-international-news","16":"tag-internationalnews","17":"tag-latest-news","18":"tag-latestnews","19":"tag-news","20":"tag-noticias","21":"tag-noticias-destacadas","22":"tag-noticiasdestacadas","23":"tag-titulares","24":"tag-ultimas-noticias","25":"tag-ultimasnoticias","26":"tag-world","27":"tag-world-news","28":"tag-worldnews"},"share_on_mastodon":{"url":"","error":""},"_links":{"self":[{"href":"https:\/\/www.europesays.com\/es\/wp-json\/wp\/v2\/posts\/158130","targetHints":{"allow":["GET"]}}],"collection":[{"href":"https:\/\/www.europesays.com\/es\/wp-json\/wp\/v2\/posts"}],"about":[{"href":"https:\/\/www.europesays.com\/es\/wp-json\/wp\/v2\/types\/post"}],"author":[{"embeddable":true,"href":"https:\/\/www.europesays.com\/es\/wp-json\/wp\/v2\/users\/2"}],"replies":[{"embeddable":true,"href":"https:\/\/www.europesays.com\/es\/wp-json\/wp\/v2\/comments?post=158130"}],"version-history":[{"count":0,"href":"https:\/\/www.europesays.com\/es\/wp-json\/wp\/v2\/posts\/158130\/revisions"}],"wp:featuredmedia":[{"embeddable":true,"href":"https:\/\/www.europesays.com\/es\/wp-json\/wp\/v2\/media\/155649"}],"wp:attachment":[{"href":"https:\/\/www.europesays.com\/es\/wp-json\/wp\/v2\/media?parent=158130"}],"wp:term":[{"taxonomy":"category","embeddable":true,"href":"https:\/\/www.europesays.com\/es\/wp-json\/wp\/v2\/categories?post=158130"},{"taxonomy":"post_tag","embeddable":true,"href":"https:\/\/www.europesays.com\/es\/wp-json\/wp\/v2\/tags?post=158130"}],"curies":[{"name":"wp","href":"https:\/\/api.w.org\/{rel}","templated":true}]}}