{"id":158131,"date":"2025-10-05T15:38:06","date_gmt":"2025-10-05T15:38:06","guid":{"rendered":"https:\/\/www.europesays.com\/es\/158131\/"},"modified":"2025-10-05T15:38:06","modified_gmt":"2025-10-05T15:38:06","slug":"una-revista-historica-retira-su-ultimo-numero-titulado-vascones-por-un-error-inadmisible-sobre-la-mano-de-irulegi-en-la-portada-el-pais","status":"publish","type":"post","link":"https:\/\/www.europesays.com\/es\/158131\/","title":{"rendered":"Una revista hist\u00f3rica retira su \u00faltimo n\u00famero, titulado \u2018Vascones\u2019, por un error \u201cinadmisible\u201d sobre la mano de Irulegi en la portada &#8211; EL PA\u00cdS"},"content":{"rendered":"<ol>\n<li><a href=\"https:\/\/news.google.com\/rss\/articles\/CBMi_wFBVV95cUxOeW5GOGtPaXNEb1JIT0NLWEIyN0xGc0JKUGpQaTZWR1hpcllNY0RGQnhMaXVkVktyXzU5MS1zX1JFWUgwVnFJcHpwekliREVEOVo0SWx3SGV2elRiTTBjTXduREZCRDhFM0lHZXZDbGs1ZHdwSmQ2Vko1R1RjbU95bzhCbVRuX2tnRThxeVBmeGgxUnpjY2daOHhDN3lhRjNiVmFLUkNIdWpJeG5YQTFoNVM2Z2laenZzUFEtcHh2aGR3ZUNSXzlVV0RxMWhhNTh0b3ZBQ2ozWGJ4TVlVRHdERUZJeDQ1alZRbGI2R0w1UUFwOVo1Uk15NUVBLXlGYWvSAZMCQVVfeXFMTkZQZGhHQms4UFl2SzFmWFlzZnN3Qmd0T3BVQTFaRHVzbHVnWVNGaHphcDllNTZPUlI3d1M1b3pTM3dXTHVIRGR4NFZ0NHA1MXZfSUpPNU5JMmhwd0doRzBTVEVUSjdyMk5lX1ZuZllmWFBMcHFFMnJObUhrRGF4U1ZSX1Y0VjlQNGNZd1J5M05BTnFJNGZZeG45cWlqeUlKanNkb2dncW14ZUR1TEJJNmd1VTVIZkV1b1dwNE9zQkdxUXN4QzliaEpJX2g0VncwU2xtT1ZsSTJkYkstVEVBajNYcHJ4c2E2WFZERVVWdHh6U1BaeGZPeHVkbnJZNE9VR1paV2xhYkl2RlNDQTU5RWJoalU?oc=5\" target=\"_blank\" rel=\"nofollow noopener\">Una revista hist\u00f3rica retira su \u00faltimo n\u00famero, titulado \u2018Vascones\u2019, por un error \u201cinadmisible\u201d sobre la mano de Irulegi en la portada<\/a>&nbsp;&nbsp;EL PA\u00cdS<\/li>\n<li><a href=\"https:\/\/news.google.com\/rss\/articles\/CBMizAFBVV95cUxONzBlNFVUZXhlVW5zcmdvNGdBRWlzTHQ0SHZ6S0k2WnI0OFFVQXlmMnRNZjR0dGh2SmE2ZllBOE5uYzFIRzZGaG5MM0tlV3JIUFJ1bGwxOGNGVWxWN1huTk5OMHdiQnlCa1V2Qm4tY3p1WS16MVBXZFo3VDR2YVpaUW9lTTlxRGIyTmlsZE96d3JoWWVUSDhuU040M0Jlc1BpUi1CQUh0V3JzOWh2ODRmVU0ySHBvcWkzbkxROG5nSlA2d0RSaDNaSkpaaGI?oc=5\" target=\"_blank\" rel=\"nofollow noopener\">Una dibujante escribe \u00abEspa\u00f1a\u00bb en la Mano de Irulegi y causa el \u2018secuestro\u2019 de toda la revista<\/a>&nbsp;&nbsp;naiz:<\/li>\n<li><a href=\"https:\/\/news.google.com\/rss\/articles\/CBMiqgFBVV95cUxON3daQld3R2RrbHFuSmxJTEJpQ2U2SlU1ZFdBeXh3NGVBaEt5LUhfSGQ3UnhBbUZNTmZjblVYNUFlQmxzaURfbGFUNVRYYVoyUnhia2R0SkVHaDhIMm1TcFViZDVIY3ltRjJEdUU1bjY5SGxJREtkRkJ0Sjltblg5bUs5RGdfZVB5R1VENm1mcW5raDVMUWx6SDIzb19XeWhpd2hudEFEcERtQdIBrwFBVV95cUxOVko1MGxXakd0Z2ZGN1dUSTJQX0NySjlKcmYwR05uTmlmU3FMMTY2S3h1cl9jWjVJUHJoRDNUeURoRjVRd1d1LUdwN1UyZWdxREd3VVU5T2k0Zm9ja1FhSWRQajdXZTYwMXo1RkgxSk85b1RaRk5xLV9RbFlXektDdnJsdTM5ODdubWIyNWZyM0RzdzQ5VGhnWlA0eElYdVY5dVg1UEttWUNOc3Z6SU1N?oc=5\" target=\"_blank\" rel=\"nofollow noopener\">Una revista hist\u00f3rica retira su \u00faltimo n\u00famero tras incluir la palabra &#8216;Espa\u00f1a&#8217; en la mano de Irulegi<\/a>&nbsp;&nbsp;Noticias de Navarra<\/li>\n<li><a href=\"https:\/\/news.google.com\/rss\/articles\/CBMixwFBVV95cUxNdE8tT0dNdS1OYVd2U3VaX1BYWE9MTlJRRnQzb3ZHeFZxcmluckV0TXlTdGpfNmg5a0tJUm9uMDg4a280YzhVZ1BnZHNZSFJoamZ1Tm5MN2d1V2x5WHlabW9wbktSb2VJRF9LbUFaemZyblYtMjVua18tcEZ6SUM0ZlRBeG1EbVAxeUxBQjZiOHdET2YtS0pnUUJocDJlV0RSWUROUmhENDA5SmtTa1pCNDJzNDVDSmZKRXdHRHBaZnR2a01UaE130gHMAUFVX3lxTFBMdUtBLUFjVGFDdHNYT2tndUJUanpJRkxxcVFScDdQTFJQeUU0WnZ3Qmp1SFhjQXpZUFNHLXM2UWpIWXJDanN0RjFkN010RTYtZ0tCVFRjZ20wVEZsQ1UxWUs4U1ZETllMRG5raEczaWw4SzROcm1LbWZMOVZuaHdkYVJ2ODZITU1HUGZOSVR1SWtnNHNzdzQzanVqV20wMTdsSUZsTFZCWE1HSHQ5eGx0SEhTVUtRUW9JUUhhX0Z6NGNkZHpDYmRXNzBEdw?oc=5\" target=\"_blank\" rel=\"nofollow noopener\">La palabra \u00abEspa\u00f1a\u00bb en una ilustraci\u00f3n de la \u00abmano de Irulegui\u00bb causa el secuestro de una revista de historia<\/a>&nbsp;&nbsp;El Debate<\/li>\n<li><a href=\"https:\/\/news.google.com\/rss\/articles\/CBMiU0FVX3lxTE5oajJzOEI4cm9UU0l3NzJTM2Q5blY5NnAyU3FER2VZRU1KSW42M0k0eHNBMUNLY1lyOWdLTUJNai0tcDktSjBwNGJUbTR2Q2RLb0hF?oc=5\" target=\"_blank\" rel=\"nofollow noopener\">Noticias del d\u00eda 05 de octubre de 2025<\/a>&nbsp;&nbsp;EL PA\u00cdS<\/li>\n<\/ol>\n","protected":false},"excerpt":{"rendered":"Una revista hist\u00f3rica retira su \u00faltimo n\u00famero, titulado \u2018Vascones\u2019, por un error \u201cinadmisible\u201d sobre la mano de Irulegi&hellip;\n","protected":false},"author":2,"featured_media":155649,"comment_status":"","ping_status":"","sticky":false,"template":"","format":"standard","meta":{"footnotes":""},"categories":[8],"tags":[17,18,25,24,13,14,11,19,20,9,10,15,16,23,12,21,22],"class_list":{"0":"post-158131","1":"post","2":"type-post","3":"status-publish","4":"format-standard","5":"has-post-thumbnail","7":"category-espana","8":"tag-breaking-news","9":"tag-breakingnews","10":"tag-es","11":"tag-espana","12":"tag-featured-news","13":"tag-featurednews","14":"tag-headlines","15":"tag-latest-news","16":"tag-latestnews","17":"tag-news","18":"tag-noticias","19":"tag-noticias-destacadas","20":"tag-noticiasdestacadas","21":"tag-spain","22":"tag-titulares","23":"tag-ultimas-noticias","24":"tag-ultimasnoticias"},"share_on_mastodon":{"url":"","error":""},"_links":{"self":[{"href":"https:\/\/www.europesays.com\/es\/wp-json\/wp\/v2\/posts\/158131","targetHints":{"allow":["GET"]}}],"collection":[{"href":"https:\/\/www.europesays.com\/es\/wp-json\/wp\/v2\/posts"}],"about":[{"href":"https:\/\/www.europesays.com\/es\/wp-json\/wp\/v2\/types\/post"}],"author":[{"embeddable":true,"href":"https:\/\/www.europesays.com\/es\/wp-json\/wp\/v2\/users\/2"}],"replies":[{"embeddable":true,"href":"https:\/\/www.europesays.com\/es\/wp-json\/wp\/v2\/comments?post=158131"}],"version-history":[{"count":0,"href":"https:\/\/www.europesays.com\/es\/wp-json\/wp\/v2\/posts\/158131\/revisions"}],"wp:featuredmedia":[{"embeddable":true,"href":"https:\/\/www.europesays.com\/es\/wp-json\/wp\/v2\/media\/155649"}],"wp:attachment":[{"href":"https:\/\/www.europesays.com\/es\/wp-json\/wp\/v2\/media?parent=158131"}],"wp:term":[{"taxonomy":"category","embeddable":true,"href":"https:\/\/www.europesays.com\/es\/wp-json\/wp\/v2\/categories?post=158131"},{"taxonomy":"post_tag","embeddable":true,"href":"https:\/\/www.europesays.com\/es\/wp-json\/wp\/v2\/tags?post=158131"}],"curies":[{"name":"wp","href":"https:\/\/api.w.org\/{rel}","templated":true}]}}