{"id":158170,"date":"2025-10-05T16:22:08","date_gmt":"2025-10-05T16:22:08","guid":{"rendered":"https:\/\/www.europesays.com\/es\/158170\/"},"modified":"2025-10-05T16:22:08","modified_gmt":"2025-10-05T16:22:08","slug":"son-coches-chinos-con-la-calidad-justa-para-echar-el-dia","status":"publish","type":"post","link":"https:\/\/www.europesays.com\/es\/158170\/","title":{"rendered":"\u201cSon coches chinos, con la calidad justa para echar el d\u00eda\u201d"},"content":{"rendered":"<p>El desguace <strong>Motocoche,<\/strong> situado en Granada, es conocido por publicar en sus cuentas de redes sociales, as\u00ed como en su canal de YouTube, v\u00eddeos sobre los veh\u00edculos que pasan por sus manos, y ahora han dedicado uno al <strong>fabricante chino MG.<\/strong><\/p>\n<p>En \u00e9l afirman que tienen muchos <a href=\"https:\/\/motor.elpais.com\/actualidad\/cuanto-cuesta-el-coche-mas-vendido-de-mg\/\" target=\"_blank\" rel=\"noreferrer noopener nofollow\">MG<\/a> en el desguace, hasta el punto de que les sobran ya que raro es el mes que no les llega alguno. Es algo que consideran que es porque <strong>\u201cson coches chinos, con la calidad justa para echar el d\u00eda\u201d.<\/strong><\/p>\n<p>Sin embargo, afirman que <strong>\u201cdan muy buenos resultados y no se rompen pr\u00e1cticamente\u201d,<\/strong> as\u00ed que la raz\u00f3n por la que tienen tantos es por causa de los accidentes.<\/p>\n","protected":false},"excerpt":{"rendered":"El desguace Motocoche, situado en Granada, es conocido por publicar en sus cuentas de redes sociales, as\u00ed como&hellip;\n","protected":false},"author":2,"featured_media":158171,"comment_status":"","ping_status":"","sticky":false,"template":"","format":"standard","meta":{"footnotes":""},"categories":[80],"tags":[82,29477,45371,95,94,25,24,15860,23,1018,5006],"class_list":{"0":"post-158170","1":"post","2":"type-post","3":"status-publish","4":"format-standard","5":"has-post-thumbnail","7":"category-economia","8":"tag-business","9":"tag-coches-chinos","10":"tag-desguaces","11":"tag-economia","12":"tag-economy","13":"tag-es","14":"tag-espana","15":"tag-mg","16":"tag-spain","17":"tag-videos","18":"tag-youtube"},"share_on_mastodon":{"url":"","error":""},"_links":{"self":[{"href":"https:\/\/www.europesays.com\/es\/wp-json\/wp\/v2\/posts\/158170","targetHints":{"allow":["GET"]}}],"collection":[{"href":"https:\/\/www.europesays.com\/es\/wp-json\/wp\/v2\/posts"}],"about":[{"href":"https:\/\/www.europesays.com\/es\/wp-json\/wp\/v2\/types\/post"}],"author":[{"embeddable":true,"href":"https:\/\/www.europesays.com\/es\/wp-json\/wp\/v2\/users\/2"}],"replies":[{"embeddable":true,"href":"https:\/\/www.europesays.com\/es\/wp-json\/wp\/v2\/comments?post=158170"}],"version-history":[{"count":0,"href":"https:\/\/www.europesays.com\/es\/wp-json\/wp\/v2\/posts\/158170\/revisions"}],"wp:featuredmedia":[{"embeddable":true,"href":"https:\/\/www.europesays.com\/es\/wp-json\/wp\/v2\/media\/158171"}],"wp:attachment":[{"href":"https:\/\/www.europesays.com\/es\/wp-json\/wp\/v2\/media?parent=158170"}],"wp:term":[{"taxonomy":"category","embeddable":true,"href":"https:\/\/www.europesays.com\/es\/wp-json\/wp\/v2\/categories?post=158170"},{"taxonomy":"post_tag","embeddable":true,"href":"https:\/\/www.europesays.com\/es\/wp-json\/wp\/v2\/tags?post=158170"}],"curies":[{"name":"wp","href":"https:\/\/api.w.org\/{rel}","templated":true}]}}