{"id":158177,"date":"2025-10-05T16:26:08","date_gmt":"2025-10-05T16:26:08","guid":{"rendered":"https:\/\/www.europesays.com\/es\/158177\/"},"modified":"2025-10-05T16:26:08","modified_gmt":"2025-10-05T16:26:08","slug":"eva-guerrero-se-corona-como-nueva-dama-de-baza-tras-vencer-en-el-itf-w50-bastetano","status":"publish","type":"post","link":"https:\/\/www.europesays.com\/es\/158177\/","title":{"rendered":"Eva Guerrero se corona como nueva Dama de Baza tras vencer en el ITF W50 bastetano"},"content":{"rendered":"<p class=\"v-mdl-ath__p v-mdl-ath__p--6\">\nDomingo, 5 de octubre 2025, 18:15<\/p>\n<p class=\"v-p\">A las 11.30 horas de la ma\u00f1ana dio comienzo el definitivo partido del Open JCastillo-Occident by Diputaci\u00f3n de Granada, en la Pista Central del Club Cid Hiaya, que proclam\u00f3 campeona a la almeriense Eva Guerrero, tras superar a Marina Bassols en dos sets (7-6 y 7-5). El mayor espect\u00e1culo ten\u00edstico de Andaluc\u00eda culminaba as\u00ed tras una semana de grandes emociones y un sinf\u00edn de partidos que congreg\u00f3, en la gran final, a las dos tenistas m\u00e1s superiores de estos d\u00edas y que mejor se hab\u00edan adaptado al h\u00e1ndicap propio de la altitud de Baza. En el grader\u00edo, alrededor de trescientas personas acudieron a ver el duelo nacional entre las que una vez, en 2018, hicieron t\u00e1ndem en representaci\u00f3n de Espa\u00f1a en los 18\u00ba Juegos del Mediterr\u00e1neo Tarragona.<\/p>\n<p class=\"v-p\">El partido comenz\u00f3 con la t\u00f3nica propia de una final. Primeros puntos de tanteo, midiendo sensaciones y calibrando fuerzas para probar hasta d\u00f3nde pod\u00edan llevarse la una a la otra. Pero, sobre todo, muchos nervios a la hora de servir. El saque, que tanto puede inclinar la balanza hacia un lado, en este caso fue un problema para la que te\u00f3ricamente deb\u00eda llevar la iniciativa. M\u00faltiples errores, dobles faltas y la sensaci\u00f3n de que la victoria iba a irse con la que m\u00e1s temperamento demostrase. Los puntos fueron sucedi\u00e9ndose con la igualdad con la que comenz\u00f3 y el tie-break decidir\u00eda el primer set. Eva no dio opci\u00f3n (7-1 mediante) y se lo apunt\u00f3.<\/p>\n<p class=\"v-p\">El segundo set parec\u00eda que seguir\u00eda el ritmo del anterior, con ninguna de ellas consiguiendo una ventaja clara con la que despegarse y respirar. Sin embargo, Bassols vio dudas enfrente y pis\u00f3 el acelerador. Con 5-4 para ella y servicio a disposici\u00f3n, el v\u00e9rtigo se meti\u00f3 en su cuerpo. Perdi\u00f3 el saque, la fortaleza con la que ven\u00eda peleando desde fondo de pista y Guerrero fue la que vio ahora su oportunidad de llev\u00e1rselo. <\/p>\n<p class=\"v-p\">La almeriense puso la igualdad en el marcador, aprovech\u00f3 la indecisi\u00f3n de la gerundense y enlaz\u00f3 tres juegos seguidos que le hicieron volver a apuntarse el set (7-5).<\/p>\n<p class=\"v-p\">Los miedos, lesiones, incertidumbre e irregularidad que estuvieron limitando a Eva Guerrero todos estos a\u00f1os volvieron a desaparecer. Brill\u00f3 con luz propia y alcanz\u00f3 el cuarto t\u00edtulo de la temporada con este ITF W50 Baza, adem\u00e1s del m\u00e1s importante en su trayectoria profesional. Reafirma por tanto que, de no ser por la irregularidad a la que se ve sometida por culpa de los problemas f\u00edsicos, la andaluza podr\u00eda ocupar una posici\u00f3n mucho m\u00e1s alta de la que tiene.<\/p>\n<p>Balonmano<\/p>\n<p class=\"v-p\">El Balonmano Ciudad de Granada femenino se impuso a domicilio al Miramar Colegio San Francisco de As\u00eds, de Mijas, por 31-20. Se trata de la primera victoria a domicilio y segunda consecutiva en liga para el Balonmano Ciudad de Granada. Las jugadoras de Pablo Pere,a salvo el 1-0 inicial en contra, dominaron el marcador en todo el choque, haciendo un partido muy serio, tanto en ataque como en defensa.<\/p>\n<p class=\"v-p\">El t\u00e9cnico granadino sigue sin poder contar con tres piezas fundamentales para el equipo, como son las capitanas Erika Beltr\u00e1n, Mar\u00eda Fuentes y Carmen Jim\u00e9nez, con problemas tras lesiones que, aunque entraron en la convocatoria, no pudieron participar en el encuentro. Pese a esas circunstancias, jugadoras veteranas como Eva Hern\u00e1ndez, Adriana Jim\u00e9nez y Alejandra Hern\u00e1ndez tiraron de un equipo muy joven, que poco a poco le va cogiendo el aire a la categor\u00eda. Adriana Jim\u00e9nez, con 6 goles, Eva Hern\u00e1ndez con 5 y Marta Maiquez con 4, fueron las jugadoras m\u00e1s destacadas en ataque.<\/p>\n<p class=\"v-p\">La pr\u00f3xima semana habr\u00e1 descanso por el puente y el Balonmano Ciudad de Granada recibir\u00e1 a Ibersur BM Ciudad de Algeciras, invicto como las granadinas, el s\u00e1bado 18 de octubre, a las 17:00 horas, en el Complejo Deportivo Chana. <\/p>\n<p>Reporta un error<\/p>\n","protected":false},"excerpt":{"rendered":"Domingo, 5 de octubre 2025, 18:15 A las 11.30 horas de la ma\u00f1ana dio comienzo el definitivo partido&hellip;\n","protected":false},"author":2,"featured_media":158178,"comment_status":"","ping_status":"","sticky":false,"template":"","format":"standard","meta":{"footnotes":""},"categories":[278],"tags":[376,47142,22483,4182,45654,168,25,24,519,3442,375,6267,795,23,167,575,28388,47141],"class_list":{"0":"post-158177","1":"post","2":"type-post","3":"status-publish","4":"format-standard","5":"has-post-thumbnail","7":"category-balonmano","8":"tag-balonmano","9":"tag-bastetano","10":"tag-baza","11":"tag-corona","12":"tag-dama","13":"tag-deportes","14":"tag-es","15":"tag-espana","16":"tag-eva","17":"tag-guerrero","18":"tag-handball","19":"tag-itf","20":"tag-nueva","21":"tag-spain","22":"tag-sports","23":"tag-tras","24":"tag-vencer","25":"tag-w50"},"share_on_mastodon":{"url":"","error":""},"_links":{"self":[{"href":"https:\/\/www.europesays.com\/es\/wp-json\/wp\/v2\/posts\/158177","targetHints":{"allow":["GET"]}}],"collection":[{"href":"https:\/\/www.europesays.com\/es\/wp-json\/wp\/v2\/posts"}],"about":[{"href":"https:\/\/www.europesays.com\/es\/wp-json\/wp\/v2\/types\/post"}],"author":[{"embeddable":true,"href":"https:\/\/www.europesays.com\/es\/wp-json\/wp\/v2\/users\/2"}],"replies":[{"embeddable":true,"href":"https:\/\/www.europesays.com\/es\/wp-json\/wp\/v2\/comments?post=158177"}],"version-history":[{"count":0,"href":"https:\/\/www.europesays.com\/es\/wp-json\/wp\/v2\/posts\/158177\/revisions"}],"wp:featuredmedia":[{"embeddable":true,"href":"https:\/\/www.europesays.com\/es\/wp-json\/wp\/v2\/media\/158178"}],"wp:attachment":[{"href":"https:\/\/www.europesays.com\/es\/wp-json\/wp\/v2\/media?parent=158177"}],"wp:term":[{"taxonomy":"category","embeddable":true,"href":"https:\/\/www.europesays.com\/es\/wp-json\/wp\/v2\/categories?post=158177"},{"taxonomy":"post_tag","embeddable":true,"href":"https:\/\/www.europesays.com\/es\/wp-json\/wp\/v2\/tags?post=158177"}],"curies":[{"name":"wp","href":"https:\/\/api.w.org\/{rel}","templated":true}]}}