{"id":158197,"date":"2025-10-05T16:46:07","date_gmt":"2025-10-05T16:46:07","guid":{"rendered":"https:\/\/www.europesays.com\/es\/158197\/"},"modified":"2025-10-05T16:46:07","modified_gmt":"2025-10-05T16:46:07","slug":"ultima-hora-sobre-israel-y-gaza-en-directo","status":"publish","type":"post","link":"https:\/\/www.europesays.com\/es\/158197\/","title":{"rendered":"\u00daltima hora sobre Israel y Gaza, en directo"},"content":{"rendered":"<p>        <a class=\"title\" href=\"https:\/\/www.eldiario.es\/internacional\/ultima-hora-israel-gaza-directo_6_12658225_1115899.html\" rel=\"nofollow noopener\" target=\"_blank\"><br \/>\n                        Asens (Comuns) afirma que los activistas espa\u00f1oles de la Flotilla \u00abest\u00e1n bien\u00bb: \u00abEl trato ha sido correcto\u00bb<br \/>\n        <\/a><\/p>\n<p>                <img decoding=\"async\" class=\"lazy\" loading=\"lazy\" data-src=\"https:\/\/static.eldiario.es\/clip\/854bdfab-4444-4696-beb3-4a130307bea8_16-9-aspect-ratio_default_0.jpg\" src=\"data:image\/svg+xml,%3Csvg xmlns=\" http:=\"\" viewbox=\"0 0 16 9\" alt=\"Archivo - La Global Sumud Flotilla vuelve a partir desde el Puerto de Barcelona, a 1 de septiembre de 20256, en Barcelona, Catalunya (Espa\u00f1a).\"\/><\/p>\n<p class=\"article-text\">\n        El eurodiputado de los Comuns y abogado de la Flotilla, Jaume Asens, ha afirmado que todos los activistas espa\u00f1oles que viajaban en la Flotilla \u201cest\u00e1n bien\u201d y que el trato que han recibido \u201cha sido correcto\u201d.\n    <\/p>\n<p class=\"article-text\">\n        \u201cEst\u00e1n incomunicados, pero hemos podido saber que est\u00e1n todos bien, animados y no hay ning\u00fan herido\u201d, ha asegurado. Sin embargo, no ha concretado si ha habido \u201calg\u00fan caso de exceso de fuerza\u201d. \u201cTodav\u00eda no lo sabemos, pero lo que s\u00ed es que en t\u00e9rminos generales el trato ha sido correcto\u201d, ha puntualizado en declaraciones al Canal 24 Horas de RTVE.\n    <\/p>\n<p class=\"article-text\">\n        En este sentido, Asens ha puntualizado que \u201chabr\u00e1 habido situaciones concretas de falta de acceso al agua, de comida, etc\u00e9tera\u201d, pero que estas situaciones se encuentran \u201cdentro de los patrones de funcionamiento normales del Ej\u00e9rcito israel\u00ed\u201d.\n    <\/p>\n<p class=\"article-text\">\n        Ha explicado que a\u00fan se est\u00e1 \u201cconfeccionando\u201d la lista de las <a href=\"https:\/\/www.eldiario.es\/catalunya\/ada-colau-concejal-jordi-coronas-21-miembros-flotilla-detenidos-vuelven-espana_1_12658485.html\" target=\"_blank\" data-mrf-recirculation=\"links-noticia\" class=\"link\" rel=\"nofollow noopener\">21 personas que llegar\u00e1n esta tarde a Madrid<\/a>, que a\u00fan \u201cno es definitiva\u201d, y ha criticado que la comunicaci\u00f3n con los servicios consulares \u201cha dejado mucho que desear\u201d ya que el Ministerio no les han facilitado la lista de los pasajeros que regresan a Espa\u00f1a.\n    <\/p>\n<p class=\"article-text\">\n        \u201cLas familias est\u00e1n angustiadas, se han enterado de la noticia a trav\u00e9s de la televisi\u00f3n. Habr\u00eda sido deseable que hubieran llamado primero a las familias antes de informar a los medios de comunicaci\u00f3n\u201d, ha se\u00f1alado.\n    <\/p>\n<p class=\"article-text\">\n        Con informaci\u00f3n de <strong>Europa Press<\/strong>\n    <\/p>\n<p class=\"article-text article-text--read-more\">\n                <a class=\"read-more\" href=\"https:\/\/www.eldiario.es\/catalunya\/ada-colau-concejal-jordi-coronas-21-miembros-flotilla-detenidos-vuelven-espana_1_12658485.html\" rel=\"nofollow noopener\" target=\"_blank\">Ada Colau y el concejal Jordi Coronas, entre los 21 miembros de la Flotilla detenidos que vuelven a Espa\u00f1a<\/a>\n            <\/p>\n","protected":false},"excerpt":{"rendered":"Asens (Comuns) afirma que los activistas espa\u00f1oles de la Flotilla \u00abest\u00e1n bien\u00bb: \u00abEl trato ha sido correcto\u00bb El&hellip;\n","protected":false},"author":2,"featured_media":158198,"comment_status":"","ping_status":"","sticky":false,"template":"","format":"standard","meta":{"footnotes":""},"categories":[42],"tags":[17,18,2125,13,14,694,11,1458,61,62,63,64,74,19,20,9,10,15,16,12,1885,21,22,65,66,67],"class_list":{"0":"post-158197","1":"post","2":"type-post","3":"status-publish","4":"format-standard","5":"has-post-thumbnail","7":"category-internacional","8":"tag-breaking-news","9":"tag-breakingnews","10":"tag-directo","11":"tag-featured-news","12":"tag-featurednews","13":"tag-gaza","14":"tag-headlines","15":"tag-hora","16":"tag-internacional","17":"tag-international","18":"tag-international-news","19":"tag-internationalnews","20":"tag-israel","21":"tag-latest-news","22":"tag-latestnews","23":"tag-news","24":"tag-noticias","25":"tag-noticias-destacadas","26":"tag-noticiasdestacadas","27":"tag-titulares","28":"tag-ultima","29":"tag-ultimas-noticias","30":"tag-ultimasnoticias","31":"tag-world","32":"tag-world-news","33":"tag-worldnews"},"share_on_mastodon":{"url":"","error":""},"_links":{"self":[{"href":"https:\/\/www.europesays.com\/es\/wp-json\/wp\/v2\/posts\/158197","targetHints":{"allow":["GET"]}}],"collection":[{"href":"https:\/\/www.europesays.com\/es\/wp-json\/wp\/v2\/posts"}],"about":[{"href":"https:\/\/www.europesays.com\/es\/wp-json\/wp\/v2\/types\/post"}],"author":[{"embeddable":true,"href":"https:\/\/www.europesays.com\/es\/wp-json\/wp\/v2\/users\/2"}],"replies":[{"embeddable":true,"href":"https:\/\/www.europesays.com\/es\/wp-json\/wp\/v2\/comments?post=158197"}],"version-history":[{"count":0,"href":"https:\/\/www.europesays.com\/es\/wp-json\/wp\/v2\/posts\/158197\/revisions"}],"wp:featuredmedia":[{"embeddable":true,"href":"https:\/\/www.europesays.com\/es\/wp-json\/wp\/v2\/media\/158198"}],"wp:attachment":[{"href":"https:\/\/www.europesays.com\/es\/wp-json\/wp\/v2\/media?parent=158197"}],"wp:term":[{"taxonomy":"category","embeddable":true,"href":"https:\/\/www.europesays.com\/es\/wp-json\/wp\/v2\/categories?post=158197"},{"taxonomy":"post_tag","embeddable":true,"href":"https:\/\/www.europesays.com\/es\/wp-json\/wp\/v2\/tags?post=158197"}],"curies":[{"name":"wp","href":"https:\/\/api.w.org\/{rel}","templated":true}]}}