{"id":158215,"date":"2025-10-05T17:06:12","date_gmt":"2025-10-05T17:06:12","guid":{"rendered":"https:\/\/www.europesays.com\/es\/158215\/"},"modified":"2025-10-05T17:06:12","modified_gmt":"2025-10-05T17:06:12","slug":"meghan-markle-reaparece-por-sorpresa-en-el-desfile-de-balenciaga-su-primera-vez-en-la-semana-de-la-moda-de-paris-en-una-decada","status":"publish","type":"post","link":"https:\/\/www.europesays.com\/es\/158215\/","title":{"rendered":"Meghan Markle reaparece por sorpresa en el desfile de Balenciaga: su primera vez en la Semana de la Moda de Par\u00eds en una d\u00e9cada"},"content":{"rendered":"<p><a href=\"https:\/\/www.revistavanityfair.es\/tags\/meghan-markle\" isautogenerated=\"true\" rel=\"nofollow noopener\" target=\"_blank\"><strong>Meghan Markle<\/strong><\/a> sorprendi\u00f3 a los asistentes a la <a href=\"https:\/\/www.revistavanityfair.es\/tags\/paris-fashion-week\" rel=\"nofollow noopener\" target=\"_blank\">Semana de la Moda de Par\u00eds<\/a> el s\u00e1bado, tomando asiento en el desfile de debut del nuevo director creativo de <a href=\"https:\/\/www.revistavanityfair.es\/tags\/balenciaga\" isautogenerated=\"true\" rel=\"nofollow noopener\" target=\"_blank\">Balenciaga<\/a> <strong>, <a href=\"https:\/\/www.revistavanityfair.es\/articulos\/pierpaolo-piccioli-balenciaga-que-esperamos\" rel=\"nofollow noopener\" target=\"_blank\">Pierpaolo Piccioli<\/a><\/strong><a href=\"https:\/\/www.revistavanityfair.es\/articulos\/pierpaolo-piccioli-balenciaga-que-esperamos\" rel=\"nofollow noopener\" target=\"_blank\">.<\/a> <strong>Es la primera vez que se ve a la duquesa de Sussex en <a href=\"https:\/\/www.revistavanityfair.es\/tags\/europa\" isautogenerated=\"true\" rel=\"nofollow noopener\" target=\"_blank\">Europa<\/a> desde 2022, y la primera que hace acto de presencia en el evento de moda franc\u00e9s en m\u00e1s de una d\u00e9cada.<\/strong><\/p>\n<p>Markle lleg\u00f3 justo cuando se apagaban las luces y comenzaba el espect\u00e1culo.<\/p>\n<p>Un portavoz confirm\u00f3 su asistencia a Vanity Fair a trav\u00e9s de correo electr\u00f3nico: \u201cMeghan, duquesa de Sussex asisti\u00f3 al desfile de Balenciaga en Par\u00eds el s\u00e1bado por la noche en apoyo de Pierpaolo Piccioli, que recientemente asumi\u00f3 el papel de director creativo de la Casa. Es la primera vez que acude a los desfiles en m\u00e1s de una d\u00e9cada\u201d.<\/p>\n<p><img decoding=\"async\" alt=\"Meghan Markle vuelve a Par\u00eds tras ms de una dcada sin pisar un desfile.\" loading=\"lazy\" class=\"ResponsiveImageContainer-eNxvmU cfBbTk responsive-image__image\"   src=\"https:\/\/www.europesays.com\/es\/wp-content\/uploads\/2025\/10\/GettyImages-2239246185.jpg\"\/><\/p>\n<p>Meghan Markle vuelve a Par\u00eds tras m\u00e1s de una d\u00e9cada sin pisar un desfile.<\/p>\n<p>Arnold Jerocki\/Getty Images<\/p>\n<p>\u201cA lo largo de los a\u00f1os, la duquesa ha lucido varios dise\u00f1os de Pierpaolo. Han trabajado en estrecha colaboraci\u00f3n en el dise\u00f1o de momentos clave de la escena mundial. Desde hace tiempo admira su artesan\u00eda y su elegancia moderna, y esta noche no ha sido diferente\u201d.<\/p>\n<p>\u00abEsta noche refleja la culminaci\u00f3n de muchos a\u00f1os de arte y amistad, que se refleja en su apoyo a su nuevo cap\u00edtulo creativo en Balenciaga\u00bb.<\/p>\n<p>Markle avanz\u00f3 su reaparici\u00f3n en sus stories de <a href=\"https:\/\/www.revistavanityfair.es\/tags\/instagram\" isautogenerated=\"true\" rel=\"nofollow noopener\" target=\"_blank\">Instagram<\/a>, <a data-offer-url=\"https:\/\/www.instagram.com\/stories\/meghan\/3736127262988066017\/?hl=en\" class=\"external-link\" data-event-click=\"{&quot;element&quot;:&quot;ExternalLink&quot;,&quot;outgoingURL&quot;:&quot;https:\/\/www.instagram.com\/stories\/meghan\/3736127262988066017\/?hl=en&quot;}\" href=\"https:\/\/www.instagram.com\/stories\/meghan\/3736127262988066017\/?hl=en\" rel=\"nofollow noopener\" target=\"_blank\">publicando un video<\/a> de ella misma con un conjunto de camisa y pantal\u00f3n blanco y zapatos de tac\u00f3n negros momentos antes de que comenzara el desfile. Las fotos tomadas <a data-offer-url=\"https:\/\/people.com\/meghan-markle-makes-paris-fashion-week-debut-11823932\" class=\"external-link\" data-event-click=\"{&quot;element&quot;:&quot;ExternalLink&quot;,&quot;outgoingURL&quot;:&quot;https:\/\/people.com\/meghan-markle-makes-paris-fashion-week-debut-11823932&quot;}\" href=\"https:\/\/people.com\/meghan-markle-makes-paris-fashion-week-debut-11823932\" rel=\"nofollow noopener\" target=\"_blank\">en el lugar<\/a> revelan el look fluido de Meghan Markle, acentuado por un gran chal blanco. Para la cena posterior al desfile, visti\u00f3 de negro con un traje con capa que cubr\u00eda uno de sus hombros.<\/p>\n<p><script async src=\"\/\/www.instagram.com\/embed.js\"><\/script><\/p>\n","protected":false},"excerpt":{"rendered":"Meghan Markle sorprendi\u00f3 a los asistentes a la Semana de la Moda de Par\u00eds el s\u00e1bado, tomando asiento&hellip;\n","protected":false},"author":2,"featured_media":158216,"comment_status":"","ping_status":"","sticky":false,"template":"","format":"standard","meta":{"footnotes":""},"categories":[91],"tags":[42516,146,147,25,24,5868,3066,22110,35412,23],"class_list":{"0":"post-158215","1":"post","2":"type-post","3":"status-publish","4":"format-standard","5":"has-post-thumbnail","7":"category-entretenimiento","8":"tag-balenciaga","9":"tag-entertainment","10":"tag-entretenimiento","11":"tag-es","12":"tag-espana","13":"tag-familia-real-britanica","14":"tag-meghan-markle","15":"tag-paris-fashion-week","16":"tag-principe-harry","17":"tag-spain"},"share_on_mastodon":{"url":"","error":""},"_links":{"self":[{"href":"https:\/\/www.europesays.com\/es\/wp-json\/wp\/v2\/posts\/158215","targetHints":{"allow":["GET"]}}],"collection":[{"href":"https:\/\/www.europesays.com\/es\/wp-json\/wp\/v2\/posts"}],"about":[{"href":"https:\/\/www.europesays.com\/es\/wp-json\/wp\/v2\/types\/post"}],"author":[{"embeddable":true,"href":"https:\/\/www.europesays.com\/es\/wp-json\/wp\/v2\/users\/2"}],"replies":[{"embeddable":true,"href":"https:\/\/www.europesays.com\/es\/wp-json\/wp\/v2\/comments?post=158215"}],"version-history":[{"count":0,"href":"https:\/\/www.europesays.com\/es\/wp-json\/wp\/v2\/posts\/158215\/revisions"}],"wp:featuredmedia":[{"embeddable":true,"href":"https:\/\/www.europesays.com\/es\/wp-json\/wp\/v2\/media\/158216"}],"wp:attachment":[{"href":"https:\/\/www.europesays.com\/es\/wp-json\/wp\/v2\/media?parent=158215"}],"wp:term":[{"taxonomy":"category","embeddable":true,"href":"https:\/\/www.europesays.com\/es\/wp-json\/wp\/v2\/categories?post=158215"},{"taxonomy":"post_tag","embeddable":true,"href":"https:\/\/www.europesays.com\/es\/wp-json\/wp\/v2\/tags?post=158215"}],"curies":[{"name":"wp","href":"https:\/\/api.w.org\/{rel}","templated":true}]}}