{"id":158219,"date":"2025-10-05T17:08:21","date_gmt":"2025-10-05T17:08:21","guid":{"rendered":"https:\/\/www.europesays.com\/es\/158219\/"},"modified":"2025-10-05T17:08:21","modified_gmt":"2025-10-05T17:08:21","slug":"camperos-malaga-asi-es-el-unico-bar-de-malaga-con-camperos-las-24-horas-con-mas-de-30-anos-de-historia-y-500-servicios-al-dia","status":"publish","type":"post","link":"https:\/\/www.europesays.com\/es\/158219\/","title":{"rendered":"CAMPEROS M\u00c1LAGA | As\u00ed es el \u00fanico bar de M\u00e1laga con camperos las 24 horas: con m\u00e1s de 30 a\u00f1os de historia y 500 servicios al d\u00eda"},"content":{"rendered":"<p class=\"ft-text\">Si un plato simboliza a la perfecci\u00f3n la tradici\u00f3n de la cocina malague\u00f1a son sus camperos, convertidos en se\u00f1a de identidad de la provincia por el mundo entero gracias a sus ingredientes de calidad, su contundente tama\u00f1o y su reducido precio. Y entre las decenas de negocios que ofrecen este exquisito bocado,<strong> <\/strong><a class=\"ft-link ft-link--decoration\" href=\"https:\/\/www.laopiniondemalaga.es\/malaga\/2025\/09\/30\/restaurante-malaga-sirve-camperos-medio-kilo-hechos-horno-base-pizza-mas-autenticos-dv-122117342.html\" target=\"_blank\" rel=\"nofollow noopener\"><strong>destaca uno por servir medio millar de camperos<\/strong><\/a><strong> cada d\u00eda durante toda la noche<\/strong> y, desde mediados de este mes, las <strong>24 horas del d\u00eda.<\/strong><\/p>\n<p class=\"ft-text\">Este negocio qu<strong>e suma m\u00e1s de 30 a\u00f1os de historia es &#8216;Bocatas Hidalgo&#8217;,<\/strong> un reconocido establecimiento situado en <a class=\"ft-link ft-link--decoration\" href=\"https:\/\/www.laopiniondemalaga.es\/tags\/carretera-de-cadiz\/\" target=\"_blank\" rel=\"nofollow noopener\">Carretera de C\u00e1diz<\/a> presentado como el \u00ab\u00fanico sitio de camperos y bocatas de toda <a class=\"ft-link ft-link--decoration\" href=\"https:\/\/www.laopiniondemalaga.es\/malaga\/\" target=\"_blank\" rel=\"nofollow noopener\">M\u00e1laga<\/a> que abre las 24 horas\u00bb, gesta que ya prepara y anuncia, y que entrar\u00e1 en vigor en las pr\u00f3ximas semanas.<\/p>\n<p>Este negocio de camperos de M\u00e1laga permanece abierto toda la noche<\/p>\n<p class=\"ft-text\">Mientras tanto, se ha <a class=\"ft-link ft-link--decoration\" href=\"https:\/\/www.laopiniondemalaga.es\/unicaja\/2025\/09\/29\/kendrick-perry-jugador-unicaja-revela-mejor-forma-hacer-campero-malagueno-un-cocinillas-malaga-dv-122068553.html\" target=\"_blank\" rel=\"nofollow noopener\">posicionado como uno de los locales favoritos <\/a>de los amantes de este emblem\u00e1tico bocado al menor precio y, sobre todo, de quienes desean reponer fuerzas de madrugada tras una larga jornada de trabajo o fiesta gracias<strong> a su horario de 21.00 a 5.00 horas de domingo a jueves y de 21.00 a 6.00 horas viernes y s\u00e1bado.<\/strong><\/p>\n<p class=\"ft-text\"><strong>\u00abEst\u00e1n buen\u00edsimos\u00bb, <\/strong>se\u00f1alan sus propios clientes, que aseguran que \u00abson bien grandes y bien cargaditos\u00bb, lo que ha llevado a que realicen unos 500 servicios cada d\u00eda.<\/p>\n<p>Camperos desde 4,50 euros en este negocio de M\u00e1laga<\/p>\n<p class=\"ft-text\"><a class=\"ft-link ft-link--decoration\" href=\"https:\/\/www.laopiniondemalaga.es\/malaga\/2025\/07\/08\/origen-camperos-malaga-nacieron-anos-80-salida-cine-reconocidos-dv-119478966.html\" target=\"_blank\" rel=\"nofollow noopener\"><strong>Unos camperos que se pueden degustar <\/strong><\/a><strong>desde 4,50 euros solos, o acompa\u00f1ado de bebida y complemento desde 7 euros. <\/strong>Entre la amplia carta con la que cuenta el local se encuentra su campero &#8216;Hidalgo&#8217;, con queso, tortilla, pimiento, pollo, bacon, lechuga y mayonesa; el &#8216;Mol\u00f3n&#8217; con queso, lechuga, lomo adobado, pimiento, tortilla francesa, at\u00fan, salsa curry y pique; as\u00ed como el de kebab, tortilla de patatas o carne mech\u00e1, entre otros.<\/p>\n<p class=\"ft-text\">Pero <a class=\"ft-link ft-link--decoration\" href=\"https:\/\/www.laopiniondemalaga.es\/malaga\/2025\/06\/24\/bar-diez-minutos-centro-camperos-mas-grandes-toda-malaga-reto-de-comida-dv-119004557.html\" target=\"_blank\" rel=\"nofollow noopener\">este negocio no solo ofrece camperos<\/a>, sino que<strong> cuenta con gran variedad de bocadillos desde 4,50 euros solos y desde 6 euros con men\u00fa,<\/strong> como el de jam\u00f3n cocido, tortilla de patatas, mixto, vegetal, bacon, at\u00fan y carne mech\u00e1. A esto se suman sus hamburguesas desde 4,50 euros y los entrantes desde 3,50, que se pueden disfrutar de lunes a domingo en carretera Carril del Conde n\u00famero 2, en Carretera de C\u00e1diz.<\/p>\n","protected":false},"excerpt":{"rendered":"Si un plato simboliza a la perfecci\u00f3n la tradici\u00f3n de la cocina malague\u00f1a son sus camperos, convertidos en&hellip;\n","protected":false},"author":2,"featured_media":158220,"comment_status":"","ping_status":"","sticky":false,"template":"","format":"standard","meta":{"footnotes":""},"categories":[80],"tags":[9546,1881,4985,988,6172,47149,82,47148,47150,47152,978,4482,95,94,25,24,47151,4475,1976,448,297,3855,1179,4113,23,8595,1900],"class_list":{"0":"post-158219","1":"post","2":"type-post","3":"status-publish","4":"format-standard","5":"has-post-thumbnail","7":"category-economia","8":"tag-9546","9":"tag-1881","10":"tag-4985","11":"tag-anos","12":"tag-bar","13":"tag-bocatas","14":"tag-business","15":"tag-camperos","16":"tag-carretera-de-cadiz","17":"tag-cocina-malaguena","18":"tag-dia","19":"tag-dv","20":"tag-economia","21":"tag-economy","22":"tag-es","23":"tag-espana","24":"tag-experiencia-gastronomica","25":"tag-gastronomia","26":"tag-hidalgo","27":"tag-historia","28":"tag-horas","29":"tag-malaga","30":"tag-mas","31":"tag-servicios","32":"tag-spain","33":"tag-tradicion","34":"tag-unico"},"share_on_mastodon":{"url":"","error":""},"_links":{"self":[{"href":"https:\/\/www.europesays.com\/es\/wp-json\/wp\/v2\/posts\/158219","targetHints":{"allow":["GET"]}}],"collection":[{"href":"https:\/\/www.europesays.com\/es\/wp-json\/wp\/v2\/posts"}],"about":[{"href":"https:\/\/www.europesays.com\/es\/wp-json\/wp\/v2\/types\/post"}],"author":[{"embeddable":true,"href":"https:\/\/www.europesays.com\/es\/wp-json\/wp\/v2\/users\/2"}],"replies":[{"embeddable":true,"href":"https:\/\/www.europesays.com\/es\/wp-json\/wp\/v2\/comments?post=158219"}],"version-history":[{"count":0,"href":"https:\/\/www.europesays.com\/es\/wp-json\/wp\/v2\/posts\/158219\/revisions"}],"wp:featuredmedia":[{"embeddable":true,"href":"https:\/\/www.europesays.com\/es\/wp-json\/wp\/v2\/media\/158220"}],"wp:attachment":[{"href":"https:\/\/www.europesays.com\/es\/wp-json\/wp\/v2\/media?parent=158219"}],"wp:term":[{"taxonomy":"category","embeddable":true,"href":"https:\/\/www.europesays.com\/es\/wp-json\/wp\/v2\/categories?post=158219"},{"taxonomy":"post_tag","embeddable":true,"href":"https:\/\/www.europesays.com\/es\/wp-json\/wp\/v2\/tags?post=158219"}],"curies":[{"name":"wp","href":"https:\/\/api.w.org\/{rel}","templated":true}]}}