{"id":158225,"date":"2025-10-05T17:11:06","date_gmt":"2025-10-05T17:11:06","guid":{"rendered":"https:\/\/www.europesays.com\/es\/158225\/"},"modified":"2025-10-05T17:11:06","modified_gmt":"2025-10-05T17:11:06","slug":"ana-carballo-y-louis-vitiello-ganan-la-copa-de-europa-de-triatlon-ceuta-2025-fetri","status":"publish","type":"post","link":"https:\/\/www.europesays.com\/es\/158225\/","title":{"rendered":"Ana Carballo y Louis Vitiello ganan la Copa de Europa de Triatl\u00f3n Ceuta 2025 \u00bb FETRI"},"content":{"rendered":"<p class=\"tag-text mb-4 border-left p-2\">2 personas han visto esta noticia.<\/p>\n<p class=\"tag-text\">CRO\u0301NICA<\/p>\n<p>FETRICeuta<\/p>\n<p class=\"small\"> Internacional &#8211; 05 OCTUBRE 2025<\/p>\n<p>Ana Carballo inaugur\u00f3 el palmar\u00e9s espa\u00f1ol en la Copa de Europa de Triatl\u00f3n de Ceuta, que celebraba en 2025 la Copa de Europa de Triatl\u00f3n. La espa\u00f1ola logr\u00f3 una disputada victoria en una carrera con gran protagonismo de las deportistas de la Federaci\u00f3n Espa\u00f1ola de Triatl\u00f3n, que a punto estuvo de repetirse en la categor\u00eda masculina. El franc\u00e9s Louis Vitiello impidi\u00f3 el doblete espa\u00f1ol ganando a Vicente Hern\u00e1ndez y Eloy Canales, que lograron la tercera y cuarta medallas nacionales en la cita tras el oro de Carballo y el bronce de Natalia Castro. Las clasificaciones de la Copa de Europa de Triatl\u00f3n se pueden consultar <a href=\"https:\/\/triathlon.org\/events\/2025-europe-triathlon-cup-ceuta\/results\" rel=\"nofollow noopener\" target=\"_blank\">aqu\u00ed<\/a>.<\/p>\n<p>Ana Carballo se impon\u00eda en la Copa de Europa de Triatl\u00f3n femenina de Ceuta con un tiempo de 1:02:07, por delante de la italiana Asia Mercatelli, con un registro de 1:02:14; y de la tambi\u00e9n espa\u00f1ola Natalia Castro, en 1:17:22. Marina Mu\u00f1oz firmaba la cuarta posici\u00f3n para Espa\u00f1a, seguida de la brit\u00e1nica Jasmine Cooper.<\/p>\n<p><img fetchpriority=\"high\" decoding=\"async\" class=\"aligncenter size-large wp-image-61144\" src=\"https:\/\/www.europesays.com\/es\/wp-content\/uploads\/2025\/10\/Louis-Vitiello-meta-FETRICeuta-1024x684.jpg\" alt=\"\" width=\"1024\" height=\"684\"  \/><\/p>\n<p>En la categor\u00eda masculina el franc\u00e9s Louis Vitiello sentenciaba en la carrera a pie ganando con un tiempo de 54:09, 18 segundos m\u00e1s r\u00e1pido que Vicente Hern\u00e1ndez, plata con 54:27; y con algo m\u00e1s de diferencia sobre Eloy Canales, que lograba el bronce con un registro de 54:38. El tambi\u00e9n espa\u00f1ol Pau Noguera lograba la cuarta posici\u00f3n, seguido por el franc\u00e9s Theotime Lawson.<\/p>\n<p><strong>Claudia Casanova y Vilal Ahmed, campeones de Ceuta<\/strong><\/p>\n<p>La jornada de la Copa de Europa de Triatl\u00f3n Ceuta 2025 se abr\u00eda con el XXXI Triatl\u00f3n Ciudad de Ceuta, campeonato auton\u00f3mico y prueba de ranking nacional. Claudia Casanova lograba el t\u00edtulo femenino de la Ciudad imponi\u00e9ndose a Natalia Moro y Nerea Calle; mientras que en la categor\u00eda masculina la victoria era para Vilal Ahmed, por delante de Javier Tinoco y Carlos Mart\u00ednez.<\/p>\n<p><a href=\"https:\/\/triatlon.org\" class=\"badge badge-tag default-bg\" rel=\"nofollow noopener\" target=\"_blank\">Ceuta<\/a><a href=\"https:\/\/triatlon.org\" class=\"badge badge-tag default-bg\" rel=\"nofollow noopener\" target=\"_blank\">Copa de Europa<\/a><a href=\"https:\/\/triatlon.org\" class=\"badge badge-tag default-bg\" rel=\"nofollow noopener\" target=\"_blank\">FETRICeuta<\/a><a href=\"https:\/\/triatlon.org\" class=\"badge badge-tag default-bg\" rel=\"nofollow noopener\" target=\"_blank\">SomosTriatlon<\/a><a href=\"https:\/\/triatlon.org\" class=\"badge badge-tag default-bg\" rel=\"nofollow noopener\" target=\"_blank\">Triatl\u00f3n<\/a><\/p>\n","protected":false},"excerpt":{"rendered":"2 personas han visto esta noticia. CRO\u0301NICA FETRICeuta Internacional &#8211; 05 OCTUBRE 2025 Ana Carballo inaugur\u00f3 el palmar\u00e9s&hellip;\n","protected":false},"author":2,"featured_media":158226,"comment_status":"","ping_status":"","sticky":false,"template":"","format":"standard","meta":{"footnotes":""},"categories":[5],"tags":[17,18,25,24,13,14,11,19,20,9,10,15,16,23,12,21,22],"class_list":{"0":"post-158225","1":"post","2":"type-post","3":"status-publish","4":"format-standard","5":"has-post-thumbnail","7":"category-titulares","8":"tag-breaking-news","9":"tag-breakingnews","10":"tag-es","11":"tag-espana","12":"tag-featured-news","13":"tag-featurednews","14":"tag-headlines","15":"tag-latest-news","16":"tag-latestnews","17":"tag-news","18":"tag-noticias","19":"tag-noticias-destacadas","20":"tag-noticiasdestacadas","21":"tag-spain","22":"tag-titulares","23":"tag-ultimas-noticias","24":"tag-ultimasnoticias"},"share_on_mastodon":{"url":"","error":""},"_links":{"self":[{"href":"https:\/\/www.europesays.com\/es\/wp-json\/wp\/v2\/posts\/158225","targetHints":{"allow":["GET"]}}],"collection":[{"href":"https:\/\/www.europesays.com\/es\/wp-json\/wp\/v2\/posts"}],"about":[{"href":"https:\/\/www.europesays.com\/es\/wp-json\/wp\/v2\/types\/post"}],"author":[{"embeddable":true,"href":"https:\/\/www.europesays.com\/es\/wp-json\/wp\/v2\/users\/2"}],"replies":[{"embeddable":true,"href":"https:\/\/www.europesays.com\/es\/wp-json\/wp\/v2\/comments?post=158225"}],"version-history":[{"count":0,"href":"https:\/\/www.europesays.com\/es\/wp-json\/wp\/v2\/posts\/158225\/revisions"}],"wp:featuredmedia":[{"embeddable":true,"href":"https:\/\/www.europesays.com\/es\/wp-json\/wp\/v2\/media\/158226"}],"wp:attachment":[{"href":"https:\/\/www.europesays.com\/es\/wp-json\/wp\/v2\/media?parent=158225"}],"wp:term":[{"taxonomy":"category","embeddable":true,"href":"https:\/\/www.europesays.com\/es\/wp-json\/wp\/v2\/categories?post=158225"},{"taxonomy":"post_tag","embeddable":true,"href":"https:\/\/www.europesays.com\/es\/wp-json\/wp\/v2\/tags?post=158225"}],"curies":[{"name":"wp","href":"https:\/\/api.w.org\/{rel}","templated":true}]}}