{"id":158229,"date":"2025-10-05T17:13:07","date_gmt":"2025-10-05T17:13:07","guid":{"rendered":"https:\/\/www.europesays.com\/es\/158229\/"},"modified":"2025-10-05T17:13:07","modified_gmt":"2025-10-05T17:13:07","slug":"alejandro-mora-por-encima-del-desfondado-segundo-en-las-rozas","status":"publish","type":"post","link":"https:\/\/www.europesays.com\/es\/158229\/","title":{"rendered":"Alejandro Mora, por encima del desfondado segundo en Las Rozas"},"content":{"rendered":"<p>Bien presentado Morito, al que Clemente salud\u00f3 genuflexo, rodilla en tierra en el tercio, hasta ir ganando terreno hacia el centro. Pronto, sin embargo, el toro dej\u00f3 ver sus escasas fuerzas en el \u00fanico encuentro, breve, con el caballo. Tras banderillas, el presidente orden\u00f3 su devoluci\u00f3n y en su lugar sali\u00f3 Botijero, de Yerbabuena. El sobrero no se defini\u00f3 en el capote y tom\u00f3 un puyazo breve, pero sus condiciones resultaron tanto o m\u00e1s endebles que las de Morito. Las ca\u00eddas fueron constantes, imposibilitando el lucimiento. Clemente lo intent\u00f3, con voluntad y oficio, pero sin fortuna posible. Eso s\u00ed, la estocada fue recia y efectiva, y el toro cay\u00f3 pronto. Silencio para el matador y pitos para el toro.<\/p>\n<p>Correcto de presencia el segundo, de Brazuelas, que tampoco andaba sobrado de fuerzas, aunque aguant\u00f3 el recibo de Alejandro Mora con el percal y un paso por el caballo de tr\u00e1mite. Sin m\u00e1s pre\u00e1mbulos, Mora se fue al centro del ruedo y cit\u00f3 al natural, sin exigir de m\u00e1s a la embestida.\u00a0Las ganas del torero y el poco fondo del astado se cruzaron en una faena sostenida a base de voluntad, con algunos momentos logrados por el lado derecho. Puso todo de su parte el matador, pero el acero termin\u00f3 por malograr la obra: solo al tercer intento entr\u00f3 la espada.<\/p>\n<p><strong>Las Rozas.<\/strong> Domingo, 5 de octubre de 2025. Toros de <strong>Brazuelas<\/strong>. <strong>Clemente<\/strong>, silencio; <strong>Alejandro Mora<\/strong>, silencio; y <strong>\u00c1lvaro Burdiel<\/strong>,. <strong>Entrada<\/strong>: Un tercio.<\/p>\n","protected":false},"excerpt":{"rendered":"Bien presentado Morito, al que Clemente salud\u00f3 genuflexo, rodilla en tierra en el tercio, hasta ir ganando terreno&hellip;\n","protected":false},"author":2,"featured_media":158230,"comment_status":"","ping_status":"","sticky":false,"template":"","format":"standard","meta":{"footnotes":""},"categories":[277],"tags":[373,168,25,24,46904,23,167,374,444],"class_list":{"0":"post-158229","1":"post","2":"type-post","3":"status-publish","4":"format-standard","5":"has-post-thumbnail","7":"category-toreo","8":"tag-bullfighting","9":"tag-deportes","10":"tag-es","11":"tag-espana","12":"tag-las-rozas","13":"tag-spain","14":"tag-sports","15":"tag-toreo","16":"tag-toros"},"share_on_mastodon":{"url":"","error":""},"_links":{"self":[{"href":"https:\/\/www.europesays.com\/es\/wp-json\/wp\/v2\/posts\/158229","targetHints":{"allow":["GET"]}}],"collection":[{"href":"https:\/\/www.europesays.com\/es\/wp-json\/wp\/v2\/posts"}],"about":[{"href":"https:\/\/www.europesays.com\/es\/wp-json\/wp\/v2\/types\/post"}],"author":[{"embeddable":true,"href":"https:\/\/www.europesays.com\/es\/wp-json\/wp\/v2\/users\/2"}],"replies":[{"embeddable":true,"href":"https:\/\/www.europesays.com\/es\/wp-json\/wp\/v2\/comments?post=158229"}],"version-history":[{"count":0,"href":"https:\/\/www.europesays.com\/es\/wp-json\/wp\/v2\/posts\/158229\/revisions"}],"wp:featuredmedia":[{"embeddable":true,"href":"https:\/\/www.europesays.com\/es\/wp-json\/wp\/v2\/media\/158230"}],"wp:attachment":[{"href":"https:\/\/www.europesays.com\/es\/wp-json\/wp\/v2\/media?parent=158229"}],"wp:term":[{"taxonomy":"category","embeddable":true,"href":"https:\/\/www.europesays.com\/es\/wp-json\/wp\/v2\/categories?post=158229"},{"taxonomy":"post_tag","embeddable":true,"href":"https:\/\/www.europesays.com\/es\/wp-json\/wp\/v2\/tags?post=158229"}],"curies":[{"name":"wp","href":"https:\/\/api.w.org\/{rel}","templated":true}]}}