{"id":158257,"date":"2025-10-05T17:43:14","date_gmt":"2025-10-05T17:43:14","guid":{"rendered":"https:\/\/www.europesays.com\/es\/158257\/"},"modified":"2025-10-05T17:43:14","modified_gmt":"2025-10-05T17:43:14","slug":"solomon-baja-ante-la-juve-por-la-festividad-judia-del-yom-kipur","status":"publish","type":"post","link":"https:\/\/www.europesays.com\/es\/158257\/","title":{"rendered":"Solomon baja ante la Juve por la festividad jud\u00eda del Yom Kipur"},"content":{"rendered":"<p class=\"ft-text ft-helper-closenews\">Nueva baja para el <a class=\"ft-link ft-link--decoration\" href=\"https:\/\/www.elperiodicomediterraneo.com\/villarrealcf\/\" target=\"_blank\" rel=\"nofollow noopener\">Villarreal CF<\/a> en estreno de la <a class=\"ft-link ft-link--decoration\" href=\"https:\/\/www.elperiodicomediterraneo.com\/tags\/champions-league\/\" target=\"_blank\" rel=\"nofollow noopener\">Champions League<\/a> como local. El futbolista <a class=\"ft-link ft-link--decoration\" href=\"https:\/\/www.elperiodicomediterraneo.com\/tags\/israel\/\" target=\"_blank\" rel=\"nofollow noopener\">israel<\/a>\u00ed del Villarreal <a class=\"ft-link ft-link--decoration\" href=\"https:\/\/www.elperiodicomediterraneo.com\/tags\/manor-solomon\/\" target=\"_blank\" rel=\"nofollow noopener\">Manor Solomon<\/a> ha anunciado este martes su ausencia, <strong>debido a la festividad jud\u00eda del Yom Kipur,<\/strong> para el partido de la <a class=\"ft-link ft-link--decoration\" href=\"https:\/\/www.elperiodicomediterraneo.com\/tags\/laliga\/\" target=\"_blank\" rel=\"nofollow noopener\">Liga<\/a> <a class=\"ft-link ft-link--decoration\" href=\"https:\/\/www.elperiodicomediterraneo.com\/tags\/champions-league\/\" rel=\"nofollow noopener\" target=\"_blank\">de Campeones<\/a> que esta noche disputa su equipo ante la <strong>Juventus de Tur\u00edn<\/strong> en el <a class=\"ft-link ft-link--decoration\" href=\"https:\/\/www.elperiodicomediterraneo.com\/tags\/estadio-de-la-ceramica\/\" target=\"_blank\" rel=\"nofollow noopener\">Estadio de La Cer\u00e1mica<\/a>.<\/p>\n<p class=\"ft-text\">El futbolista ha comunicado en sus <a class=\"ft-link ft-link--decoration\" href=\"https:\/\/www.elperiodicomediterraneo.com\/tags\/redes-sociales\/\" target=\"_blank\" rel=\"nofollow noopener\">redes sociales<\/a> que no podr\u00e1 jugar este partido. \u00ab<strong>Lamentablemente no podr\u00e9 jugar esta noche debido a una festividad jud\u00eda<\/strong>. Le deseo lo mejor al equipo\u00bb, ha indicado.<\/p>\n<p class=\"ft-text\">La decisi\u00f3n de Solomon se debe a la <strong>celebraci\u00f3n del Yom Kipur, D\u00eda de la Expiaci\u00f3n<\/strong>, el d\u00eda m\u00e1s sagrado del <a class=\"ft-link ft-link--decoration\" href=\"https:\/\/www.elperiodicomediterraneo.com\/tags\/anos\/\" target=\"_blank\" rel=\"nofollow noopener\">a\u00f1o<\/a> jud\u00edo, en el que se deben al ayuno, la oraci\u00f3n, la abstenci\u00f3n de placeres f\u00edsicos y del <a class=\"ft-link ft-link--decoration\" href=\"https:\/\/www.elperiodicomediterraneo.com\/tags\/trabajo\/\" target=\"_blank\" rel=\"nofollow noopener\">trabajo<\/a>.<\/p>\n<p><img decoding=\"async\" src=\"https:\/\/www.europesays.com\/es\/wp-content\/uploads\/2025\/10\/93b04dc0-4fb5-42fb-9dfb-8b6de1b29563_alta-libre-aspect-ratio_default_0.jpg\" width=\"1200\" height=\"793\" alt=\"Manor Solomon regateando a De Galarreta en el primer tiempo\" class=\"ft-helper-img-rd\" loading=\"lazy\" hasdataaida=\"true\"\/><\/p>\n<p class=\"ft-helper-fontColor-quaternary ft-helper-fontSize-body-S ft-helper-spacer-t-xxs\">Manor Solomon regateando a De Galarreta en el primer tiempo  \/ Gabriel Utiel<\/p>\n<p class=\"ft-text\">Por ello, el futbolista no estar\u00e1 presente en la noche de este mi\u00e9rcoles en el partido que el Submarino disputar\u00e1 ante la <strong>Juventus de Tur\u00edn (21.00 horas)<\/strong>, correspondiente a la segunda jornada de esta edici\u00f3n de Liga de Campeones.<\/p>\n<p>Son seis bajas en total<\/p>\n<p class=\"ft-text\">Aunque no se perfilaba como titular, <strong>las opciones del futbolista israel\u00ed pasaban por tener minutos a lo largo del partido<\/strong>, siendo uno de los revulsivos del equipo en las \u00faltimas jornadas.<\/p>\n<p class=\"ft-text\">Solomon se suma as\u00ed a las bajas para este encuentro de los lesionados <a class=\"ft-link ft-link--decoration\" href=\"https:\/\/www.elperiodicomediterraneo.com\/tags\/gerard-moreno\/\" target=\"_blank\" rel=\"nofollow noopener\">Gerard Moreno<\/a>, <a class=\"ft-link ft-link--decoration\" href=\"https:\/\/www.elperiodicomediterraneo.com\/tags\/ayoze-perez\/\" target=\"_blank\" rel=\"nofollow noopener\">Ayoze P\u00e9rez<\/a>, <a class=\"ft-link ft-link--decoration\" href=\"https:\/\/www.elperiodicomediterraneo.com\/tags\/juan-foyth\/\" target=\"_blank\" rel=\"nofollow noopener\">Juan Foyth<\/a>, <a class=\"ft-link ft-link--decoration\" href=\"https:\/\/www.elperiodicomediterraneo.com\/tags\/logan-costa\/\" target=\"_blank\" rel=\"nofollow noopener\">Logan Costa<\/a> y <a class=\"ft-link ft-link--decoration\" href=\"https:\/\/www.elperiodicomediterraneo.com\/tags\/willy-kambwala\/\" target=\"_blank\" rel=\"nofollow noopener\">Willy Kambwala<\/a>.<\/p>\n<p data-close=\"closedContent\" class=\"subscribeHideForDisplay\">Suscr\u00edbete para seguir leyendo<\/p>\n","protected":false},"excerpt":{"rendered":"Nueva baja para el Villarreal CF en estreno de la Champions League como local. El futbolista israel\u00ed del&hellip;\n","protected":false},"author":2,"featured_media":158258,"comment_status":"","ping_status":"","sticky":false,"template":"","format":"standard","meta":{"footnotes":""},"categories":[268],"tags":[11681,1241,168,25,24,280,282,74,15829,47158,1211,47159,7797,281,47156,23,167,10560,9607,47157],"class_list":{"0":"post-158257","1":"post","2":"type-post","3":"status-publish","4":"format-standard","5":"has-post-thumbnail","7":"category-futbol","8":"tag-champions","9":"tag-champions-league","10":"tag-deportes","11":"tag-es","12":"tag-espana","13":"tag-football","14":"tag-futbol","15":"tag-israel","16":"tag-juventus","17":"tag-kipur","18":"tag-league","19":"tag-manor-solomon","20":"tag-martes","21":"tag-soccer","22":"tag-solomon","23":"tag-spain","24":"tag-sports","25":"tag-villarreal","26":"tag-villarreal-cf","27":"tag-yom"},"share_on_mastodon":{"url":"","error":""},"_links":{"self":[{"href":"https:\/\/www.europesays.com\/es\/wp-json\/wp\/v2\/posts\/158257","targetHints":{"allow":["GET"]}}],"collection":[{"href":"https:\/\/www.europesays.com\/es\/wp-json\/wp\/v2\/posts"}],"about":[{"href":"https:\/\/www.europesays.com\/es\/wp-json\/wp\/v2\/types\/post"}],"author":[{"embeddable":true,"href":"https:\/\/www.europesays.com\/es\/wp-json\/wp\/v2\/users\/2"}],"replies":[{"embeddable":true,"href":"https:\/\/www.europesays.com\/es\/wp-json\/wp\/v2\/comments?post=158257"}],"version-history":[{"count":0,"href":"https:\/\/www.europesays.com\/es\/wp-json\/wp\/v2\/posts\/158257\/revisions"}],"wp:featuredmedia":[{"embeddable":true,"href":"https:\/\/www.europesays.com\/es\/wp-json\/wp\/v2\/media\/158258"}],"wp:attachment":[{"href":"https:\/\/www.europesays.com\/es\/wp-json\/wp\/v2\/media?parent=158257"}],"wp:term":[{"taxonomy":"category","embeddable":true,"href":"https:\/\/www.europesays.com\/es\/wp-json\/wp\/v2\/categories?post=158257"},{"taxonomy":"post_tag","embeddable":true,"href":"https:\/\/www.europesays.com\/es\/wp-json\/wp\/v2\/tags?post=158257"}],"curies":[{"name":"wp","href":"https:\/\/api.w.org\/{rel}","templated":true}]}}