{"id":158268,"date":"2025-10-05T17:55:07","date_gmt":"2025-10-05T17:55:07","guid":{"rendered":"https:\/\/www.europesays.com\/es\/158268\/"},"modified":"2025-10-05T17:55:07","modified_gmt":"2025-10-05T17:55:07","slug":"marco-rubio-advierte-que-bombardeos-en-gaza-deberan-cesar-dw-05-10-2025","status":"publish","type":"post","link":"https:\/\/www.europesays.com\/es\/158268\/","title":{"rendered":"Marco Rubio advierte que bombardeos en Gaza deber\u00e1n cesar \u2013 DW \u2013 05\/10\/2025"},"content":{"rendered":"<p>Israel debe detener los bombardeos sobre <a class=\"internal-link\" href=\"https:\/\/www.dw.com\/es\/franja-de-gaza\/t-67111647\" rel=\"nofollow noopener\" target=\"_blank\">Gaza<\/a> para que el <a class=\"internal-link\" href=\"https:\/\/www.dw.com\/es\/ham\u00e1s\/t-17412524\" rel=\"nofollow noopener\" target=\"_blank\">grupo palestino Ham\u00e1s<\/a>, que es considerado terrorista por la Uni\u00f3n Europea, pueda liberar a los rehenes, afirm\u00f3 este domingo (05.10.2025) el secretario de Estado estadounidense, <a class=\"internal-link\" href=\"https:\/\/www.dw.com\/es\/rubio-marco\/t-42664691\" rel=\"nofollow noopener\" target=\"_blank\">Marco Rubio<\/a>. El funcionario adem\u00e1s se mostr\u00f3 optimista sobre un pr\u00f3ximo fin del conflicto en la regi\u00f3n, aunque matiz\u00f3 que quedan todav\u00eda obst\u00e1culos por salvar.<\/p>\n<p>\u00abCreo que tanto los israel\u00edes como todo el mundo reconocen que no se puede liberar a los rehenes en medio de los ataques, por lo que estos tendr\u00e1n que cesar\u00bb, declar\u00f3 Rubio en la cadena CBS News. \u00abNo puede haber una guerra en medio de todo esto\u00bb, afirm\u00f3 el m\u00e1ximo representante diplom\u00e1tico estadounidense, que tambi\u00e9n se\u00f1al\u00f3 que hab\u00eda todav\u00eda que abordar algunos \u00abdesaf\u00edos log\u00edsticos\u00bb antes de la liberaci\u00f3n de los rehenes.<\/p>\n<p>\u00abEsto es lo m\u00e1s cerca que hemos estado de liberar a todos los rehenes, a todos y cada uno, a los 48, incluidos los 28 fallecidos. Pero hay muchos obst\u00e1culos en el camino. Queda mucho trabajo por delante\u00bb, insisti\u00f3, esta vez a ABC News, otra de las cadenas donde Rubio dio entrevistas esta jornada. Asimismo, advirti\u00f3 que el proceso de paz tomar\u00e1 tiempo, sobre todo porque desarticular un gobierno para instalar otro \u00abno se puede hacer en tres d\u00edas\u00bb.<\/p>\n<p>Solo con fines \u00abdefensivos\u00bb<\/p>\n<p>Por su parte, el Gobierno israel\u00ed dijo que sus Fuerzas Armadas pondr\u00e1n en pausa \u00abciertos ataques\u00bb en Gaza, declar\u00f3 la portavoz del primer ministro <a class=\"internal-link\" href=\"https:\/\/www.dw.com\/es\/netanyahu-benjam\u00edn\/t-17409566\" rel=\"nofollow noopener\" target=\"_blank\">Benjamin Netanyahu<\/a>. El premier dio la orden \u00abde responder al fuego con fines defensivos\u00bb, por lo que \u00absi bien ciertos bombardeos se han detenido dentro de la Franja de Gaza, no hay un alto al fuego en este momento\u00bb.<\/p>\n<p>La representante del primer ministro declin\u00f3 en la rueda de prensa dar detalles acerca de una posible retirada del Ej\u00e9rcito de zonas espec\u00edficas antes de la conclusi\u00f3n de las negociaciones que comenzar\u00e1n este lunes en El Cairo, explicando que se trata de \u00abdetalles cruciales y, por supuesto, extremadamente sensibles\u00bb. \u00abEstamos siendo cautelosos al respecto\u00bb, explic\u00f3.<\/p>\n<p>Seg\u00fan constat\u00f3 EFE en la capital gazat\u00ed, durante todo el d\u00eda s\u00e1bado sigui\u00f3 habiendo ataques en la urbe, que se incrementaron al llegar la noche, cuando se registraron ataques a\u00e9reos y bombardeos de artiller\u00eda en varias zonas. En uno de los ataques ocurridos durante el d\u00eda a una vivienda, fueron asesinadas 17 personas, seis de ellas mujeres y ni\u00f1os.<\/p>\n<p>DZC (EFE, AFP)<\/p>\n","protected":false},"excerpt":{"rendered":"Israel debe detener los bombardeos sobre Gaza para que el grupo palestino Ham\u00e1s, que es considerado terrorista por&hellip;\n","protected":false},"author":2,"featured_media":158269,"comment_status":"","ping_status":"","sticky":false,"template":"","format":"standard","meta":{"footnotes":""},"categories":[42],"tags":[17,18,13,14,11,61,62,63,64,19,20,9,10,15,16,12,21,22,65,66,67],"class_list":{"0":"post-158268","1":"post","2":"type-post","3":"status-publish","4":"format-standard","5":"has-post-thumbnail","7":"category-internacional","8":"tag-breaking-news","9":"tag-breakingnews","10":"tag-featured-news","11":"tag-featurednews","12":"tag-headlines","13":"tag-internacional","14":"tag-international","15":"tag-international-news","16":"tag-internationalnews","17":"tag-latest-news","18":"tag-latestnews","19":"tag-news","20":"tag-noticias","21":"tag-noticias-destacadas","22":"tag-noticiasdestacadas","23":"tag-titulares","24":"tag-ultimas-noticias","25":"tag-ultimasnoticias","26":"tag-world","27":"tag-world-news","28":"tag-worldnews"},"share_on_mastodon":{"url":"","error":""},"_links":{"self":[{"href":"https:\/\/www.europesays.com\/es\/wp-json\/wp\/v2\/posts\/158268","targetHints":{"allow":["GET"]}}],"collection":[{"href":"https:\/\/www.europesays.com\/es\/wp-json\/wp\/v2\/posts"}],"about":[{"href":"https:\/\/www.europesays.com\/es\/wp-json\/wp\/v2\/types\/post"}],"author":[{"embeddable":true,"href":"https:\/\/www.europesays.com\/es\/wp-json\/wp\/v2\/users\/2"}],"replies":[{"embeddable":true,"href":"https:\/\/www.europesays.com\/es\/wp-json\/wp\/v2\/comments?post=158268"}],"version-history":[{"count":0,"href":"https:\/\/www.europesays.com\/es\/wp-json\/wp\/v2\/posts\/158268\/revisions"}],"wp:featuredmedia":[{"embeddable":true,"href":"https:\/\/www.europesays.com\/es\/wp-json\/wp\/v2\/media\/158269"}],"wp:attachment":[{"href":"https:\/\/www.europesays.com\/es\/wp-json\/wp\/v2\/media?parent=158268"}],"wp:term":[{"taxonomy":"category","embeddable":true,"href":"https:\/\/www.europesays.com\/es\/wp-json\/wp\/v2\/categories?post=158268"},{"taxonomy":"post_tag","embeddable":true,"href":"https:\/\/www.europesays.com\/es\/wp-json\/wp\/v2\/tags?post=158268"}],"curies":[{"name":"wp","href":"https:\/\/api.w.org\/{rel}","templated":true}]}}