{"id":158270,"date":"2025-10-05T17:56:10","date_gmt":"2025-10-05T17:56:10","guid":{"rendered":"https:\/\/www.europesays.com\/es\/158270\/"},"modified":"2025-10-05T17:56:10","modified_gmt":"2025-10-05T17:56:10","slug":"jose-miguel-gonzalez-los-migrantes-son-misioneros-de-esperanza-que-revitalizan-nuestras-comunidades","status":"publish","type":"post","link":"https:\/\/www.europesays.com\/es\/158270\/","title":{"rendered":"Jos\u00e9 Miguel Gonz\u00e1lez: \u201cLos migrantes son misioneros de esperanza que revitalizan nuestras comunidades\u201d"},"content":{"rendered":"<p>\t\t\t\t\tCon motivo de la Jornada Mundial del Migrante y del Refugiado, el nuevo responsable de la Pastoral del Migrante en la Di\u00f3cesis de Salamanca invita a mirar a las personas migrantes como un don que renueva la vida de nuestras comunidades y recuerda que el mensaje de Jes\u00fas es acoger a quien llama a nuestras puertas<\/p>\n<p>\u00a0<\/p>\n<p><strong>SERVICIO DIOCESANO DE COMUNICACI\u00d3N<\/strong><\/p>\n<p>Este domingo, 5 de octubre, la Iglesia celebra la <strong>Jornada Mundial del Migrante y del Refugiado<\/strong>, una cita que invita a fijar la mirada en quienes han dejado su tierra en busca de nuevas oportunidades. Con este motivo, entrevistamos al responsable diocesano de la Pastoral del Migrante en Salamanca, <strong>Jos\u00e9 Miguel Gonz\u00e1lez<\/strong>, que comparte su visi\u00f3n sobre la acogida, la integraci\u00f3n y el valor que las personas migrantes aportan a nuestras comunidades cristianas.<\/p>\n<p>\u00a0<\/p>\n<p><strong>El lema de esta jornada es \u201cMigrantes, misioneros de esperanza\u201d. \u00bfQu\u00e9 nos quiere decir la Iglesia con este mensaje?<\/strong><\/p>\n<p>Esta Jornada Mundial del Migrante y del Refugiado, que se celebra desde hace m\u00e1s de ciento once a\u00f1os, se enmarca este a\u00f1o en el Jubileo de la Esperanza convocado por el papa Francisco y continuado por el papa actual, Le\u00f3n XIV.\u2028 Los migrantes son personas que tienen que ir de un lugar de otro para mejorar sus condiciones de vida y, en muchos casos, comparten la misma fe que nosotros, especialmente los que vienen de Latinoam\u00e9rica. En ese sentido, son verdaderos misioneros de esperanza, porque con su presencia y vitalidad nutren y revitalizan nuestras comunidades cristianas, que van estando formadas por personas de edad avanzada. Cuando los integramos y acogemos, nuestras parroquias se llenan de vida y de esperanza.<\/p>\n<p>\u201cEl gran desaf\u00edo es la integraci\u00f3n\u201d<\/p>\n<p><strong>En Salamanca hay ya muchas personas migrantes que forman parte de nuestras comunidades. \u00bfQu\u00e9 desaf\u00edos y oportunidades percibes en su integraci\u00f3n pastoral y social?\u2028<\/strong><\/p>\n<p>En la provincia de Salamanca, aproximadamente el 5% de la poblaci\u00f3n \u2014unas 15.000 personas\u2014 procede de Latinoam\u00e9rica. Son personas que hablan nuestra lengua, comparten nuestra cultura y, en su mayor\u00eda, nuestra religi\u00f3n cat\u00f3lica.\u2028 <strong>El gran desaf\u00edo de la migraci\u00f3n es la integraci\u00f3n.<\/strong><\/p>\n<p>Tenemos que dar por hecho que las migraciones son un fen\u00f3meno natural en la historia de la humanidad: todos buscamos mejorar nuestras condiciones de vida y ofrecer un futuro mejor a nuestros hijos. Si en otras \u00e9pocas fueron los espa\u00f1oles quienes emigraron a Am\u00e9rica o al norte de Europa buscando mejores condiciones de vida o trabajo, ahora son otros quienes llegan a nuestro pa\u00eds.\u2028 Por eso, en nuestras comunidades cat\u00f3licas debemos ayudarles a integrarse en la liturgia, en la catequesis, en la vida parroquial y tambi\u00e9n acompa\u00f1arles humanitariamente en todo lo que necesitan. Y, en este \u00faltimo, C\u00e1ritas diocesana est\u00e1 haciendo un trabajo admirable de atenci\u00f3n y acompa\u00f1amiento.<\/p>\n<p>\u201cEscuchar y caminar juntos, desde la sinodalidad\u201d<\/p>\n<p><strong>Como responsable diocesano de la Pastoral del Migrante, \u00bfqu\u00e9 objetivos te has propuesto?\u2028<\/strong><\/p>\n<p>Acabo de incorporarme a esta tarea y mi primer prop\u00f3sito es <strong>conocer las realidades que ya existen<\/strong> en las parroquias y en las instituciones que atienden pastoralmente a los migrantes. Quiero visitarles, participar en sus encuentros y reuniones, y <strong>escuchar de primera mano sus necesidades<\/strong>.\u2028Ya contamos con un peque\u00f1o equipo de trabajo y <strong>nuestro primer compromiso es escuchar.<\/strong> Escuchar a quienes viven esta realidad, a las comunidades parroquiales, a los agentes de pastoral\u2026 para poder hacer camino juntos, en clave de sinodalidad.<\/p>\n<p>Creo que hoy, m\u00e1s que nunca, en la Iglesia cat\u00f3lica tenemos que hacer una llamada urgente a <strong>desterrar cualquier signo de xenofobia<\/strong>. En Espa\u00f1a est\u00e1n siendo cada vez m\u00e1s frecuentes los comentarios xen\u00f3fogos, de rechazo total hacia las personas extranjeras, sin ning\u00fan tipo de reflexi\u00f3n. Eso no es evang\u00e9lico, no pertenece al mensaje de Jes\u00fas. \u2028\u00c9l mismo fue migrante, y su mensaje es claro: acoger a todos aquellos que llegan y llaman a nuestras puertas, siempre desde el respeto a la legalidad y con la mirada puesta en la dignidad de cada persona.<\/p>\n<p>\u00a0<\/p>\n<blockquote class=\"wp-embedded-content\" data-secret=\"O3P56OoF08\">\n<p><a href=\"https:\/\/www.diocesisdesalamanca.com\/noticias\/el-milagro-acogera-la-celebracion-diocesana-de-la-jornada-mundial-del-migrante-y-del-refugiado\/\" rel=\"nofollow noopener\" target=\"_blank\">El Milagro acoger\u00e1 la celebraci\u00f3n diocesana de la Jornada Mundial del Migrante y del Refugiado<\/a><\/p>\n<\/blockquote>\n<p><a href=\"https:\/\/www.europesays.com\/es\/wp-content\/uploads\/2025\/10\/cartel-jornada-migrante.png\"><img fetchpriority=\"high\" decoding=\"async\" class=\"aligncenter size-full wp-image-80519\" src=\"https:\/\/www.europesays.com\/es\/wp-content\/uploads\/2025\/10\/cartel-jornada-migrante.png\" alt=\"\" width=\"1587\" height=\"2245\"  \/><\/a><\/p>\n<p>\u00a0<\/p>\n","protected":false},"excerpt":{"rendered":"Con motivo de la Jornada Mundial del Migrante y del Refugiado, el nuevo responsable de la Pastoral del&hellip;\n","protected":false},"author":2,"featured_media":158271,"comment_status":"","ping_status":"","sticky":false,"template":"","format":"standard","meta":{"footnotes":""},"categories":[8],"tags":[17,18,25,24,13,14,11,19,20,9,10,15,16,23,12,21,22],"class_list":{"0":"post-158270","1":"post","2":"type-post","3":"status-publish","4":"format-standard","5":"has-post-thumbnail","7":"category-espana","8":"tag-breaking-news","9":"tag-breakingnews","10":"tag-es","11":"tag-espana","12":"tag-featured-news","13":"tag-featurednews","14":"tag-headlines","15":"tag-latest-news","16":"tag-latestnews","17":"tag-news","18":"tag-noticias","19":"tag-noticias-destacadas","20":"tag-noticiasdestacadas","21":"tag-spain","22":"tag-titulares","23":"tag-ultimas-noticias","24":"tag-ultimasnoticias"},"share_on_mastodon":{"url":"","error":""},"_links":{"self":[{"href":"https:\/\/www.europesays.com\/es\/wp-json\/wp\/v2\/posts\/158270","targetHints":{"allow":["GET"]}}],"collection":[{"href":"https:\/\/www.europesays.com\/es\/wp-json\/wp\/v2\/posts"}],"about":[{"href":"https:\/\/www.europesays.com\/es\/wp-json\/wp\/v2\/types\/post"}],"author":[{"embeddable":true,"href":"https:\/\/www.europesays.com\/es\/wp-json\/wp\/v2\/users\/2"}],"replies":[{"embeddable":true,"href":"https:\/\/www.europesays.com\/es\/wp-json\/wp\/v2\/comments?post=158270"}],"version-history":[{"count":0,"href":"https:\/\/www.europesays.com\/es\/wp-json\/wp\/v2\/posts\/158270\/revisions"}],"wp:featuredmedia":[{"embeddable":true,"href":"https:\/\/www.europesays.com\/es\/wp-json\/wp\/v2\/media\/158271"}],"wp:attachment":[{"href":"https:\/\/www.europesays.com\/es\/wp-json\/wp\/v2\/media?parent=158270"}],"wp:term":[{"taxonomy":"category","embeddable":true,"href":"https:\/\/www.europesays.com\/es\/wp-json\/wp\/v2\/categories?post=158270"},{"taxonomy":"post_tag","embeddable":true,"href":"https:\/\/www.europesays.com\/es\/wp-json\/wp\/v2\/tags?post=158270"}],"curies":[{"name":"wp","href":"https:\/\/api.w.org\/{rel}","templated":true}]}}