{"id":158280,"date":"2025-10-05T18:06:11","date_gmt":"2025-10-05T18:06:11","guid":{"rendered":"https:\/\/www.europesays.com\/es\/158280\/"},"modified":"2025-10-05T18:06:11","modified_gmt":"2025-10-05T18:06:11","slug":"el-derbi-en-anoeta-se-jugara-el-sabado-1-de-noviembre-a-las-18-30-horas","status":"publish","type":"post","link":"https:\/\/www.europesays.com\/es\/158280\/","title":{"rendered":"El derbi en Anoeta se jugar\u00e1 el s\u00e1bado 1 de noviembre a las 18.30 horas"},"content":{"rendered":"<p>\n        La <a href=\"https:\/\/www.noticiasdegipuzkoa.eus\/reala\/\" title=\"Real\" class=\"link copy\" rel=\"nofollow noopener\" target=\"_blank\">Real <\/a>ya conoce el horario del derbi en <strong>Donostia<\/strong>. El equipo realista recibir\u00e1 a su eterno rival en festivo, concretamente el s\u00e1bado 1 de noviembre a las 18.30 horas. Su vecino tampoco se encuentra a d\u00eda de hoy para echar cohetes ya que, despu\u00e9s de vencer sus tres primeros encuentros acumula cinco sin conocer la victoria. Actualmente es d\u00e9cimo con diez puntos, el doble de los que han sumado los de <strong>Sergio Francisco<\/strong>.\n<\/p>\n<p class=\"article-body__text \">\n        El conjunto blanquiazul acumula ya ocho derbis sin conocer la derrota ante el Athletic en su guarida. Aunque el que seguro que estar\u00e1 para ese partido ser\u00e1 <strong>Nico Williams<\/strong>, la gran estrella local, que se ha perdido el \u00faltimo mes de competici\u00f3n.\n<\/p>\n<blockquote class=\"twitter-tweet\" data-lang=\"es\">\n<p lang=\"es\" dir=\"ltr\">HORARIOS | Consulta cu\u00e1ndo se jugar\u00e1n los encuentros de la jornada 11 de <a href=\"https:\/\/twitter.com\/hashtag\/LALIGAEASPORTS?src=hash&amp;ref_src=twsrc%5Etfw\" rel=\"nofollow noopener\" target=\"_blank\">#LALIGAEASPORTS<\/a>.<\/p>\n<p>\ud83d\udc49 <a href=\"https:\/\/t.co\/uC2fjJNXzm\" rel=\"nofollow\">https:\/\/t.co\/uC2fjJNXzm<\/a> <a href=\"https:\/\/t.co\/4gtoWF06XX\" rel=\"nofollow\">pic.twitter.com\/4gtoWF06XX<\/a><\/p>\n<p>\u2014 LALIGA (@LaLiga) <a href=\"https:\/\/twitter.com\/LaLiga\/status\/1973387425268535517?ref_src=twsrc%5Etfw\" rel=\"nofollow noopener\" target=\"_blank\">1 de octubre de 2025<\/a><\/p><\/blockquote>\n<p class=\"article-body__text \">\n        Lo cierto es que este mes va a ser clave para calibrar las posibilidades del nuevo proyecto txuri-urdin, al enfrentarse a todos rivales de los que podr\u00edamos considerar a priori como directos. Los donostiarras visitar\u00e1n al <strong>Celta <\/strong>y al <strong>Athetic<\/strong> (ya en noviembre) y recibir\u00e1n en <strong>Anoeta <\/strong>al <strong>Rayo <\/strong>y al <strong>Sevilla<\/strong>. Se da la curiosa circunstancia de que, a pesar de no jugar en Europa y que en los \u00faltimos a\u00f1os ha visto c\u00f3mo le perjudicaban de forma notable los horarios previos o posteriores al derbi, la <strong>Real<\/strong> vendr\u00e1 de debutar entre semana en la <strong>Copa <\/strong>mientras que el <strong>Athletic<\/strong>, que compite en <strong>Champions<\/strong>, llegar\u00e1 de nuevo limpio al encuentro al no estrenarse en la competici\u00f3n hasta los octavos de final.\n<\/p>\n<p class=\"article-body__text \">\n        Estos son las horas que ya conoce la <strong>Real <\/strong>para sus siguientes citas:\n<\/p>\n<p class=\"article-body__text \">\n        &#8211;<strong>Real<\/strong>-Rayo. Domingo 5 de octubre, a las 18.30 horas.\n<\/p>\n<p class=\"article-body__text \">\n        -Celta-<strong>Real<\/strong>. Domingo 19 de octubre, a las 16.15 horas\n<\/p>\n<p class=\"article-body__text \">\n        &#8211;<strong>Real<\/strong>-Sevilla. Viernes 24 de octubre, a las 21.00 horas\n<\/p>\n<p class=\"article-body__text \">\n        &#8211;<strong>Real-<\/strong>Athletic. S\u00e1bado 1 de noviembre, a las 18.30 horas.\n<\/p>\n<p>            <script async src=\"https:\/\/platform.twitter.com\/widgets.js\" charset=\"utf-8\"><\/script><\/p>\n","protected":false},"excerpt":{"rendered":"La Real ya conoce el horario del derbi en Donostia. El equipo realista recibir\u00e1 a su eterno rival&hellip;\n","protected":false},"author":2,"featured_media":158281,"comment_status":"","ping_status":"","sticky":false,"template":"","format":"standard","meta":{"footnotes":""},"categories":[268],"tags":[3099,2601,168,18298,25,24,280,282,10660,3397,281,23,167],"class_list":{"0":"post-158280","1":"post","2":"type-post","3":"status-publish","4":"format-standard","5":"has-post-thumbnail","7":"category-futbol","8":"tag-3099","9":"tag-bilbao","10":"tag-deportes","11":"tag-derbi","12":"tag-es","13":"tag-espana","14":"tag-football","15":"tag-futbol","16":"tag-jugara","17":"tag-sabado","18":"tag-soccer","19":"tag-spain","20":"tag-sports"},"share_on_mastodon":{"url":"","error":""},"_links":{"self":[{"href":"https:\/\/www.europesays.com\/es\/wp-json\/wp\/v2\/posts\/158280","targetHints":{"allow":["GET"]}}],"collection":[{"href":"https:\/\/www.europesays.com\/es\/wp-json\/wp\/v2\/posts"}],"about":[{"href":"https:\/\/www.europesays.com\/es\/wp-json\/wp\/v2\/types\/post"}],"author":[{"embeddable":true,"href":"https:\/\/www.europesays.com\/es\/wp-json\/wp\/v2\/users\/2"}],"replies":[{"embeddable":true,"href":"https:\/\/www.europesays.com\/es\/wp-json\/wp\/v2\/comments?post=158280"}],"version-history":[{"count":0,"href":"https:\/\/www.europesays.com\/es\/wp-json\/wp\/v2\/posts\/158280\/revisions"}],"wp:featuredmedia":[{"embeddable":true,"href":"https:\/\/www.europesays.com\/es\/wp-json\/wp\/v2\/media\/158281"}],"wp:attachment":[{"href":"https:\/\/www.europesays.com\/es\/wp-json\/wp\/v2\/media?parent=158280"}],"wp:term":[{"taxonomy":"category","embeddable":true,"href":"https:\/\/www.europesays.com\/es\/wp-json\/wp\/v2\/categories?post=158280"},{"taxonomy":"post_tag","embeddable":true,"href":"https:\/\/www.europesays.com\/es\/wp-json\/wp\/v2\/tags?post=158280"}],"curies":[{"name":"wp","href":"https:\/\/api.w.org\/{rel}","templated":true}]}}