{"id":158290,"date":"2025-10-05T18:18:11","date_gmt":"2025-10-05T18:18:11","guid":{"rendered":"https:\/\/www.europesays.com\/es\/158290\/"},"modified":"2025-10-05T18:18:11","modified_gmt":"2025-10-05T18:18:11","slug":"una-eurodiputada-francesa-denuncia-las-condiciones-de-detencion-de-miembros-de-la-flotilla-hacia-gaza","status":"publish","type":"post","link":"https:\/\/www.europesays.com\/es\/158290\/","title":{"rendered":"Una eurodiputada francesa denuncia las condiciones de detenci\u00f3n de miembros de la flotilla hacia Gaza"},"content":{"rendered":"<p>    <img src=\"https:\/\/www.europesays.com\/es\/wp-content\/uploads\/2025\/10\/2025-10-05T133A083A39Z-90117747.jpg\" width=\"1024\" height=\"682\" alt=\"\" loading=\"eager\" decoding=\"sync\" fetchpriority=\"high\"\/><\/p>\n<p>            afp_tickers        <\/p>\n<p>        Este contenido fue publicado en    <\/p>\n<p>        05 octubre 2025 &#8211; 15:08\n<\/p>\n<p>Una eurodiputada francesa denunci\u00f3 el domingo las condiciones de detenci\u00f3n en Israel de cuatro de sus colegas, en huelga de hambre tras la interceptaci\u00f3n \u00a0de la flotilla humanitaria que navegaba rumbo a Gaza.<\/p>\n<p>\u00abSabemos que sus condiciones de detenci\u00f3n son dif\u00edciles, con m\u00e1s de 10 personas por celda\u00bb, dijo la eurodiputada Manon Aubry, de La Francia Insumisa (LFI) a la cadena FranceInfo. \u00abLas condiciones de acceso al agua tambi\u00e9n son dif\u00edciles\u00bb, agreg\u00f3.<\/p>\n<p>LFI hab\u00eda anunciado el s\u00e1bado que sus diputados Fran\u00e7ois Piquemal y Marie Mesmeur, y sus eurodiputadas Rima Hassan y Emma Fourreau, hab\u00edan iniciado una huelga de hambre \u00aben solidaridad con el pueblo palestino\u00bb.\u00a0<\/p>\n<p>Aubry critic\u00f3 la falta de novedades sobre los detenidos salvo \u00abbreves intercambios con sus abogados y con el c\u00f3nsul franc\u00e9s, que pudo visitarlos\u00bb.<\/p>\n<p>La eurodiputada tambi\u00e9n solicit\u00f3 la intervenci\u00f3n de las autoridades francesas para repatriar a sus ciudadanos.\u00a0<\/p>\n<p>Un total de 30 franceses fueron detenidos a bordo de la flotilla internacional \u00abGlobal Sumud\u00bb, formada por unos 45 barcos y con cientos de activistas a bordo que pretend\u00edan prestar ayuda humanitaria en Gaza.\u00a0<\/p>\n<p>jmt\/ama\/tes\/asm\/thm\/mb\/meb<\/p>\n","protected":false},"excerpt":{"rendered":"afp_tickers Este contenido fue publicado en 05 octubre 2025 &#8211; 15:08 Una eurodiputada francesa denunci\u00f3 el domingo las&hellip;\n","protected":false},"author":2,"featured_media":158291,"comment_status":"","ping_status":"","sticky":false,"template":"","format":"standard","meta":{"footnotes":""},"categories":[42],"tags":[635,17,18,636,83,13,14,11,61,62,63,86,64,19,20,9,10,15,16,12089,88,12090,90,12,21,22,65,66,67],"class_list":{"0":"post-158290","1":"post","2":"type-post","3":"status-publish","4":"format-standard","5":"has-post-thumbnail","7":"category-internacional","8":"tag-armed-conflict","9":"tag-breaking-news","10":"tag-breakingnews","11":"tag-conflict","12":"tag-diplomacy","13":"tag-featured-news","14":"tag-featurednews","15":"tag-headlines","16":"tag-internacional","17":"tag-international","18":"tag-international-news","19":"tag-international-relations","20":"tag-internationalnews","21":"tag-latest-news","22":"tag-latestnews","23":"tag-news","24":"tag-noticias","25":"tag-noticias-destacadas","26":"tag-noticiasdestacadas","27":"tag-parties-and-movements","28":"tag-politics","29":"tag-politics-general","30":"tag-ticker","31":"tag-titulares","32":"tag-ultimas-noticias","33":"tag-ultimasnoticias","34":"tag-world","35":"tag-world-news","36":"tag-worldnews"},"share_on_mastodon":{"url":"","error":""},"_links":{"self":[{"href":"https:\/\/www.europesays.com\/es\/wp-json\/wp\/v2\/posts\/158290","targetHints":{"allow":["GET"]}}],"collection":[{"href":"https:\/\/www.europesays.com\/es\/wp-json\/wp\/v2\/posts"}],"about":[{"href":"https:\/\/www.europesays.com\/es\/wp-json\/wp\/v2\/types\/post"}],"author":[{"embeddable":true,"href":"https:\/\/www.europesays.com\/es\/wp-json\/wp\/v2\/users\/2"}],"replies":[{"embeddable":true,"href":"https:\/\/www.europesays.com\/es\/wp-json\/wp\/v2\/comments?post=158290"}],"version-history":[{"count":0,"href":"https:\/\/www.europesays.com\/es\/wp-json\/wp\/v2\/posts\/158290\/revisions"}],"wp:featuredmedia":[{"embeddable":true,"href":"https:\/\/www.europesays.com\/es\/wp-json\/wp\/v2\/media\/158291"}],"wp:attachment":[{"href":"https:\/\/www.europesays.com\/es\/wp-json\/wp\/v2\/media?parent=158290"}],"wp:term":[{"taxonomy":"category","embeddable":true,"href":"https:\/\/www.europesays.com\/es\/wp-json\/wp\/v2\/categories?post=158290"},{"taxonomy":"post_tag","embeddable":true,"href":"https:\/\/www.europesays.com\/es\/wp-json\/wp\/v2\/tags?post=158290"}],"curies":[{"name":"wp","href":"https:\/\/api.w.org\/{rel}","templated":true}]}}