{"id":158301,"date":"2025-10-05T18:32:09","date_gmt":"2025-10-05T18:32:09","guid":{"rendered":"https:\/\/www.europesays.com\/es\/158301\/"},"modified":"2025-10-05T18:32:09","modified_gmt":"2025-10-05T18:32:09","slug":"sonsoles-sanchez-reyes-gana-el-vi-premio-cuadernos-del-laberinto-de-historia","status":"publish","type":"post","link":"https:\/\/www.europesays.com\/es\/158301\/","title":{"rendered":"Sonsoles S\u00e1nchez-Reyes gana el VI Premio Cuadernos del Laberinto de Historia"},"content":{"rendered":"<p>El <strong>jurado del VI Premio Internacional Cuadernos del Laberinto de Historia (2025)<\/strong> ha decidido por <strong>unanimidad<\/strong> conceder el galard\u00f3n a la <strong>autora abulense Sonsoles S\u00e1nchez-Reyes<\/strong> por su obra \u2018<strong>Lo que perdieron los h\u00e9roes\u2019<\/strong>, seleccionada entre <strong>32 trabajos procedentes de diez pa\u00edses<\/strong>.<\/p>\n<p>El libro, Lo que perdieron los h\u00e9roes, re\u00fane una serie de <strong>relatos reales<\/strong> en los que S\u00e1nchez-Reyes despliega su habitual <strong>elegancia narrativa<\/strong> y <strong>capacidad para emocionar<\/strong>. A trav\u00e9s de estas historias, la autora retrata a <strong>personas que afrontaron desaf\u00edos excepcionales<\/strong> o realizaron <strong>actos admirables<\/strong>, reflejando la <strong>fortaleza humana ante la adversidad<\/strong>.<\/p>\n<p>Tras conocer el fallo, <strong>Sonsoles S\u00e1nchez-Reyes<\/strong> expres\u00f3 su alegr\u00eda por el reconocimiento, \u00abme ha producido una enorme satisfacci\u00f3n, porque desde hace a\u00f1os sigo con admiraci\u00f3n las obras premiadas con este galard\u00f3n, siempre de gran nivel. <strong>Cuadernos del Laberinto<\/strong> es una editorial de gran prestigio, reconocida por su profesionalidad y su amor por la literatura. Me emociona que se haya valorado un libro que reivindica la <strong>resiliencia<\/strong> y el papel de los <strong>h\u00e9roes cotidianos<\/strong>, aquellos que, sin capa ni armadura, se sobreponen a los reveses de la vida. El hero\u00edsmo \u2014a\u00f1adi\u00f3\u2014 no est\u00e1 solo en las haza\u00f1as, sino en la <strong>capacidad de levantarse y superar los l\u00edmites<\/strong> que parecen insalvables\u00bb.<\/p>\n<p>El <strong>premio incluye la publicaci\u00f3n de la obra<\/strong> en la <strong>colecci\u00f3n Anaquel de Historia<\/strong> de la editorial <strong>Cuadernos del Laberinto<\/strong>, que ver\u00e1 la luz pr\u00f3ximamente.<\/p>\n<p>El jurado estuvo integrado por <strong>Alicia Ar\u00e9s<\/strong>, <strong>Carlos Augusto Casas<\/strong> y <strong>Beatriz Garc\u00eda Mu\u00f1oz<\/strong>, quienes aportaron, respectivamente, la mirada de una <strong>editora experimentada<\/strong>, un <strong>escritor consagrado<\/strong> y una <strong>lectora apasionada<\/strong>.<\/p>\n<p>La <strong>entrega oficial del galard\u00f3n<\/strong> y la <strong>presentaci\u00f3n del libro<\/strong> tendr\u00e1n lugar en <strong>noviembre, en \u00c1vila<\/strong>, durante un <strong>acto p\u00fablico<\/strong> que reunir\u00e1 a lectores y amantes de la historia.<\/p>\n","protected":false},"excerpt":{"rendered":"El jurado del VI Premio Internacional Cuadernos del Laberinto de Historia (2025) ha decidido por unanimidad conceder el&hellip;\n","protected":false},"author":2,"featured_media":158302,"comment_status":"","ping_status":"","sticky":false,"template":"","format":"standard","meta":{"footnotes":""},"categories":[172],"tags":[224,146,147,25,24,225,23],"class_list":{"0":"post-158301","1":"post","2":"type-post","3":"status-publish","4":"format-standard","5":"has-post-thumbnail","7":"category-libros","8":"tag-books","9":"tag-entertainment","10":"tag-entretenimiento","11":"tag-es","12":"tag-espana","13":"tag-libros","14":"tag-spain"},"share_on_mastodon":{"url":"","error":""},"_links":{"self":[{"href":"https:\/\/www.europesays.com\/es\/wp-json\/wp\/v2\/posts\/158301","targetHints":{"allow":["GET"]}}],"collection":[{"href":"https:\/\/www.europesays.com\/es\/wp-json\/wp\/v2\/posts"}],"about":[{"href":"https:\/\/www.europesays.com\/es\/wp-json\/wp\/v2\/types\/post"}],"author":[{"embeddable":true,"href":"https:\/\/www.europesays.com\/es\/wp-json\/wp\/v2\/users\/2"}],"replies":[{"embeddable":true,"href":"https:\/\/www.europesays.com\/es\/wp-json\/wp\/v2\/comments?post=158301"}],"version-history":[{"count":0,"href":"https:\/\/www.europesays.com\/es\/wp-json\/wp\/v2\/posts\/158301\/revisions"}],"wp:featuredmedia":[{"embeddable":true,"href":"https:\/\/www.europesays.com\/es\/wp-json\/wp\/v2\/media\/158302"}],"wp:attachment":[{"href":"https:\/\/www.europesays.com\/es\/wp-json\/wp\/v2\/media?parent=158301"}],"wp:term":[{"taxonomy":"category","embeddable":true,"href":"https:\/\/www.europesays.com\/es\/wp-json\/wp\/v2\/categories?post=158301"},{"taxonomy":"post_tag","embeddable":true,"href":"https:\/\/www.europesays.com\/es\/wp-json\/wp\/v2\/tags?post=158301"}],"curies":[{"name":"wp","href":"https:\/\/api.w.org\/{rel}","templated":true}]}}