{"id":158303,"date":"2025-10-05T18:36:12","date_gmt":"2025-10-05T18:36:12","guid":{"rendered":"https:\/\/www.europesays.com\/es\/158303\/"},"modified":"2025-10-05T18:36:12","modified_gmt":"2025-10-05T18:36:12","slug":"aliado-con-el-destino-pogacar-se-impone-a-evenepoel-y-seixas-en-los-europeos-de-ciclismo-ciclismo-deportes","status":"publish","type":"post","link":"https:\/\/www.europesays.com\/es\/158303\/","title":{"rendered":"Aliado con el destino, Pogacar se impone a Evenepoel y Seixas en los Europeos de ciclismo | Ciclismo | Deportes"},"content":{"rendered":"<p class=\"\">El Campeonato de Europa, que acaba de cumplir solo 10 a\u00f1os en el calendario, seguir\u00eda siendo una carrera sin importancia empotrada en un fin de semana lleno de competencias, y su vencedor r\u00e1pidamente olvidado, si no fuera porque en su d\u00e9cima edici\u00f3n es <a href=\"https:\/\/elpais.com\/deportes\/ciclismo\/2025-10-04\/hector-alvarez-forja-su-caracter-con-un-bronce-en-los-europeos-sub-23-de-ciclismo.html\" target=\"_self\" rel=\"nofollow noopener\" title=\"https:\/\/elpais.com\/deportes\/ciclismo\/2025-10-04\/hector-alvarez-forja-su-caracter-con-un-bronce-en-los-europeos-sub-23-de-ciclismo.html\">Tadej Pogacar quien ha ganado un maillot que nadie le ver\u00e1 vestir<\/a> m\u00e1s all\u00e1 del podio M\u00e1s vale quedarse con la fotograf\u00eda, tres estrellas doradas de diferente tama\u00f1o sobre blanco y tres franjas de azul en tres tonos, porque r\u00e1pidamente regresar\u00e1 al ba\u00fal de la invisibilidad escondido bajo el arco\u00edris de campe\u00f3n del mundo que <a href=\"https:\/\/elpais.com\/deportes\/ciclismo\/2025-09-28\/tadej-pogacar-se-exhibe-en-ruanda-y-reedita-la-victoria-en-el-mundial-de-ciclismo.html\" target=\"_self\" rel=\"nofollow noopener\" title=\"https:\/\/elpais.com\/deportes\/ciclismo\/2025-09-28\/tadej-pogacar-se-exhibe-en-ruanda-y-reedita-la-victoria-en-el-mundial-de-ciclismo.html\">el esloveno, de 27 a\u00f1os, se trajo al continente hace una semana de Kigali (Ruanda) <\/a>y con el que gan\u00f3 este domingo, solo, como siempre, all\u00ed donde el Ard\u00e8che muere en el R\u00f3dano, junto a Valence, sureste del hex\u00e1gono. <\/p>\n<p class=\"\">La simplicidad con la que derrota a grandes rivales convierte a sus victorias en un designio del destino ineluctable. Analiza el entorno \u2013uy, cu\u00e1ntos belgas con ganas de hacerme da\u00f1o para que gane su <a href=\"https:\/\/elpais.com\/deportes\/ciclismo\/2025-10-01\/remco-evenepoel-y-paula-ostiz-taco-de-oro-entre-los-gigantes-de-la-contrarreloj.html\" target=\"_self\" rel=\"nofollow noopener\" title=\"https:\/\/elpais.com\/deportes\/ciclismo\/2025-10-01\/remco-evenepoel-y-paula-ostiz-taco-de-oro-entre-los-gigantes-de-la-contrarreloj.html\">Remco Evenepoel, <\/a>y yo qu\u00e9 solo, ya no quedan verdes (color esloveno) conmigo&#8211;, comprueba que est\u00e1n subiendo un puerto \u2013Saint Romain de Lerps, 7,1kms al 7%&#8211;, mira el cuentakil\u00f3metros \u2013bah, solo quedan 76 kil\u00f3metros,100 minutos de soledad&#8211;, mueve los hombros de lado a lado, las manos en el exterior de su manillar mariposa de 377 mil\u00edmetros de ancho, tan aerodin\u00e1mico y ligero, el culo bien pegado en el sill\u00edn y acelera. Una piedra en un estanque que agita el pelot\u00f3n y lo disuelve. Le siguen los habituales Remco Evenepoel y Juan Ayuso, que, como en Kigali vuelven a quemarse, y dos nuevos, el oportunista italiano Christian Scaroni, y el prodigio lusogalo Paul Seixas, de 19 a\u00f1os, de quien toda Francia est\u00e1 enamorada, y construyen castillos de aire a su alrededor. Jonas Vingegaard, que volv\u00eda a competir despu\u00e9s de ganar la Vuelta hace dos semanas, y llegaba voceando ambiciones, se hab\u00eda retirado ya.<\/p>\n<p class=\"\">Y durante unos kil\u00f3metros en el \u00faltimo circuito, marcado por las dolorosas cuestas del Valle del Infierno y Costebelle, la ilusi\u00f3n de un final diferente al desolador de Kigali, ilumin\u00f3 el cerebelo de Evenepoel y Ayuso, que colaboran, se relevan, persiguen, se acercan. Casi le tocan al esloveno de arco\u00edris, y le ven cerca, a 20s, y sucumben. \u201cSolo tir\u00e1bamos Remco y yo, no entiendo al italiano y al franc\u00e9s, que no colaboraban\u201d, se lamenta Ayuso. \u201cLe tuvimos cerqu\u00edsima. Le podr\u00edamos haber alcanzado. Yo lo di todo. Cuando Remco se cans\u00f3 de ir en grupo y atac\u00f3 para irse solo, yo ya no pod\u00eda m\u00e1s\u201d.<\/p>\n<p class=\"\">Como Pogacar, Evenepoel, casco de oro de campe\u00f3n ol\u00edmpico, bicicleta tambi\u00e9n dorada, es un jinete solitario que sufre en el pelot\u00f3n. A 43 kil\u00f3metros de la meta, despu\u00e9s de ver c\u00f3mo el director de los franceses, Thomas Voeckler, aquel electr\u00f3n libre e individual, le dice a Seixas que ni se le ocurra colaborar, que guarde fuerzas para luchar por una medalla, el belga ataca en el Valle del Infierno. Pogacar est\u00e1 ya a m\u00e1s de un minuto. Persigue solo como persigui\u00f3 en Kigali, sin m\u00e1s esperanza que la de calmar su rabia que la plata no colma. Seixas, oportuno, espera a la \u00faltima subida al Infierno, a seis de la llegada, para matar a Scaroni y Ayuso. Gana el bronce y los laureles del futuro. Ayuso, deshecho, termina sexto. <\/p>\n<p class=\"\">\u201cUn t\u00edtulo m\u00e1s\u201d, dice el esloveno, cuya vida se cuenta como un camino de acumulaci\u00f3n. Primera participaci\u00f3n en un Europeo, un peque\u00f1o entrem\u00e9s que suma a dos Mundiales, cuatro Lombard\u00edas, tres Liejas, dos Flandes, cuatro Tours, un Giro. Pogacar dice por la tele que claro que le quedan por ganar m\u00e1s coas porque cada a\u00f1o quiere ser mejor que el anterior, pero no las cita para no abusar. Se sabe que esta semana que empieza le esperan dos nuevas victorias, en los Tres Valles Varesinos y en su querido Giro de Lombard\u00eda, para acabar la temporada con 20 triunfos (cinco menos que en 2024, pero no est\u00e1 nada mal dado su valor, n\u00fameros de sprinter para un hombre de todos los terrenos: Mundial, Europeo, Tour, Dauphin\u00e9, Lieja, Flecha, Flandes, Strade, entre ellas, y cerrar\u00e1 el a\u00f1o con solo 50 d\u00edas de competici\u00f3n), que son 108 en los 375 d\u00edas de competici\u00f3n (una victoria cada tres d\u00edas y medio) en las siete temporadas que lleva en el WorldTour.<\/p>\n","protected":false},"excerpt":{"rendered":"El Campeonato de Europa, que acaba de cumplir solo 10 a\u00f1os en el calendario, seguir\u00eda siendo una carrera&hellip;\n","protected":false},"author":2,"featured_media":158304,"comment_status":"","ping_status":"","sticky":false,"template":"","format":"standard","meta":{"footnotes":""},"categories":[93],"tags":[17702,2839,313,2838,1540,168,927,25,24,549,7618,23,167],"class_list":{"0":"post-158303","1":"post","2":"type-post","3":"status-publish","4":"format-standard","5":"has-post-thumbnail","7":"category-deportes","8":"tag-campeonato-europa","9":"tag-carreras-ciclistas","10":"tag-ciclismo","11":"tag-ciclistas","12":"tag-competiciones","13":"tag-deportes","14":"tag-deportistas","15":"tag-es","16":"tag-espana","17":"tag-pogacar","18":"tag-remco-evenepoel","19":"tag-spain","20":"tag-sports"},"share_on_mastodon":{"url":"","error":""},"_links":{"self":[{"href":"https:\/\/www.europesays.com\/es\/wp-json\/wp\/v2\/posts\/158303","targetHints":{"allow":["GET"]}}],"collection":[{"href":"https:\/\/www.europesays.com\/es\/wp-json\/wp\/v2\/posts"}],"about":[{"href":"https:\/\/www.europesays.com\/es\/wp-json\/wp\/v2\/types\/post"}],"author":[{"embeddable":true,"href":"https:\/\/www.europesays.com\/es\/wp-json\/wp\/v2\/users\/2"}],"replies":[{"embeddable":true,"href":"https:\/\/www.europesays.com\/es\/wp-json\/wp\/v2\/comments?post=158303"}],"version-history":[{"count":0,"href":"https:\/\/www.europesays.com\/es\/wp-json\/wp\/v2\/posts\/158303\/revisions"}],"wp:featuredmedia":[{"embeddable":true,"href":"https:\/\/www.europesays.com\/es\/wp-json\/wp\/v2\/media\/158304"}],"wp:attachment":[{"href":"https:\/\/www.europesays.com\/es\/wp-json\/wp\/v2\/media?parent=158303"}],"wp:term":[{"taxonomy":"category","embeddable":true,"href":"https:\/\/www.europesays.com\/es\/wp-json\/wp\/v2\/categories?post=158303"},{"taxonomy":"post_tag","embeddable":true,"href":"https:\/\/www.europesays.com\/es\/wp-json\/wp\/v2\/tags?post=158303"}],"curies":[{"name":"wp","href":"https:\/\/api.w.org\/{rel}","templated":true}]}}