{"id":158314,"date":"2025-10-05T18:42:12","date_gmt":"2025-10-05T18:42:12","guid":{"rendered":"https:\/\/www.europesays.com\/es\/158314\/"},"modified":"2025-10-05T18:42:12","modified_gmt":"2025-10-05T18:42:12","slug":"ada-colau-y-jordi-coronas-en-el-grupo","status":"publish","type":"post","link":"https:\/\/www.europesays.com\/es\/158314\/","title":{"rendered":"Ada Colau y Jordi Coronas, en el grupo"},"content":{"rendered":"<p>05\/10\/2025<br \/>\n<br \/><strong><br \/>\nActualizado a las 12:46h.<br \/>\n<\/strong><\/p>\n<p class=\"voc-p\" style=\"\">El ministro de Asuntos Exteriores, Uni\u00f3n Europea y Cooperaci\u00f3n, <a href=\"https:\/\/www.abc.es\/internacional\/flotilla-ayuda-gaza-llega-zona-alto-riesgo-20251001192450-nt.html\" target=\"_self\" data-voc-vtm-id=\"in-text-traffic\" title=\"Jos\u00e9 Manuel Albares\" rel=\"nofollow noopener\">Jos\u00e9 Manuel Albares<\/a>, ha anunciado que \u00absi nada se tuerce\u00bb un grupo de 21 espa\u00f1oles que formaban parte de <a href=\"https:\/\/www.abc.es\/internacional\/israel-trata-activistas-flotilla-terroristas-deportarlos-paises-20251003215246-nt.html\" target=\"_self\" data-voc-vtm-id=\"in-text-traffic\" title=\"la Flotilla retenidos en Israel\" rel=\"nofollow noopener\">la Flotilla retenidos en Israel<\/a> abandonar\u00e1n Tel Aviv este domingo para llegar a Espa\u00f1a \u00aba lo largo del d\u00eda de hoy\u00bb.<\/p>\n<p class=\"voc-p\" style=\"\">\u00abDesde el Ministerio de Asuntos Exteriores hemos ya organizado todo para que hoy mismo puedan volar desde <a href=\"https:\/\/www.abc.es\/internacional\/guerra-rehenes-israel-historial-7000-prisioneros-palestinos-20250124225741-nt.html\" target=\"_self\" data-voc-vtm-id=\"in-text-traffic\" title=\"Tel Aviv\" rel=\"nofollow noopener\">Tel Aviv<\/a>. Tenemos el acuerdo de las autoridades israel\u00edes y, si nada se tuerce, hoy mismo, a lo largo del d\u00eda, llegar\u00edan a <a href=\"https:\/\/www.abc.es\/espana\/madrid-manifiesta-apoyo-palestina-guerra-genocidio-20251004182451-nt.html\" target=\"_self\" data-voc-vtm-id=\"in-text-traffic\" title=\"Espa\u00f1a\" rel=\"nofollow noopener\">Espa\u00f1a<\/a> el primer grupo de 21 espa\u00f1oles y espa\u00f1olas de los 49 en total que, en estos momentos, tenemos en nuestra lista\u00bb, ha afirmado el ministro en declaraciones al Canal 24 Horas de RTVE.<\/p>\n<p class=\"voc-p\" style=\"\">Estos 21 espa\u00f1oles, seg\u00fan ha explicado Albares, han accedido a firmar un documento en el que reconocen <strong>haber entrado de manera ilegal a Israel<\/strong>, lo que permite \u00abuna salida muy r\u00e1pida\u00bb. \u00abEsa retenci\u00f3n por parte de Israel tiene que terminar inmediatamente y sus derechos tienen que estar respetados y su integridad f\u00edsica garantizada\u00bb, ha declarado.<\/p>\n<p class=\"voc-p\" style=\"\">El ministro se ha mostrado prudente y ha recalcado que hasta que no est\u00e9n en el avi\u00f3n los 21 espa\u00f1oles no se puede \u00abconfirmar al 100%\u00bb. \u00abTodo apunta a que s\u00ed tenemos el ok de las autoridades israel\u00edes. <strong>Esperemos que no se malogre nada en el \u00faltimo momento<\/strong> y no ocurra ning\u00fan contratiempo\u00bb, ha indicado.<\/p>\n<p class=\"voc-p\" style=\"\">Albares ha desvelado que el c\u00f3nsul espa\u00f1ol en Tel Aviv lleva varias horas en el centro donde est\u00e1n los espa\u00f1oles y que tiene la orden de \u00abvolver cada d\u00eda hasta que el \u00faltimo est\u00e9 en libertad\u00bb.<\/p>\n<p class=\"voc-p\" style=\"\">\u00abLe he solicitado al c\u00f3nsul que verifique que se les provee de agua, de alimentos y que se encuentran bien de salud. Hemos trasladado tambi\u00e9n con claridad cu\u00e1les de esos ciudadanos son parlamentarios espa\u00f1oles y por lo tanto tienen <strong>unas garant\u00edas y unas inmunidades que son superiores<\/strong>\u00bb, ha manifestado.<\/p>\n<p class=\"voc-p\" style=\"\">En este sentido, ha a\u00f1adido que todos los espa\u00f1oles reciben la misma atenci\u00f3n y ha repetido que las instrucciones del c\u00f3nsul es que se entreviste con el mayor n\u00famero de espa\u00f1oles. \u00abTambi\u00e9n se est\u00e1 trasladando cualquier situaci\u00f3n m\u00e9dica que se pueda dar con ellos\u00bb, ha se\u00f1alado.<\/p>\n<p class=\"voc-p\" style=\"\">\u00abVamos a verificar d\u00eda a d\u00eda que reciben alimentos, agua potable y atenci\u00f3n sanitaria. Vamos a darles toda la protecci\u00f3n diplom\u00e1tica y consular y exigir que salgan lo antes posible y desde luego cuentan con todo el apoyo del gobierno de Espa\u00f1a para ello\u00bb, ha remarcado.<\/p>\n<p class=\"voc-p\" style=\"\">No obstante, no ha desvelado muchos detalles del viaje por derecho a la privacidad de los retenidos y de sus familias. \u00abSer\u00e1n ellos los que trasladen lo que quieran una vez que salgan\u00bb, ha avanzado. Posteriormente, ha afirmado que el c\u00f3nsul le traslad\u00f3 en el primer encuentro que <strong>se encontraban bien los espa\u00f1oles<\/strong>. \u00abVeremos ahora cu\u00e1ndo salgan y nos puedan contar de primera mano\u00bb, ha indicado.<\/p>\n<p class=\"voc-p\" style=\"\">Por \u00faltimo, se ha dirigido a los espa\u00f1oles que est\u00e9n en una Flotilla y ha recalcado que aquellos que est\u00e9n ejerciendo su \u00abderecho de libre navegaci\u00f3n\u00bb tienen toda la protecci\u00f3n diplom\u00e1tica y consular del Gobierno.<\/p>\n<p>\nConvocatoria en Barajas\n<\/p>\n<p class=\"voc-p\" style=\"\">El eurodiputado de los Comuns Jaume Asens ha convocado a recibir a los 21 espa\u00f1oles de la Flotilla que volver\u00e1n este domingo a Madrid. Ha pedido acompa\u00f1ar la llegada de este grupo de integrantes de la Flotilla a las 20.00 en el Aeropuerto de Barajas, a trav\u00e9s de un mensaje en Instagram recogido por Europa Press y en el que incluye una foto de la exalcaldesa de Barcelona, Ada Colau.<\/p>\n<p class=\"voc-p\" style=\"\"> Adem\u00e1s, seg\u00fan ha informado ERC, el concejal del partido en el Ayuntamiento de Barcelona Jordi Coronas, que capitaneaba uno de los barcos de la Flotilla, es parte del grupo de 21 personas que volver\u00e1n este domingo.<\/p>\n<p>Reportar un error<\/p>\n","protected":false},"excerpt":{"rendered":"05\/10\/2025 Actualizado a las 12:46h. El ministro de Asuntos Exteriores, Uni\u00f3n Europea y Cooperaci\u00f3n, Jos\u00e9 Manuel Albares, ha&hellip;\n","protected":false},"author":2,"featured_media":158315,"comment_status":"","ping_status":"","sticky":false,"template":"","format":"standard","meta":{"footnotes":""},"categories":[8],"tags":[17,18,1053,25,24,11907,13,14,9144,100,11,74,19,20,660,9,10,15,16,977,15023,23,12,21,22],"class_list":{"0":"post-158314","1":"post","2":"type-post","3":"status-publish","4":"format-standard","5":"has-post-thumbnail","7":"category-espana","8":"tag-breaking-news","9":"tag-breakingnews","10":"tag-domingo","11":"tag-es","12":"tag-espana","13":"tag-espanoles","14":"tag-featured-news","15":"tag-featurednews","16":"tag-flotilla","17":"tag-grupo","18":"tag-headlines","19":"tag-israel","20":"tag-latest-news","21":"tag-latestnews","22":"tag-llegar","23":"tag-news","24":"tag-noticias","25":"tag-noticias-destacadas","26":"tag-noticiasdestacadas","27":"tag-primer","28":"tag-saldran","29":"tag-spain","30":"tag-titulares","31":"tag-ultimas-noticias","32":"tag-ultimasnoticias"},"share_on_mastodon":{"url":"","error":""},"_links":{"self":[{"href":"https:\/\/www.europesays.com\/es\/wp-json\/wp\/v2\/posts\/158314","targetHints":{"allow":["GET"]}}],"collection":[{"href":"https:\/\/www.europesays.com\/es\/wp-json\/wp\/v2\/posts"}],"about":[{"href":"https:\/\/www.europesays.com\/es\/wp-json\/wp\/v2\/types\/post"}],"author":[{"embeddable":true,"href":"https:\/\/www.europesays.com\/es\/wp-json\/wp\/v2\/users\/2"}],"replies":[{"embeddable":true,"href":"https:\/\/www.europesays.com\/es\/wp-json\/wp\/v2\/comments?post=158314"}],"version-history":[{"count":0,"href":"https:\/\/www.europesays.com\/es\/wp-json\/wp\/v2\/posts\/158314\/revisions"}],"wp:featuredmedia":[{"embeddable":true,"href":"https:\/\/www.europesays.com\/es\/wp-json\/wp\/v2\/media\/158315"}],"wp:attachment":[{"href":"https:\/\/www.europesays.com\/es\/wp-json\/wp\/v2\/media?parent=158314"}],"wp:term":[{"taxonomy":"category","embeddable":true,"href":"https:\/\/www.europesays.com\/es\/wp-json\/wp\/v2\/categories?post=158314"},{"taxonomy":"post_tag","embeddable":true,"href":"https:\/\/www.europesays.com\/es\/wp-json\/wp\/v2\/tags?post=158314"}],"curies":[{"name":"wp","href":"https:\/\/api.w.org\/{rel}","templated":true}]}}